{"id":96,"date":"2016-09-20T08:53:14","date_gmt":"2016-09-20T06:53:14","guid":{"rendered":"http:\/\/www.farnostrana.cz\/?p=96"},"modified":"2016-09-20T08:53:14","modified_gmt":"2016-09-20T06:53:14","slug":"zapis-jednani-pastoracni-rady-farnosti-rana-dne-9-9-2016","status":"publish","type":"post","link":"https:\/\/www.farnostrana.cz\/?p=96","title":{"rendered":"Z\u00e1pis jedn\u00e1n\u00ed Pastora\u010dn\u00ed rady farnosti Ran\u00e1 dne 9. 9. 2016"},"content":{"rendered":"<p>P\u0159\u00edtomn\u00ed: Ond\u0159ej Matula, V\u00e1clav Pavli\u0161, Jan Ad\u00e1mek, Eva Bro\u017ekov\u00e1, Petr Sodomka, Jaroslav Kyncl<br \/>\nNep\u0159\u00edtomn\u00ed: Jaroslav Novotn\u00fd, Klenka Kr\u00e1tk\u00e1, Al\u017eb\u011bta Dole\u017ealov\u00e1<\/p>\n<ol>\n<li>Modlitba: Byla<\/li>\n<li>Potvrzen\u00ed st\u00e1vaj\u00edc\u00edch \u010dlen\u016f rady<br \/>\nMatula potvrdil st\u00e1vaj\u00edc\u00ed \u010dleny past. rady i pro dal\u0161\u00ed obdob\u00ed.<\/li>\n<\/ol>\n<ol start=\"3\" type=\"1\">\n<li>Ohl\u00e9dnut\u00ed za uplynul\u00fdm obdob\u00edm<\/li>\n<\/ol>\n<p>Kv\u011bten \u2013 pou\u0165 rodin, Diecezn\u00ed setk\u00e1n\u00ed ml\u00e1de\u017ee, setk\u00e1n\u00ed ministrant\u016f, Bo\u017e\u00ed t\u011blo, Ror\u00e1ty- sobota 10.12 &#8211; 7.00, 8. 12. &#8211; 6.00, Mikul\u00e1\u0161 &#8211; ned\u011ble 5. 12 \u2013 po m\u0161i sv., duchovn\u00ed obnovy mu\u017ei (Jen\u00edkov &#8211; Bro\u017ekovi), \u017eeny (Rokole), Ml\u00e1de\u017e v\u00a0Krakov\u011b, D\u011btsk\u00fd m t\u00e1bor, Skautsk\u00fd t\u00e1bor,<\/p>\n<p>&nbsp;<\/p>\n<ol start=\"4\" type=\"1\">\n<li>D\u011btsk\u00e9 m\u0161e:<br \/>\nk\u00e1z\u00e1n\u00ed \u00a0+ kreslen\u00ed-deska (n\u00e1st\u011bnka) pap\u00edry, pastelky, k\u00e1non-nic nov\u00e9ho, hudba \u2013 d\u011btsk\u00e9 ordin\u00e1rium, p\u0159\u00edmluvy d\u011bti-p\u0159\u00ed\u0161t\u011b, na Ot\u010den\u00e1\u0161 za ruce-ANO<\/li>\n<\/ol>\n<ol start=\"5\" type=\"1\">\n<li>Svatov\u00e1clavsk\u00fd ples 1. 10. \u2013 organizace<\/li>\n<\/ol>\n<p>Pozvat &#8211; Skute\u010d, Krouna, Kameni\u010dky, Hlinsko, Chrast, Lu\u017ee, Prose\u010d<\/p>\n<p>Plak\u00e1ty \u2013 cena 70, tombolu nepsat.<\/p>\n<p>Zd\u016fvodnit ples &#8211;\u00a0 plat\u00ed se z\u00a0toho akce nejen pro d\u011bti.<\/p>\n<p>Ohl\u00e1sit tombolu, slu\u017eby &#8211; hl\u00e1sit se u Jaroslava Kyncla st.<\/p>\n<ol start=\"5\" type=\"1\">\n<li>Adorace 1. st\u0159edu v\u00a0m\u011bs\u00edci od 20 h \u2013 pomohl by svoz?<br \/>\nBudou. 20.00-21.00 Spole\u010dn\u00fd za\u010d\u00e1tek a zakon\u010den\u00ed, mo\u017en\u00e9 p\u0159ij\u00edt kdykoliv v\u00a0pr\u016fb\u011bhu, Nab\u00eddnout svoz.<\/li>\n<\/ol>\n<ol start=\"6\" type=\"1\">\n<li>Ministranti \u2013 \u0161kolen\u00ed v\u00a0N\u00ed\u017ekov dva v\u00edkendy &#8211; informativn\u011b<br \/>\nMo\u017enost ministrantsk\u00fdch sch\u016fzek &#8211; mlad\u0161\u00ed<\/li>\n<\/ol>\n<ol start=\"7\" type=\"1\">\n<li>Spole\u010denstv\u00ed \u2013 jak\u00e1 jsou, vznik nov\u00fdch? Ml\u00e1de\u017e?<br \/>\nModlitby matek<br \/>\nMan\u017eel\u00e9 \u2013 se Skut\u010d\u00ed<\/li>\n<\/ol>\n<ol start=\"8\" type=\"1\">\n<li>\u017div\u00fd r\u016f\u017eenec \u2013 je? R\u016f\u017eenec p\u0159ede m\u0161\u00ed- kdo vede?<br \/>\nPosp\u00ed\u0161ilov\u00e1 &#8211; Vojt\u011bchov<\/li>\n<\/ol>\n<ol start=\"9\" type=\"1\">\n<li>Nemocn\u00ed \u2013 nikdo z\u00a0Holet\u00edna a Kladna \u2013 nezapomn\u011bli jsme na n\u011bkoho?<br \/>\nKladno \u2013 Zrzav\u00ed<br \/>\nHolet\u00edn \u2013 informace Kalousov\u00e1<\/li>\n<\/ol>\n<ol start=\"10\" type=\"1\">\n<li>Zimn\u00ed univerzita: C\u00edrkevn\u00ed d\u011bjiny, Soci\u00e1ln\u00ed nauka c\u00edrkve, P\u00edsmo, Migrace, Isl\u00e1m\u2026 Kdy?<br \/>\nOb\u010das \u2013 3x po sob\u011b<\/li>\n<\/ol>\n<ol start=\"11\" type=\"1\">\n<li>Komunitn\u00ed centrum \u201eStodola\u201c<\/li>\n<li>Ekumenick\u00e1 bohoslu\u017eba \u2013 v\u00a0lednu -far\u00e1\u0159ka \u010cejkov\u00e1 &#8211; Hlinsko<\/li>\n<li>T\u00e1bor<br \/>\nTrst\u011bnice\u2013 term\u00edn? 29. 7. &#8211; 5. 8.\u00a0 nebo 5. 8. \u2013 12. 8.- vyhovuje v\u00edce, domluvit se s\u00a0Mari\u00ed Adamkovou<\/li>\n<li>Web str\u00e1nky<br \/>\nza\u0159\u00eddit \u2013Sodomka<\/li>\n<\/ol>\n","protected":false},"excerpt":{"rendered":"<p>P\u0159\u00edtomn\u00ed: Ond\u0159ej Matula, V\u00e1clav Pavli\u0161, Jan Ad\u00e1mek, Eva Bro\u017ekov\u00e1, Petr Sodomka, Jaroslav Kyncl Nep\u0159\u00edtomn\u00ed: Jaroslav Novotn\u00fd, Klenka Kr\u00e1tk\u00e1, Al\u017eb\u011bta Dole\u017ealov\u00e1 Modlitba: Byla Potvrzen\u00ed st\u00e1vaj\u00edc\u00edch \u010dlen\u016f rady Matula potvrdil st\u00e1vaj\u00edc\u00ed \u010dleny past. rady i pro dal\u0161\u00ed obdob\u00ed. Ohl\u00e9dnut\u00ed za uplynul\u00fdm obdob\u00edm <a class=\"more-link\" href=\"https:\/\/www.farnostrana.cz\/?p=96\">Cel\u00fd \u010dl\u00e1nek  <span class=\"screen-reader-text\">  Z\u00e1pis jedn\u00e1n\u00ed Pastora\u010dn\u00ed rady farnosti Ran\u00e1 dne 9. 9. 2016<\/span><span class=\"meta-nav\">&rarr;<\/span><\/a><\/p>\n","protected":false},"author":1,"featured_media":0,"comment_status":"closed","ping_status":"open","sticky":false,"template":"","format":"standard","meta":{"_monsterinsights_skip_tracking":false,"_monsterinsights_sitenote_active":false,"_monsterinsights_sitenote_note":"","_monsterinsights_sitenote_category":0,"footnotes":""},"categories":[4],"tags":[],"class_list":["post-96","post","type-post","status-publish","format-standard","hentry","category-pastoracni-a-ekonomicka-rada-farnosti"],"_links":{"self":[{"href":"https:\/\/www.farnostrana.cz\/index.php?rest_route=\/wp\/v2\/posts\/96","targetHints":{"allow":["GET"]}}],"collection":[{"href":"https:\/\/www.farnostrana.cz\/index.php?rest_route=\/wp\/v2\/posts"}],"about":[{"href":"https:\/\/www.farnostrana.cz\/index.php?rest_route=\/wp\/v2\/types\/post"}],"author":[{"embeddable":true,"href":"https:\/\/www.farnostrana.cz\/index.php?rest_route=\/wp\/v2\/users\/1"}],"replies":[{"embeddable":true,"href":"https:\/\/www.farnostrana.cz\/index.php?rest_route=%2Fwp%2Fv2%2Fcomments&post=96"}],"version-history":[{"count":1,"href":"https:\/\/www.farnostrana.cz\/index.php?rest_route=\/wp\/v2\/posts\/96\/revisions"}],"predecessor-version":[{"id":97,"href":"https:\/\/www.farnostrana.cz\/index.php?rest_route=\/wp\/v2\/posts\/96\/revisions\/97"}],"wp:attachment":[{"href":"https:\/\/www.farnostrana.cz\/index.php?rest_route=%2Fwp%2Fv2%2Fmedia&parent=96"}],"wp:term":[{"taxonomy":"category","embeddable":true,"href":"https:\/\/www.farnostrana.cz\/index.php?rest_route=%2Fwp%2Fv2%2Fcategories&post=96"},{"taxonomy":"post_tag","embeddable":true,"href":"https:\/\/www.farnostrana.cz\/index.php?rest_route=%2Fwp%2Fv2%2Ftags&post=96"}],"curies":[{"name":"wp","href":"https:\/\/api.w.org\/{rel}","templated":true}]}}