{"id":945,"date":"2020-04-18T22:40:41","date_gmt":"2020-04-18T20:40:41","guid":{"rendered":"https:\/\/www.farnostrana.cz\/?p=945"},"modified":"2020-04-18T22:40:42","modified_gmt":"2020-04-18T20:40:42","slug":"ohlasky-2-nedele-velikonocni-19-4-2020","status":"publish","type":"post","link":"https:\/\/www.farnostrana.cz\/?p=945","title":{"rendered":"Ohl\u00e1\u0161ky &#8211; 2. ned\u011ble velikono\u010dn\u00ed 19.4.2020"},"content":{"rendered":"\n<ul class=\"wp-block-list\"><li><strong>M\u0161e svat\u00e9:<\/strong> v\np\u00e1tek v&nbsp;18 h, v&nbsp;ned\u011bli v&nbsp;9:30 h bez \u00fa\u010dasti ve\u0159ejnosti, m\u016f\u017eete\nsledovat internetov\u00fd p\u0159enos na na\u0161ich FCB str\u00e1nk\u00e1ch <a href=\"http:\/\/www.facebook.com\/farnostrana\">www.facebook.com\/farnostrana<\/a>. <strong>Od\n27.4. bude povoleno 15 \u00fa\u010dastn\u00edk\u016f<\/strong> -tato m\u00edsta rezervujeme <strong>pro rodinu,\nkter\u00e1 si zadala intenci<\/strong> na tu konkr\u00e9tn\u00ed m\u0161i svatou.<\/li><li><strong>D\u011bkuji <\/strong>v\u0161em, kdo uklidili a p\u0159ipravili\nkostel na velikonoce!<\/li><li><strong>Modlitby za d\u00e9\u0161\u0165:<\/strong> op\u011bt m\u00e1me\nsucho, pros\u00edm p\u0159ipojte se k&nbsp;modlitb\u00e1m za d\u00e9\u0161\u0165. Vloni jsme se spole\u010dn\u011b\nmodlili na kopci u D\u011bdov\u00e9, letos mus\u00edme ka\u017ed\u00fd s\u00e1m, a\u0165 u\u017e tam nebo kdekoliv\njinde. Text modlitby najdete na v\u00fdv\u011bsce, na na\u0161em webu.<\/li><li><strong>Farn\u00ed t\u00e1bor pro d\u011bti: term\u00edn ned\u011ble\n26.7. \u2013 p\u00e1tek 31.7.2020<\/strong>. Vzhledem k&nbsp;nejist\u00e9 situaci vol\u00edme op\u011bt\nKC Ran\u00e1, av\u0161ak nov\u00ed vedouc\u00ed a nov\u00fd program. P\u0159ihl\u00e1\u0161ky po\u0161leme rodi\u010d\u016fm d\u011bt\u00ed\nv&nbsp;nejbli\u017e\u0161\u00ed dob\u011b.<\/li><li><strong>Sb\u00edrky<\/strong> se konat\nnebudou. Kdo by cht\u011bl, m\u016f\u017ee p\u0159\u00edsp\u011bvek na farnost don\u00e9st na faru nebo poslat na\nfarn\u00ed \u00fa\u010det: 1143545379\/0800.<\/li><li><strong>Komunitn\u00ed centrum P.F.X.Mimry: <\/strong>RU\u0160\u00cd se v\u0161echny\nakce do odvol\u00e1n\u00ed<strong>. <\/strong><\/li><li><strong>Katolick\u00fd t\u00fdden\u00edk<\/strong>: Nen\u00ed \u010das na sobectv\u00ed; T\u00e9ma:Veden\u00ed v c\u00edrkvi; Perspektivy: K\u0159es\u0165anstv\u00ed\nv&nbsp;\u010dase nemoci; rozhovor s&nbsp;P. Noelem Chouxem; Doma: Radujte se. <strong>INFO<\/strong>:\npo dobu mimo\u0159\u00e1dn\u00fdch vl\u00e1dn\u00edch opat\u0159en\u00ed je <strong>KT zdarma<\/strong> ke sta\u017een\u00ed na <a href=\"http:\/\/www.katyd.cz\">www.katyd.cz<\/a> <\/li><\/ul>\n\n\n\n<p><strong>Rozpis pod\u00e1v\u00e1n\u00ed svat\u00e9ho p\u0159ij\u00edm\u00e1n\u00ed v&nbsp;obc\u00edch farnosti Ran\u00e1 v ned\u011bli<\/strong><\/p>\n\n\n\n<figure class=\"wp-block-table\"><table class=\"\"><tbody><tr><td>\n  Ran\u00e1, kostel\n  <\/td><td>\n  Vojt\u011bchov\n  <\/td><td>\n  Kladno Jehli\u010dkovi\n  <\/td><td>\n  Old\u0159etice Novotn\u00ed\n  <\/td><td>\n  Pok\u0159ikov Sodomka\n  <\/td><td>\n  Mr\u00e1kot\u00edn \n  <\/td><td>\n  Holet\u00edn \n  <\/td><td>\n  <strong>&nbsp;<\/strong>\n  <\/td><\/tr><tr><td>10-10:30<\/td><td>\n  na Ranou\n  <\/td><td>10:30-11   <\/td><td>10\u201310:30   <\/td><td>\n  10:30\n  <\/td><td>\n  na Ranou\n  <\/td><td>\n  na Ranou\n  <\/td><td>\n  <strong>&nbsp;<\/strong>\n  <\/td><\/tr><\/tbody><\/table><\/figure>\n","protected":false},"excerpt":{"rendered":"<p>M\u0161e svat\u00e9: v p\u00e1tek v&nbsp;18 h, v&nbsp;ned\u011bli v&nbsp;9:30 h bez \u00fa\u010dasti ve\u0159ejnosti, m\u016f\u017eete sledovat internetov\u00fd p\u0159enos na na\u0161ich FCB str\u00e1nk\u00e1ch www.facebook.com\/farnostrana. Od 27.4. bude povoleno 15 \u00fa\u010dastn\u00edk\u016f -tato m\u00edsta rezervujeme pro rodinu, kter\u00e1 si zadala intenci na tu konkr\u00e9tn\u00ed m\u0161i <a class=\"more-link\" href=\"https:\/\/www.farnostrana.cz\/?p=945\">Cel\u00fd \u010dl\u00e1nek  <span class=\"screen-reader-text\">  Ohl\u00e1\u0161ky &#8211; 2. ned\u011ble velikono\u010dn\u00ed 19.4.2020<\/span><span class=\"meta-nav\">&rarr;<\/span><\/a><\/p>\n","protected":false},"author":1,"featured_media":0,"comment_status":"closed","ping_status":"open","sticky":false,"template":"","format":"standard","meta":{"_monsterinsights_skip_tracking":false,"_monsterinsights_sitenote_active":false,"_monsterinsights_sitenote_note":"","_monsterinsights_sitenote_category":0,"footnotes":""},"categories":[3],"tags":[],"class_list":["post-945","post","type-post","status-publish","format-standard","hentry","category-ohlasky"],"_links":{"self":[{"href":"https:\/\/www.farnostrana.cz\/index.php?rest_route=\/wp\/v2\/posts\/945","targetHints":{"allow":["GET"]}}],"collection":[{"href":"https:\/\/www.farnostrana.cz\/index.php?rest_route=\/wp\/v2\/posts"}],"about":[{"href":"https:\/\/www.farnostrana.cz\/index.php?rest_route=\/wp\/v2\/types\/post"}],"author":[{"embeddable":true,"href":"https:\/\/www.farnostrana.cz\/index.php?rest_route=\/wp\/v2\/users\/1"}],"replies":[{"embeddable":true,"href":"https:\/\/www.farnostrana.cz\/index.php?rest_route=%2Fwp%2Fv2%2Fcomments&post=945"}],"version-history":[{"count":1,"href":"https:\/\/www.farnostrana.cz\/index.php?rest_route=\/wp\/v2\/posts\/945\/revisions"}],"predecessor-version":[{"id":946,"href":"https:\/\/www.farnostrana.cz\/index.php?rest_route=\/wp\/v2\/posts\/945\/revisions\/946"}],"wp:attachment":[{"href":"https:\/\/www.farnostrana.cz\/index.php?rest_route=%2Fwp%2Fv2%2Fmedia&parent=945"}],"wp:term":[{"taxonomy":"category","embeddable":true,"href":"https:\/\/www.farnostrana.cz\/index.php?rest_route=%2Fwp%2Fv2%2Fcategories&post=945"},{"taxonomy":"post_tag","embeddable":true,"href":"https:\/\/www.farnostrana.cz\/index.php?rest_route=%2Fwp%2Fv2%2Ftags&post=945"}],"curies":[{"name":"wp","href":"https:\/\/api.w.org\/{rel}","templated":true}]}}