{"id":941,"date":"2020-04-11T23:30:10","date_gmt":"2020-04-11T21:30:10","guid":{"rendered":"https:\/\/www.farnostrana.cz\/?p=941"},"modified":"2020-04-11T23:30:12","modified_gmt":"2020-04-11T21:30:12","slug":"modlitba-v-dobe-sucha","status":"publish","type":"post","link":"https:\/\/www.farnostrana.cz\/?p=941","title":{"rendered":"Modlitba v dob\u011b sucha"},"content":{"rendered":"\n<p>M<strong>otto (\u017dl 135,5-7)<\/strong><\/p>\n\n\n\n<p>J\u00e1 p\u0159ec v\u00edm, \u017ee Hospodin je velk\u00fd, n\u00e1\u0161\nP\u00e1n je nade v\u0161echny bohy.<\/p>\n\n\n\n<p>V\u0161echno, co Hospodin chce, to \u010din\u00ed<\/p>\n\n\n\n<p>na nebes\u00edch i na zemi, v mo\u0159\u00edch i ve\nv\u0161ech propastn\u00fdch t\u016fn\u00edch.<\/p>\n\n\n\n<p>P\u0159iv\u00e1d\u00ed mlhu od kon\u010din zem\u011b, d\u00e9\u0161\u0165\nprov\u00e1z\u00ed blesky, ze sv\u00fdch z\u00e1sobnic vyv\u00e1d\u00ed v\u00edtr.<\/p>\n\n\n\n<p><strong>Text modlitby<\/strong><\/p>\n\n\n\n<p>Chv\u00e1len bu\u010f, m\u016fj Pane, mnou a v\u0161emi\nstvo\u0159en\u00edmi,<\/p>\n\n\n\n<p>a p\u0159edev\u0161\u00edm panem bratrem sluncem,<\/p>\n\n\n\n<p>jen\u017e p\u0159in\u00e1\u0161\u00ed den a n\u00e1m sv\u00edt\u00ed sv\u011btlem\nsv\u00fdm,<\/p>\n\n\n\n<p>jest kr\u00e1sn\u00e9 a z\u00e1\u0159\u00ed leskem velik\u00fdm<\/p>\n\n\n\n<p>jsouc, Nejvy\u0161\u0161\u00ed, tv\u00fdm obrazem.<\/p>\n\n\n\n<p>Chv\u00e1len bu\u010f, m\u016fj Pane, skrze sestru\nlunu, skrze hv\u011bzdy,<\/p>\n\n\n\n<p>na nebi\u02bcs je stvo\u0159il jasn\u00e9, vz\u00e1cn\u00e9 a\nkr\u00e1sn\u00e9.<\/p>\n\n\n\n<p>Chv\u00e1len bu\u010f, m\u016fj Pane skrze bratra v\u00edtr,\nskrze vzduch a mraky,<\/p>\n\n\n\n<p>skrze ne\u010das i po\u010das\u00ed jasn\u00e9, kter\u00fdm na\n\u017eivu sv\u00e9 tvory udr\u017euje\u0161.<\/p>\n\n\n\n<p>Chv\u00e1len bu\u010f, m\u016fj Pane, skrze sestru\nvodu,<\/p>\n\n\n\n<p>kter\u00e1 je tak u\u017eite\u010dn\u00e1, dobr\u00e1, pokorn\u00e1 a\n\u010dist\u00e1.<\/p>\n\n\n\n<p>Chv\u00e1len bu\u010f, m\u016fj Pane skrze bratra ohe\u0148,<\/p>\n\n\n\n<p>kter\u00fdm osv\u011bcuje\u0161 na\u0161e noci,<\/p>\n\n\n\n<p>je kr\u00e1sn\u00fd, radostn\u00fd, mohutn\u00fd a siln\u00fd.<\/p>\n\n\n\n<p>Chv\u00e1len bu\u010f, m\u016fj Pane, skrze na\u0161i sestru\nmatku zemi,<\/p>\n\n\n\n<p>kter\u00e1 d\u00e1v\u00e1 \u017eivot a je\u017e vl\u00e1dne nade v\u0161emi<\/p>\n\n\n\n<p>a je\u017e rod\u00ed r\u016fzn\u00e9 plody a tr\u00e1vu a barevn\u00e9\nkv\u011bty.<\/p>\n\n\n\n<p>N\u00e1\u0161 Pane, cht\u011bli bychom se p\u0159ipojit\nk&nbsp;t\u00e9to chv\u00e1le,<\/p>\n\n\n\n<p>kterou vyzp\u00edval svat\u00fd Franti\u0161ek.<\/p>\n\n\n\n<p>Jak t\u011b ale m\u016f\u017ee chv\u00e1lit slunce, kdy\u017e\nspaluje,<\/p>\n\n\n\n<p>voda, kter\u00e1 ztr\u00e1c\u00ed pr\u016fzra\u010dnost a v\np\u0159\u00edvalech p\u0159in\u00e1\u0161\u00ed zk\u00e1zu nam\u00edsto \u017eivota,<\/p>\n\n\n\n<p>jak t\u011b m\u016f\u017ee chv\u00e1lit ohe\u0148 zm\u011bn\u011bn\u00fd\nv&nbsp;ni\u010div\u00fd po\u017e\u00e1r,<\/p>\n\n\n\n<p>a vyprahl\u00e1 zem\u011b?<\/p>\n\n\n\n<p>Pohled na ni n\u00e1s napl\u0148uje skl\u00ed\u010denost\u00ed.<\/p>\n\n\n\n<p>Vyzn\u00e1v\u00e1me, \u017ee nejsme dobr\u00fdmi spr\u00e1vci\ntv\u00e9ho stvo\u0159en\u00ed,<\/p>\n\n\n\n<p>kdy\u017e p\u0159\u00edrodu v\u00edc drancujeme, ne\u017e abychom\nji chr\u00e1nili,<\/p>\n\n\n\n<p>a rozs\u00e9v\u00e1me zne\u010di\u0161t\u011bn\u00ed a zk\u00e1zu nam\u00edsto\nkr\u00e1sy.<\/p>\n\n\n\n<p>Odpus\u0165 n\u00e1m a obm\u011bk\u010di srdce t\u011bch, kdo\nhledaj\u00ed jen sv\u016fj prosp\u011bch<\/p>\n\n\n\n<p>na \u00fakor p\u0159\u00edrody a na \u00fakor chud\u00fdch.<\/p>\n\n\n\n<p>Pros\u00edme o dar vl\u00e1hy pro na\u0161i zem<\/p>\n\n\n\n<p>a pro n\u00e1s o s\u00edlu tv\u00e9 l\u00e1sky,<\/p>\n\n\n\n<p>abychom pe\u010dovali o \u017eivot a kr\u00e1su.<\/p>\n\n\n\n<p>Zaplav n\u00e1s pokojem,<\/p>\n\n\n\n<p>abychom \u017eili jako brat\u0159i a sestry<\/p>\n\n\n\n<p>a nikomu ne\u0161kodili.<\/p>\n\n\n\n<p>Dobr\u00fd Pane,<\/p>\n\n\n\n<p>Bo\u017ee na\u0161ich p\u0159edk\u016f,<\/p>\n\n\n\n<p>Panovn\u00edku nebe a zem\u011b,<\/p>\n\n\n\n<p>Stvo\u0159iteli vod,<\/p>\n\n\n\n<p>Kr\u00e1li v\u0161eho sv\u00e9ho stvo\u0159en\u00ed,<\/p>\n\n\n\n<p>vysly\u0161 na\u0161i modlitbu.<\/p>\n\n\n\n<p>Amen.<\/p>\n\n\n\n<p><sup>(Zdroj: P. Petr Hof\u00edrek a&nbsp;<\/sup><a href=\"http:\/\/www.apha.cz\/2018\/oznameni\/text-modlitby-za-vlahu\" target=\"_blank\" rel=\"noreferrer noopener\"><strong><sup>Arcibiskupstv\u00ed\npra\u017esk\u00e9<\/sup><\/strong><\/a><sup>)<\/sup><\/p>\n","protected":false},"excerpt":{"rendered":"<p>Motto (\u017dl 135,5-7) J\u00e1 p\u0159ec v\u00edm, \u017ee Hospodin je velk\u00fd, n\u00e1\u0161 P\u00e1n je nade v\u0161echny bohy. V\u0161echno, co Hospodin chce, to \u010din\u00ed na nebes\u00edch i na zemi, v mo\u0159\u00edch i ve v\u0161ech propastn\u00fdch t\u016fn\u00edch. P\u0159iv\u00e1d\u00ed mlhu od kon\u010din zem\u011b, d\u00e9\u0161\u0165 <a class=\"more-link\" href=\"https:\/\/www.farnostrana.cz\/?p=941\">Cel\u00fd \u010dl\u00e1nek  <span class=\"screen-reader-text\">  Modlitba v dob\u011b sucha<\/span><span class=\"meta-nav\">&rarr;<\/span><\/a><\/p>\n","protected":false},"author":1,"featured_media":0,"comment_status":"closed","ping_status":"open","sticky":false,"template":"","format":"standard","meta":{"_monsterinsights_skip_tracking":false,"_monsterinsights_sitenote_active":false,"_monsterinsights_sitenote_note":"","_monsterinsights_sitenote_category":0,"footnotes":""},"categories":[3],"tags":[],"class_list":["post-941","post","type-post","status-publish","format-standard","hentry","category-ohlasky"],"_links":{"self":[{"href":"https:\/\/www.farnostrana.cz\/index.php?rest_route=\/wp\/v2\/posts\/941","targetHints":{"allow":["GET"]}}],"collection":[{"href":"https:\/\/www.farnostrana.cz\/index.php?rest_route=\/wp\/v2\/posts"}],"about":[{"href":"https:\/\/www.farnostrana.cz\/index.php?rest_route=\/wp\/v2\/types\/post"}],"author":[{"embeddable":true,"href":"https:\/\/www.farnostrana.cz\/index.php?rest_route=\/wp\/v2\/users\/1"}],"replies":[{"embeddable":true,"href":"https:\/\/www.farnostrana.cz\/index.php?rest_route=%2Fwp%2Fv2%2Fcomments&post=941"}],"version-history":[{"count":1,"href":"https:\/\/www.farnostrana.cz\/index.php?rest_route=\/wp\/v2\/posts\/941\/revisions"}],"predecessor-version":[{"id":942,"href":"https:\/\/www.farnostrana.cz\/index.php?rest_route=\/wp\/v2\/posts\/941\/revisions\/942"}],"wp:attachment":[{"href":"https:\/\/www.farnostrana.cz\/index.php?rest_route=%2Fwp%2Fv2%2Fmedia&parent=941"}],"wp:term":[{"taxonomy":"category","embeddable":true,"href":"https:\/\/www.farnostrana.cz\/index.php?rest_route=%2Fwp%2Fv2%2Fcategories&post=941"},{"taxonomy":"post_tag","embeddable":true,"href":"https:\/\/www.farnostrana.cz\/index.php?rest_route=%2Fwp%2Fv2%2Ftags&post=941"}],"curies":[{"name":"wp","href":"https:\/\/api.w.org\/{rel}","templated":true}]}}