{"id":938,"date":"2020-04-11T23:27:12","date_gmt":"2020-04-11T21:27:12","guid":{"rendered":"https:\/\/www.farnostrana.cz\/?p=938"},"modified":"2020-04-11T23:35:30","modified_gmt":"2020-04-11T21:35:30","slug":"ohlasky-nedele-zmrtvychvstani-pane-12-4-202","status":"publish","type":"post","link":"https:\/\/www.farnostrana.cz\/?p=938","title":{"rendered":"Ohl\u00e1\u0161ky \u2013 ned\u011ble Zmrtv\u00fdchvst\u00e1n\u00ed P\u00e1n\u011b 12.4.202"},"content":{"rendered":"\n<ul class=\"wp-block-list\"><li><strong>M\u0161e svat\u00e9:<\/strong> z&nbsp;na\u0159\u00edzen\u00ed\ndiec\u00e9zn\u00edho biskupa, kv\u016fli prevenci \u0161\u00ed\u0159en\u00ed nov\u00e9ho koronaviru, jsou do odvol\u00e1n\u00ed\nv\u0161echny ve\u0159ejn\u00e9 bohoslu\u017eby zru\u0161eny. <strong>Internetov\u00fd p\u0159enos bohoslu\u017eeb\nz&nbsp;na\u0161eho kostela<\/strong> m\u016f\u017eete sledovat na FCB. Bohoslu\u017eby budou v&nbsp;pond\u011bl\u00ed\nv&nbsp;9:30 h,&nbsp; v p\u00e1tek v&nbsp;18 h,\nv&nbsp;ned\u011bli v&nbsp;9:30 h. <strong>Po skon\u010den\u00ed<\/strong> bohoslu\u017eeb je mo\u017en\u00e9 b\u011bhem 30\nmin p\u0159ij\u00edt <strong>individu\u00e1ln\u011b ke sv. p\u0159ij\u00edm\u00e1n\u00ed do kostela<\/strong>. V&nbsp;ned\u011bli\nrozv\u00e1\u017e\u00ed akolyt\u00e9 Eucharistii dle rozpisu.<\/li><li><strong>Ohl\u00e1\u0161ky i k\u00e1z\u00e1n\u00ed <\/strong>budou m\u00edt v\u011b\u0159\u00edc\u00ed k&nbsp;dispozici na\nv\u00fdv\u011bsce kostela a na webu farnosti: <a href=\"http:\/\/www.farnostrana.cz\">www.farnostrana.cz<\/a> <\/li><li><strong>Modlitby za d\u00e9\u0161\u0165:<\/strong> op\u011bt m\u00e1me\nsucho, pros\u00edm p\u0159ipojte se k&nbsp;modlitb\u00e1m za d\u00e9\u0161\u0165. Vloni jsme se spole\u010dn\u011b\nmodlili na kopci u D\u011bdov\u00e9, letos mus\u00edme ka\u017ed\u00fd s\u00e1m, a\u0165 u\u017e tam nebo kdekoliv\njinde. Text modlitby najdete na v\u00fdv\u011bsce, na na\u0161em webu.<\/li><li><strong>Farn\u00ed t\u00e1bor pro d\u011bti: term\u00edn ned\u011ble\n26.7. \u2013 p\u00e1tek 31.7.2020<\/strong>. Vzhledem k&nbsp;nejist\u00e9 situaci vol\u00edme op\u011bt\nKC Ran\u00e1, av\u0161ak nov\u00ed vedouc\u00ed a nov\u00fd program. P\u0159ihl\u00e1\u0161ky po\u0161leme rodi\u010d\u016fm d\u011bt\u00ed\nv&nbsp;nejbli\u017e\u0161\u00ed dob\u011b.<\/li><li><strong>Sb\u00edrky<\/strong> se konat\nnebudou. Kdo by cht\u011bl, m\u016f\u017ee p\u0159\u00edsp\u011bvek na farnost don\u00e9st na faru nebo poslat na\nfarn\u00ed \u00fa\u010det: 1143545379\/0800.<\/li><li><strong>Komunitn\u00ed centrum P.F.X.Mimry: <\/strong>RU\u0160\u00cd se v\u0161echny\nakce do odvol\u00e1n\u00ed<strong>. <\/strong><\/li><li><strong>Mons. Josef Posp\u00ed\u0161il <\/strong>nastoupil\nna rehabilitaci na Ko\u0161umberku.<\/li><li><strong>Katolick\u00fd t\u00fdden\u00edk<\/strong>: Biskupov\u00e9 \u2013 Zapalte sv\u00ed\u010dku; T\u00e9ma:70 let od akce K; Perspektivy: Velikonoce\njako cesta p\u0159\u00e1telstv\u00ed; rozhovor s&nbsp;rektorem JU Tom\u00e1\u0161em Machulou; Doma:\nRodina v&nbsp;karant\u00e9n\u011b. <strong>INFO<\/strong>: po dobu mimo\u0159\u00e1dn\u00fdch vl\u00e1dn\u00edch opat\u0159en\u00ed je <strong>KT\nzdarma<\/strong> ke sta\u017een\u00ed na <a href=\"http:\/\/www.katyd.cz\">www.katyd.cz<\/a> <\/li><\/ul>\n\n\n\n<p><strong>Rozpis pod\u00e1v\u00e1n\u00ed svat\u00e9ho p\u0159ij\u00edm\u00e1n\u00ed v&nbsp;obc\u00edch farnosti Ran\u00e1 v ned\u011bli<\/strong><\/p>\n\n\n\n<figure class=\"wp-block-table\"><table class=\"\"><tbody><tr><td>Ran\u00e1, Vojt\u011bchov,<br>Mr\u00e1kot\u00edn, Holet\u00edn<br><strong>kostel<\/strong>   <\/td><td>\n  Kladno Jehli\u010dkovi\n  <\/td><td>Old\u0159etice Novotn\u00ed   <\/td><td>\n  Pok\u0159ikov Sodomka\n  <\/td><\/tr><tr><td>\n  10 -10:30\n  <\/td><td>10:30 &#8211; 11<\/td><td>10\u201310:30   <\/td><td>\n  10:30\n  <\/td><\/tr><\/tbody><\/table><\/figure>\n\n\n\n<p><strong>Po\u017eehnan\u00e9 Velikonoce, hodn\u011b zdrav\u00ed a\ns\u00edly, p\u0159eje v\u00e1\u0161 far\u00e1\u0159 Ond\u0159ej Matula<\/strong><\/p>\n","protected":false},"excerpt":{"rendered":"<p>M\u0161e svat\u00e9: z&nbsp;na\u0159\u00edzen\u00ed diec\u00e9zn\u00edho biskupa, kv\u016fli prevenci \u0161\u00ed\u0159en\u00ed nov\u00e9ho koronaviru, jsou do odvol\u00e1n\u00ed v\u0161echny ve\u0159ejn\u00e9 bohoslu\u017eby zru\u0161eny. Internetov\u00fd p\u0159enos bohoslu\u017eeb z&nbsp;na\u0161eho kostela m\u016f\u017eete sledovat na FCB. Bohoslu\u017eby budou v&nbsp;pond\u011bl\u00ed v&nbsp;9:30 h,&nbsp; v p\u00e1tek v&nbsp;18 h, v&nbsp;ned\u011bli v&nbsp;9:30 h. Po skon\u010den\u00ed <a class=\"more-link\" href=\"https:\/\/www.farnostrana.cz\/?p=938\">Cel\u00fd \u010dl\u00e1nek  <span class=\"screen-reader-text\">  Ohl\u00e1\u0161ky \u2013 ned\u011ble Zmrtv\u00fdchvst\u00e1n\u00ed P\u00e1n\u011b 12.4.202<\/span><span class=\"meta-nav\">&rarr;<\/span><\/a><\/p>\n","protected":false},"author":1,"featured_media":0,"comment_status":"closed","ping_status":"open","sticky":false,"template":"","format":"standard","meta":{"_monsterinsights_skip_tracking":false,"_monsterinsights_sitenote_active":false,"_monsterinsights_sitenote_note":"","_monsterinsights_sitenote_category":0,"footnotes":""},"categories":[3],"tags":[],"class_list":["post-938","post","type-post","status-publish","format-standard","hentry","category-ohlasky"],"_links":{"self":[{"href":"https:\/\/www.farnostrana.cz\/index.php?rest_route=\/wp\/v2\/posts\/938","targetHints":{"allow":["GET"]}}],"collection":[{"href":"https:\/\/www.farnostrana.cz\/index.php?rest_route=\/wp\/v2\/posts"}],"about":[{"href":"https:\/\/www.farnostrana.cz\/index.php?rest_route=\/wp\/v2\/types\/post"}],"author":[{"embeddable":true,"href":"https:\/\/www.farnostrana.cz\/index.php?rest_route=\/wp\/v2\/users\/1"}],"replies":[{"embeddable":true,"href":"https:\/\/www.farnostrana.cz\/index.php?rest_route=%2Fwp%2Fv2%2Fcomments&post=938"}],"version-history":[{"count":3,"href":"https:\/\/www.farnostrana.cz\/index.php?rest_route=\/wp\/v2\/posts\/938\/revisions"}],"predecessor-version":[{"id":943,"href":"https:\/\/www.farnostrana.cz\/index.php?rest_route=\/wp\/v2\/posts\/938\/revisions\/943"}],"wp:attachment":[{"href":"https:\/\/www.farnostrana.cz\/index.php?rest_route=%2Fwp%2Fv2%2Fmedia&parent=938"}],"wp:term":[{"taxonomy":"category","embeddable":true,"href":"https:\/\/www.farnostrana.cz\/index.php?rest_route=%2Fwp%2Fv2%2Fcategories&post=938"},{"taxonomy":"post_tag","embeddable":true,"href":"https:\/\/www.farnostrana.cz\/index.php?rest_route=%2Fwp%2Fv2%2Ftags&post=938"}],"curies":[{"name":"wp","href":"https:\/\/api.w.org\/{rel}","templated":true}]}}