{"id":936,"date":"2020-04-11T23:24:55","date_gmt":"2020-04-11T21:24:55","guid":{"rendered":"https:\/\/www.farnostrana.cz\/?p=936"},"modified":"2020-04-11T23:24:57","modified_gmt":"2020-04-11T21:24:57","slug":"kazani-na-vzkriseni-2020-v-dobe-pandemie","status":"publish","type":"post","link":"https:\/\/www.farnostrana.cz\/?p=936","title":{"rendered":"K\u00e1z\u00e1n\u00ed na Vzk\u0159\u00ed\u0161en\u00ed 2020 \u2013 v dob\u011b pandemie"},"content":{"rendered":"\n<p>Rozlo\u017een\u00e1 pl\u00e1tna\nvyb\u00edzej\u00ed<\/p>\n\n\n\n<p>Kdy\u017e se ve\u010der vrac\u00edm po celodenn\u00ed slu\u017eb\u011b a pohl\u00e9dnu na\nsvoji postel, zjist\u00edm, jak jsem r\u00e1no vst\u00e1val: pokud ve sp\u011bchu, je neustlan\u00e1,\npohozen\u00e9 py\u017eamo, ale pokud jsem m\u011bl \u010das, bude postel hezky ustlan\u00e1.<\/p>\n\n\n\n<p>K\u00e9r: Jan dob\u011bhl ke hrobu prvn\u00ed, naklonil se, a vid\u011bl,\n\u017ee tam le\u017e\u00ed pruhy pl\u00e1tna. Po chv\u00edli p\u0159ib\u011bhl Petr, vstoupil, a uvid\u011bl tot\u00e9\u017e<\/p>\n\n\n\n<p>Did: Ve vypr\u00e1v\u011bn\u00ed o Je\u017e\u00ed\u0161ov\u011b poh\u0159bu nejsou zm\u00edn\u011bny\nobvazy, kter\u00fdmi byly sv\u00e1z\u00e1ny ruce i nohy jako u Lazara, pouze se uv\u00e1d\u00ed rou\u0161ka\nz&nbsp;hlavy, kter\u00e1 je nezvykle slo\u017eena zvl\u00e1\u0161\u0165 na jin\u00e9m m\u00edst\u011b v&nbsp;hrob\u011b.\nPl\u00e1tna, do kter\u00fdch bylo zabaleno Je\u017e\u00ed\u0161ovo t\u011blo, nejsou odnesena s&nbsp;t\u011blem,\njak bychom \u010dekali p\u0159i kr\u00e1de\u017ei. Pl\u00e1tna nejsou ani narychlo odhozena, ale\nuspo\u0159\u00e1dan\u011b spo\u010d\u00edvaj\u00ed v&nbsp;hrobce. Jsou rozta\u017eena jako povle\u010den\u00ed na l\u016f\u017eku,\njako svatebn\u00ed lo\u017ee pro nev\u011bstu. Hrob se stal svatebn\u00edm lo\u017eem pro \u017denicha Krista\na nev\u011bstu \u2013 c\u00edrkev, to jsme my v\u0161ichni v\u011b\u0159\u00edc\u00ed. D\u0159\u00edve nebo pozd\u011bji v\u0161ichni do\nhrobu vstoup\u00edme, ale to nebude vstup do hr\u016fzy, ale do l\u00e1sky, Bo\u017e\u00edho milov\u00e1n\u00ed a\nsplynut\u00ed s&nbsp;Nejvy\u0161\u0161\u00edm. Smrt u\u017e tu nen\u00ed, je pora\u017eena. Zat\u00edm na ta pl\u00e1ta jen\npohl\u00ed\u017e\u00edme skrze sv\u011bdectv\u00ed t\u011bch, kte\u0159\u00ed ji\u017e vstoupili do smrti a zanechali n\u00e1m o\ntom zpr\u00e1vu. Ta hl\u00e1s\u00e1: \u201eNebojte se, P\u00e1nova n\u00e1ru\u010d je otev\u0159ena, \u010dek\u00e1 v\u00e1s, jde p\u0159ed\nv\u00e1mi (do Galileje), chce se s&nbsp;v\u00e1mi setkat a b\u00fdt s&nbsp;v\u00e1mi u\u017e napo\u0159\u00e1d!\u201c<\/p>\n\n\n\n<p>Par: Kdy\u017e vypukla v&nbsp;Tur\u00edn\u011b v&nbsp;19. stolet\u00ed morov\u00e1\nepidemie, Don Bosko se svou matkou neutekli, ale p\u0159ij\u00edmali do sv\u00e9ho domu\nv\u0161echny pot\u0159ebn\u00e9 a starali se o n\u011b s&nbsp;pomoc\u00ed chlapc\u016f. Jednoho dne do\u0161ly\nprost\u011bradla na postele pro nemocn\u00e9. Matka Mark\u00e9ta bez v\u00e1h\u00e1n\u00ed \u0161la do kaple,\nsundala olt\u00e1\u0159n\u00ed pl\u00e1tno se slovy \u201eDnes poslou\u017e\u00ed P\u00e1nu jinde\u201c a povl\u00e9kla s n\u00edm\nl\u016f\u017eko dal\u0161\u00edmu nemocn\u00e9mu.&nbsp; Negramotn\u00e1\n\u017eena, kter\u00e1 dob\u0159e pochopila, kde je zrovna jej\u00ed P\u00e1n. Mimochodem nikdo\nz&nbsp;jejich domu se morem nenakazil.<\/p>\n\n\n\n<p>Myst. Ubrus, povle\u010den\u00ed, ubrousek, to v\u0161e n\u00e1m m\u016f\u017ee dnes\np\u0159ipomenou pl\u00e1tna Je\u017e\u00ed\u0161ova, jeho \u010distou z\u00e1\u0159\u00edc\u00ed n\u00e1ru\u010d l\u00e1sky, kter\u00e1 je pro n\u00e1s\nVzk\u0159\u00ed\u0161en\u00edm nav\u011bky otev\u0159en\u00e1. <\/p>\n\n\n\n<p>Z\u00e1v: Uhlad\u00edm rukou pokr\u00fdvku a v&nbsp;duchu se zaraduji\nz&nbsp;P\u00e1nova pozv\u00e1n\u00ed, abych se s&nbsp;N\u00e1m nav\u011bky spojil!<\/p>\n","protected":false},"excerpt":{"rendered":"<p>Rozlo\u017een\u00e1 pl\u00e1tna vyb\u00edzej\u00ed Kdy\u017e se ve\u010der vrac\u00edm po celodenn\u00ed slu\u017eb\u011b a pohl\u00e9dnu na svoji postel, zjist\u00edm, jak jsem r\u00e1no vst\u00e1val: pokud ve sp\u011bchu, je neustlan\u00e1, pohozen\u00e9 py\u017eamo, ale pokud jsem m\u011bl \u010das, bude postel hezky ustlan\u00e1. K\u00e9r: Jan dob\u011bhl ke <a class=\"more-link\" href=\"https:\/\/www.farnostrana.cz\/?p=936\">Cel\u00fd \u010dl\u00e1nek  <span class=\"screen-reader-text\">  K\u00e1z\u00e1n\u00ed na Vzk\u0159\u00ed\u0161en\u00ed 2020 \u2013 v dob\u011b pandemie<\/span><span class=\"meta-nav\">&rarr;<\/span><\/a><\/p>\n","protected":false},"author":1,"featured_media":0,"comment_status":"closed","ping_status":"open","sticky":false,"template":"","format":"standard","meta":{"_monsterinsights_skip_tracking":false,"_monsterinsights_sitenote_active":false,"_monsterinsights_sitenote_note":"","_monsterinsights_sitenote_category":0,"footnotes":""},"categories":[3],"tags":[],"class_list":["post-936","post","type-post","status-publish","format-standard","hentry","category-ohlasky"],"_links":{"self":[{"href":"https:\/\/www.farnostrana.cz\/index.php?rest_route=\/wp\/v2\/posts\/936","targetHints":{"allow":["GET"]}}],"collection":[{"href":"https:\/\/www.farnostrana.cz\/index.php?rest_route=\/wp\/v2\/posts"}],"about":[{"href":"https:\/\/www.farnostrana.cz\/index.php?rest_route=\/wp\/v2\/types\/post"}],"author":[{"embeddable":true,"href":"https:\/\/www.farnostrana.cz\/index.php?rest_route=\/wp\/v2\/users\/1"}],"replies":[{"embeddable":true,"href":"https:\/\/www.farnostrana.cz\/index.php?rest_route=%2Fwp%2Fv2%2Fcomments&post=936"}],"version-history":[{"count":1,"href":"https:\/\/www.farnostrana.cz\/index.php?rest_route=\/wp\/v2\/posts\/936\/revisions"}],"predecessor-version":[{"id":937,"href":"https:\/\/www.farnostrana.cz\/index.php?rest_route=\/wp\/v2\/posts\/936\/revisions\/937"}],"wp:attachment":[{"href":"https:\/\/www.farnostrana.cz\/index.php?rest_route=%2Fwp%2Fv2%2Fmedia&parent=936"}],"wp:term":[{"taxonomy":"category","embeddable":true,"href":"https:\/\/www.farnostrana.cz\/index.php?rest_route=%2Fwp%2Fv2%2Fcategories&post=936"},{"taxonomy":"post_tag","embeddable":true,"href":"https:\/\/www.farnostrana.cz\/index.php?rest_route=%2Fwp%2Fv2%2Ftags&post=936"}],"curies":[{"name":"wp","href":"https:\/\/api.w.org\/{rel}","templated":true}]}}