{"id":927,"date":"2020-04-05T00:03:05","date_gmt":"2020-04-04T22:03:05","guid":{"rendered":"https:\/\/www.farnostrana.cz\/?p=927"},"modified":"2020-04-05T00:06:14","modified_gmt":"2020-04-04T22:06:14","slug":"ohlasky-kvetna-nedele-5-4-2020","status":"publish","type":"post","link":"https:\/\/www.farnostrana.cz\/?p=927","title":{"rendered":"Ohl\u00e1\u0161ky &#8211; Kv\u011btn\u00e1 ned\u011ble 5. 4. 2020"},"content":{"rendered":"\n<ul class=\"wp-block-list\"><li><strong>M\u0161e svat\u00e9:<\/strong> z&nbsp;na\u0159\u00edzen\u00ed\ndiec\u00e9zn\u00edho biskupa, kv\u016fli prevenci \u0161\u00ed\u0159en\u00ed nov\u00e9ho koronaviru, jsou do odvol\u00e1n\u00ed\nv\u0161echny ve\u0159ejn\u00e9 bohoslu\u017eby zru\u0161eny. <strong>Internetov\u00fd p\u0159enos bohoslu\u017eeb\nz&nbsp;na\u0161eho kostela<\/strong> m\u016f\u017eete sledovat na FCB. Bohoslu\u017eby budou ve \u010dtvrtek a\np\u00e1tek v&nbsp;18 h, na B\u00edlou sobotu ve 20 h, v&nbsp;ned\u011bli Zmrtv\u00fdchvst\u00e1n\u00ed P\u00e1n\u011b i\nv&nbsp;pond\u011bl\u00ed v&nbsp;9:30 h. <strong>Po skon\u010den\u00ed<\/strong> bohoslu\u017eeb je mo\u017en\u00e9 b\u011bhem 30\nmin p\u0159ij\u00edt <strong>individu\u00e1ln\u011b ke sv. p\u0159ij\u00edm\u00e1n\u00ed do kostela<\/strong>. V&nbsp;ned\u011bli rozv\u00e1\u017e\u00ed\nakolyt\u00e9 Eucharistii dle rozpisu.<\/li><li><strong>V\u011b\u0159\u00edc\u00ed jsou omluveni z&nbsp;ned\u011bln\u00ed \u00fa\u010dasti. <\/strong>Doporu\u010duje\nse<strong> sledovat m\u0161i svatou v&nbsp;televizi nebo rozhlase \u010di p\u0159es internet: <\/strong><a href=\"http:\/\/www.mseonline.cz\"><strong>www.mseonline.cz<\/strong><\/a><strong> <\/strong><\/li><li><strong>Ohl\u00e1\u0161ky i k\u00e1z\u00e1n\u00ed <\/strong>budou m\u00edt v\u011b\u0159\u00edc\u00ed k&nbsp;dispozici na\nv\u00fdv\u011bsce kostela a na webu farnosti: <a href=\"http:\/\/www.farnostrana.cz\">www.farnostrana.cz<\/a> <\/li><li><strong>Zpov\u00edd\u00e1n\u00ed <\/strong>ve\nSvat\u00e9m t\u00fddnu prob\u00edh\u00e1 na po\u017e\u00e1d\u00e1n\u00ed. <\/li><li><strong>K\u0159\u00ed\u017eovou cestu<\/strong>\nse pros\u00edm pomodlete v&nbsp;rodin\u00e1ch nebo individu\u00e1ln\u011b t\u0159eba i\nv&nbsp;Kameni\u010dk\u00e1ch u kostela.<\/li><li><strong>Zpravodaj farnost\u00ed vych\u00e1z\u00ed<\/strong> dnes.\nD\u011bkuji v\u0161em p\u0159isp\u011bvatel\u016fm i redakci! V\u00fdtisky jsou k&nbsp;dispozici ve vstupu\nkostela, nebo si m\u016f\u017eete Zpravodaj pro\u010d\u00edst na na\u0161ich webov\u00fdch str\u00e1nk\u00e1ch.<\/li><li><strong>Sb\u00edrky<\/strong> se konat\nnebudou. Kdo by cht\u011bl, m\u016f\u017ee p\u0159\u00edsp\u011bvek na farnost don\u00e9st na faru nebo poslat na\nfarn\u00ed \u00fa\u010det: 1143545379\/0800.<\/li><li><strong>Komunitn\u00ed centrum P.F.X.Mimry: <\/strong>RU\u0160\u00cd se v\u0161echny\nakce do odvol\u00e1n\u00ed<strong>. <\/strong><\/li><li><strong>Katolick\u00fd t\u00fdden\u00edk<\/strong>: Mimo\u0159\u00e1dn\u00e9 po\u017eehn\u00e1n\u00ed Urbi et Orbi; T\u00e9ma: Velikono\u010dn\u00ed triduum;\nPerspektivy: \u0158ekni \u010f\u00e1blovi ne; rozhovor s&nbsp;Mons. Ale\u0161em Opatrn\u00fdm; Doma: Poj\u010f\nse se mnou pomodlit! <strong>INFO<\/strong>: po dobu mimo\u0159\u00e1dn\u00fdch vl\u00e1dn\u00edch opat\u0159en\u00ed je <strong>KT\nzdarma<\/strong> ke sta\u017een\u00ed na <a href=\"http:\/\/www.katyd.cz\">www.katyd.cz<\/a> <\/li><\/ul>\n\n\n\n<p><strong>Rozpis pod\u00e1v\u00e1n\u00ed svat\u00e9ho p\u0159ij\u00edm\u00e1n\u00ed v\u00a0obc\u00edch farnosti Ran\u00e1 v ned\u011bli<\/strong><\/p>\n\n\n\n<figure class=\"wp-block-table\"><table class=\"\"><tbody><tr><td>Ran\u00e1, Vojt\u011bchov, Holet\u00edn<br><strong>kostel<\/strong>   <\/td><td>\n  Kladno Jehli\u010dkovi\n  <\/td><td>Old\u0159etice Novotn\u00ed   <\/td><td>\n  Pok\u0159ikov Sodomka\n  <\/td><td>   Mr\u00e1kot\u00edn P. Posp\u00ed\u0161il    <\/td><\/tr><tr><td>\n  10 -10:30\n  <\/td><td>10:30 &#8211; 11<\/td><td>10\u201310:30   <\/td><td>\n  10:30\n  <\/td><td>   Sobota <br>8 \u2013   8:30   <\/td><\/tr><\/tbody><\/table><\/figure>\n","protected":false},"excerpt":{"rendered":"<p>M\u0161e svat\u00e9: z&nbsp;na\u0159\u00edzen\u00ed diec\u00e9zn\u00edho biskupa, kv\u016fli prevenci \u0161\u00ed\u0159en\u00ed nov\u00e9ho koronaviru, jsou do odvol\u00e1n\u00ed v\u0161echny ve\u0159ejn\u00e9 bohoslu\u017eby zru\u0161eny. Internetov\u00fd p\u0159enos bohoslu\u017eeb z&nbsp;na\u0161eho kostela m\u016f\u017eete sledovat na FCB. Bohoslu\u017eby budou ve \u010dtvrtek a p\u00e1tek v&nbsp;18 h, na B\u00edlou sobotu ve 20 h, <a class=\"more-link\" href=\"https:\/\/www.farnostrana.cz\/?p=927\">Cel\u00fd \u010dl\u00e1nek  <span class=\"screen-reader-text\">  Ohl\u00e1\u0161ky &#8211; Kv\u011btn\u00e1 ned\u011ble 5. 4. 2020<\/span><span class=\"meta-nav\">&rarr;<\/span><\/a><\/p>\n","protected":false},"author":1,"featured_media":0,"comment_status":"closed","ping_status":"open","sticky":false,"template":"","format":"standard","meta":{"_monsterinsights_skip_tracking":false,"_monsterinsights_sitenote_active":false,"_monsterinsights_sitenote_note":"","_monsterinsights_sitenote_category":0,"footnotes":""},"categories":[3],"tags":[],"class_list":["post-927","post","type-post","status-publish","format-standard","hentry","category-ohlasky"],"_links":{"self":[{"href":"https:\/\/www.farnostrana.cz\/index.php?rest_route=\/wp\/v2\/posts\/927","targetHints":{"allow":["GET"]}}],"collection":[{"href":"https:\/\/www.farnostrana.cz\/index.php?rest_route=\/wp\/v2\/posts"}],"about":[{"href":"https:\/\/www.farnostrana.cz\/index.php?rest_route=\/wp\/v2\/types\/post"}],"author":[{"embeddable":true,"href":"https:\/\/www.farnostrana.cz\/index.php?rest_route=\/wp\/v2\/users\/1"}],"replies":[{"embeddable":true,"href":"https:\/\/www.farnostrana.cz\/index.php?rest_route=%2Fwp%2Fv2%2Fcomments&post=927"}],"version-history":[{"count":2,"href":"https:\/\/www.farnostrana.cz\/index.php?rest_route=\/wp\/v2\/posts\/927\/revisions"}],"predecessor-version":[{"id":929,"href":"https:\/\/www.farnostrana.cz\/index.php?rest_route=\/wp\/v2\/posts\/927\/revisions\/929"}],"wp:attachment":[{"href":"https:\/\/www.farnostrana.cz\/index.php?rest_route=%2Fwp%2Fv2%2Fmedia&parent=927"}],"wp:term":[{"taxonomy":"category","embeddable":true,"href":"https:\/\/www.farnostrana.cz\/index.php?rest_route=%2Fwp%2Fv2%2Fcategories&post=927"},{"taxonomy":"post_tag","embeddable":true,"href":"https:\/\/www.farnostrana.cz\/index.php?rest_route=%2Fwp%2Fv2%2Ftags&post=927"}],"curies":[{"name":"wp","href":"https:\/\/api.w.org\/{rel}","templated":true}]}}