{"id":919,"date":"2020-03-28T23:28:50","date_gmt":"2020-03-28T21:28:50","guid":{"rendered":"https:\/\/www.farnostrana.cz\/?p=919"},"modified":"2020-03-28T23:31:08","modified_gmt":"2020-03-28T21:31:08","slug":"ohlasky-5-nedele-postni-29-3-2020","status":"publish","type":"post","link":"https:\/\/www.farnostrana.cz\/?p=919","title":{"rendered":"Ohl\u00e1\u0161ky \u2013 5. ned\u011ble postn\u00ed 29. 3. 2020"},"content":{"rendered":"\n<ul class=\"wp-block-list\"><li><strong>M\u0161e svat\u00e9:<\/strong> z&nbsp;na\u0159\u00edzen\u00ed\ndiec\u00e9zn\u00edho biskupa, kv\u016fli prevenci \u0161\u00ed\u0159en\u00ed nov\u00e9ho koronaviru, jsou do odvol\u00e1n\u00ed\nv\u0161echny ve\u0159ejn\u00e9 bohoslu\u017eby zru\u0161eny. Internetov\u00fd p\u0159enos bohoslu\u017eeb z&nbsp;na\u0161eho\nkostela m\u016f\u017eete sledovat na FCB.<\/li><li><strong>V\u011b\u0159\u00edc\u00ed jsou omluveni z&nbsp;ned\u011bln\u00ed \u00fa\u010dasti. <\/strong>Doporu\u010duje\nse<strong> sledovat m\u0161i svatou v&nbsp;televizi nebo rozhlase \u010di p\u0159es internet: <\/strong><a href=\"http:\/\/www.mseonline.cz\"><strong>www.mseonline.cz<\/strong><\/a><strong> <\/strong><\/li><li><strong>V&nbsp;na\u0161\u00ed farnosti:<\/strong> m\u0161i svatou bude slou\u017eit pan far\u00e1\u0159\nsoukrom\u011b s&nbsp;akolyty, kte\u0159\u00ed se pak rozjedou do vesnic. <strong>V&nbsp;ka\u017ed\u00e9 obci\nbude mo\u017enost v&nbsp;ur\u010dit\u00fd \u010das p\u0159ijmout T\u011blo P\u00e1n\u011b<\/strong>. Doporu\u010duje se tak\u00e9 <strong>modlit\nse za nemocn\u00e9<\/strong>, pom\u00e1hat jim, zapojit se nap\u0159. do R\u016f\u017eence ve 20 h na zastaven\u00ed\nnov\u00e9ho viru.<\/li><li><strong>Ohl\u00e1\u0161ky i k\u00e1z\u00e1n\u00ed <\/strong>budou m\u00edt v\u011b\u0159\u00edc\u00ed k&nbsp;dispozici na\nv\u00fdv\u011bsce kostela a na webu farnosti: <a href=\"http:\/\/www.farnostrana.cz\">www.farnostrana.cz<\/a> <\/li><li><strong>Zpov\u00edd\u00e1n\u00ed <\/strong>zat\u00edm\nprob\u00edh\u00e1 na po\u017e\u00e1d\u00e1n\u00ed. <strong>Tento p\u00e1tek 3.4.<\/strong> od 10 do 12 h a od 16 do 18 zpov\u00edd\u00e1n\u00ed\n<strong>na fa\u0159e v&nbsp;klubovn\u011b<\/strong>. Pros\u00edm, necho\u010fte ve v\u011bt\u0161\u00edch skupin\u00e1ch a\nneshlukujte se u fary ani jinde! <strong>V&nbsp;ned\u011bli 5.4.<\/strong> zpov\u00edd\u00e1n\u00ed odpoledne,\nbude up\u0159esn\u011bno. Bude mo\u017enost i v&nbsp;dal\u0161\u00edch dnech. <\/li><li><strong>Zpravodaj farnost\u00ed vych\u00e1z\u00ed<\/strong>\nv&nbsp;t\u011bchto dnech. D\u011bkuji v\u0161em p\u0159isp\u011bvatel\u016fm i redakci! V\u00fdtisky budou\nk&nbsp;dispozici ve vstupu kostela, nebo si m\u016f\u017eete Zpravodaj pro\u010d\u00edst na na\u0161ich\nwebov\u00fdch str\u00e1nk\u00e1ch.<\/li><li><strong>Sb\u00edrky<\/strong> se konat\nnebudou. Kdo by cht\u011bl, m\u016f\u017ee p\u0159\u00edsp\u011bvek na farnost don\u00e9st na faru nebo poslat na\nfarn\u00ed \u00fa\u010det: 1143545379\/0800.<\/li><li><strong>Komunitn\u00ed centrum P.F.X.Mimry: <\/strong>RU\u0160\u00cd se v\u0161echny\nakce do odvol\u00e1n\u00ed<strong>. Orienta\u010dn\u00ed cedulky a \u0161t\u00edty<\/strong> vyrobila a\nosadila firma Linea Art z&nbsp;Hlinska za 15 tis. K\u010d. <\/li><li><strong>Katolick\u00fd t\u00fdden\u00edk<\/strong>: Velikonoce na obrazovk\u00e1ch; T\u00e9ma: K&nbsp;\u010demu je c\u00edrkev; Perspektivy: A\u017e\np\u0159\u00edli\u0161 se podobali Kristu; rozhovor s&nbsp;histori\u010dkou Miroslavou Pol\u00e1kovou;\nDoma: Spole\u010dn\u00e1 modlitba. Pp Franti\u0161ek vyhl\u00e1sil mimo\u0159\u00e1dn\u00e9 odpustky v&nbsp;\u010dase\npandemie.<\/li><\/ul>\n\n\n\n<p><strong>Rozpis pod\u00e1v\u00e1n\u00ed svat\u00e9ho p\u0159ij\u00edm\u00e1n\u00ed v\u00a0obc\u00edch farnosti Ran\u00e1 v ned\u011bli<\/strong><\/p>\n\n\n\n<figure class=\"wp-block-table\"><table class=\"\"><tbody><tr><td>Ran\u00e1, Vojt\u011bchov, Holet\u00edn<br><strong>kostel<\/strong>   <\/td><td>\n  Kladno Jehli\u010dkovi\n  <\/td><td>Old\u0159etice Novotn\u00ed   <\/td><td>\n  Pok\u0159ikov Sodomka\n  <\/td><td>   Mr\u00e1kot\u00edn P. Posp\u00ed\u0161il    <\/td><\/tr><tr><td>\n  10 -10:30\n  <\/td><td>10:30 &#8211; 11<\/td><td>10\u201310:30   <\/td><td>\n  10:30\n  <\/td><td>   Sobota <br>8 \u2013   8:30   <\/td><\/tr><\/tbody><\/table><\/figure>\n","protected":false},"excerpt":{"rendered":"<p>M\u0161e svat\u00e9: z&nbsp;na\u0159\u00edzen\u00ed diec\u00e9zn\u00edho biskupa, kv\u016fli prevenci \u0161\u00ed\u0159en\u00ed nov\u00e9ho koronaviru, jsou do odvol\u00e1n\u00ed v\u0161echny ve\u0159ejn\u00e9 bohoslu\u017eby zru\u0161eny. Internetov\u00fd p\u0159enos bohoslu\u017eeb z&nbsp;na\u0161eho kostela m\u016f\u017eete sledovat na FCB. V\u011b\u0159\u00edc\u00ed jsou omluveni z&nbsp;ned\u011bln\u00ed \u00fa\u010dasti. Doporu\u010duje se sledovat m\u0161i svatou v&nbsp;televizi nebo rozhlase \u010di <a class=\"more-link\" href=\"https:\/\/www.farnostrana.cz\/?p=919\">Cel\u00fd \u010dl\u00e1nek  <span class=\"screen-reader-text\">  Ohl\u00e1\u0161ky \u2013 5. ned\u011ble postn\u00ed 29. 3. 2020<\/span><span class=\"meta-nav\">&rarr;<\/span><\/a><\/p>\n","protected":false},"author":1,"featured_media":0,"comment_status":"closed","ping_status":"open","sticky":false,"template":"","format":"standard","meta":{"_monsterinsights_skip_tracking":false,"_monsterinsights_sitenote_active":false,"_monsterinsights_sitenote_note":"","_monsterinsights_sitenote_category":0,"footnotes":""},"categories":[3],"tags":[],"class_list":["post-919","post","type-post","status-publish","format-standard","hentry","category-ohlasky"],"_links":{"self":[{"href":"https:\/\/www.farnostrana.cz\/index.php?rest_route=\/wp\/v2\/posts\/919","targetHints":{"allow":["GET"]}}],"collection":[{"href":"https:\/\/www.farnostrana.cz\/index.php?rest_route=\/wp\/v2\/posts"}],"about":[{"href":"https:\/\/www.farnostrana.cz\/index.php?rest_route=\/wp\/v2\/types\/post"}],"author":[{"embeddable":true,"href":"https:\/\/www.farnostrana.cz\/index.php?rest_route=\/wp\/v2\/users\/1"}],"replies":[{"embeddable":true,"href":"https:\/\/www.farnostrana.cz\/index.php?rest_route=%2Fwp%2Fv2%2Fcomments&post=919"}],"version-history":[{"count":2,"href":"https:\/\/www.farnostrana.cz\/index.php?rest_route=\/wp\/v2\/posts\/919\/revisions"}],"predecessor-version":[{"id":921,"href":"https:\/\/www.farnostrana.cz\/index.php?rest_route=\/wp\/v2\/posts\/919\/revisions\/921"}],"wp:attachment":[{"href":"https:\/\/www.farnostrana.cz\/index.php?rest_route=%2Fwp%2Fv2%2Fmedia&parent=919"}],"wp:term":[{"taxonomy":"category","embeddable":true,"href":"https:\/\/www.farnostrana.cz\/index.php?rest_route=%2Fwp%2Fv2%2Fcategories&post=919"},{"taxonomy":"post_tag","embeddable":true,"href":"https:\/\/www.farnostrana.cz\/index.php?rest_route=%2Fwp%2Fv2%2Ftags&post=919"}],"curies":[{"name":"wp","href":"https:\/\/api.w.org\/{rel}","templated":true}]}}