{"id":760,"date":"2019-08-24T21:17:29","date_gmt":"2019-08-24T19:17:29","guid":{"rendered":"https:\/\/www.farnostrana.cz\/?p=760"},"modified":"2019-08-24T21:17:37","modified_gmt":"2019-08-24T19:17:37","slug":"ohlasky-21-nedele-v-mezidobi-25-8-2019","status":"publish","type":"post","link":"https:\/\/www.farnostrana.cz\/?p=760","title":{"rendered":"Ohl\u00e1\u0161ky \u2013 21. ned\u011ble v mezidob\u00ed 25. 8. 2019"},"content":{"rendered":"<ul style=\"margin-top:0; margin-bottom:0;\">\n<li dir=\"ltr\" style=\"list-style-type:disc; font-size:12pt; font-family:'NotoSansSymbols'; color:#000000; background-color:transparent; font-weight:700; font-style:normal; font-variant:normal; text-decoration:none; vertical-align:baseline; white-space:pre;\">\n<p dir=\"ltr\" style=\"line-height:1.7999999999999998; margin-top:12pt; margin-bottom:0pt;\"><span style=\"font-size:12pt; font-family:'TimesNewRoman'; color:#000000; background-color:transparent; font-weight:700; font-style:normal; font-variant:normal; text-decoration:none; vertical-align:baseline; white-space:pre; white-space:pre-wrap;\">M\u0161e svat\u00e9:<\/span><span style=\"font-size:12pt; font-family:'TimesNewRoman'; color:#000000; background-color:transparent; font-weight:400; font-style:normal; font-variant:normal; text-decoration:none; vertical-align:baseline; white-space:pre; white-space:pre-wrap;\"> v p\u00e1tek v 18 h, v ned\u011bli  v 9:30 h. P\u0159\u00ed\u0161t\u00ed ned\u011bli \u017eehn\u00e1n\u00ed d\u011btem a student\u016fm na za\u010d\u00e1tku \u0161koln\u00edho roku. <\/span><\/p>\n<\/li>\n<li dir=\"ltr\" style=\"list-style-type:disc; font-size:12pt; font-family:'NotoSansSymbols'; color:#000000; background-color:transparent; font-weight:400; font-style:normal; font-variant:normal; text-decoration:none; vertical-align:baseline; white-space:pre;\">\n<p dir=\"ltr\" style=\"line-height:1.7999999999999998; margin-top:0pt; margin-bottom:0pt;\"><span style=\"font-size:12pt; font-family:'TimesNewRoman'; color:#000000; background-color:transparent; font-weight:700; font-style:normal; font-variant:normal; text-decoration:none; vertical-align:baseline; white-space:pre; white-space:pre-wrap;\">TICH\u00c1 sb\u00edrka <\/span><span style=\"font-size:12pt; font-family:'TimesNewRoman'; color:#000000; background-color:transparent; font-weight:400; font-style:normal; font-variant:normal; text-decoration:none; vertical-align:baseline; white-space:pre; white-space:pre-wrap;\">na opravy minulou ned\u011bli vynesla 6 277 K\u010d.<\/span><span style=\"font-size:12pt; font-family:'TimesNewRoman'; color:#000000; background-color:transparent; font-weight:700; font-style:normal; font-variant:normal; text-decoration:none; vertical-align:baseline; white-space:pre; white-space:pre-wrap;\"> <\/span><\/p>\n<\/li>\n<li dir=\"ltr\" style=\"list-style-type:disc; font-size:12pt; font-family:'NotoSansSymbols'; color:#000000; background-color:transparent; font-weight:400; font-style:normal; font-variant:normal; text-decoration:none; vertical-align:baseline; white-space:pre;\">\n<p dir=\"ltr\" style=\"line-height:1.7999999999999998; margin-top:0pt; margin-bottom:0pt;\"><span style=\"font-size:12pt; font-family:'TimesNewRoman'; color:#000000; background-color:transparent; font-weight:700; font-style:normal; font-variant:normal; text-decoration:none; vertical-align:baseline; white-space:pre; white-space:pre-wrap;\">Od pond\u011bl\u00ed do p\u00e1tku <\/span><span style=\"font-size:12pt; font-family:'TimesNewRoman'; color:#000000; background-color:transparent; font-weight:400; font-style:normal; font-variant:normal; text-decoration:none; vertical-align:baseline; white-space:pre; white-space:pre-wrap;\">jedou ministranti s panem far\u00e1\u0159em na kol\u00e1ch Labskou stezku. V p\u0159\u00edpad\u011b pot\u0159eby k zasti\u017een\u00ed na telefonu.<\/span><\/p>\n<\/li>\n<li dir=\"ltr\" style=\"list-style-type:disc; font-size:12pt; font-family:'NotoSansSymbols'; color:#000000; background-color:transparent; font-weight:400; font-style:normal; font-variant:normal; text-decoration:none; vertical-align:baseline; white-space:pre;\">\n<p dir=\"ltr\" style=\"line-height:1.7999999999999998; margin-top:0pt; margin-bottom:0pt;\"><span style=\"font-size:12pt; font-family:'TimesNewRoman'; color:#000000; background-color:transparent; font-weight:700; font-style:normal; font-variant:normal; text-decoration:none; vertical-align:baseline; white-space:pre; white-space:pre-wrap;\">Pan d\u011bkan Linhart <\/span><span style=\"font-size:12pt; font-family:'TimesNewRoman'; color:#000000; background-color:transparent; font-weight:400; font-style:normal; font-variant:normal; text-decoration:none; vertical-align:baseline; white-space:pre; white-space:pre-wrap;\">je ji\u017e po operaci na rehabilitaci na Ko\u0161umberku.<\/span><\/p>\n<\/li>\n<li dir=\"ltr\" style=\"list-style-type:disc; font-size:12pt; font-family:'NotoSansSymbols'; color:#000000; background-color:transparent; font-weight:400; font-style:normal; font-variant:normal; text-decoration:none; vertical-align:baseline; white-space:pre;\">\n<p dir=\"ltr\" style=\"line-height:1.7999999999999998; margin-top:0pt; margin-bottom:0pt;\"><span style=\"font-size:12pt; font-family:'TimesNewRoman'; color:#000000; background-color:transparent; font-weight:700; font-style:normal; font-variant:normal; text-decoration:none; vertical-align:baseline; white-space:pre; white-space:pre-wrap;\">P\u0159ihl\u00e1\u0161ky do n\u00e1bo\u017eenstv\u00ed<\/span><span style=\"font-size:12pt; font-family:'TimesNewRoman'; color:#000000; background-color:transparent; font-weight:400; font-style:normal; font-variant:normal; text-decoration:none; vertical-align:baseline; white-space:pre; white-space:pre-wrap;\"> na p\u0159\u00ed\u0161t\u00ed \u0161koln\u00ed rok jsou k dispozici v kostele, ve \u0161kol\u00e1ch i na webu farnosti. Pros\u00edm rodi\u010de, aby up\u0159ednostnili n\u00e1bo\u017eenskou v\u00fdchovu d\u011bt\u00ed p\u0159ed ostatn\u00edmi krou\u017eky.<\/span><\/p>\n<\/li>\n<li dir=\"ltr\" style=\"list-style-type:disc; font-size:12pt; font-family:'NotoSansSymbols'; color:#000000; background-color:transparent; font-weight:400; font-style:normal; font-variant:normal; text-decoration:none; vertical-align:baseline; white-space:pre;\">\n<p dir=\"ltr\" style=\"line-height:1.7999999999999998; margin-top:0pt; margin-bottom:0pt;\"><span style=\"font-size:12pt; font-family:'TimesNewRoman'; color:#000000; background-color:transparent; font-weight:700; font-style:normal; font-variant:normal; text-decoration:none; vertical-align:baseline; white-space:pre; white-space:pre-wrap;\">Katolick\u00fd t\u00fdden\u00edk<\/span><span style=\"font-size:12pt; font-family:'TimesNewRoman'; color:#000000; background-color:transparent; font-weight:400; font-style:normal; font-variant:normal; text-decoration:none; vertical-align:baseline; white-space:pre; white-space:pre-wrap;\">: Matku Marii slavili v Pa\u0159\u00ed\u017ei i v Ir\u00e1ku; 110 let Orla; Farnost je Bo\u017e\u00ed lid na cest\u011b; rozhovor s muzikantem Janem Ficem; Doma: Herb\u00e1\u0159e.<\/span><\/p>\n<\/li>\n<\/ul>\n","protected":false},"excerpt":{"rendered":"<p>M\u0161e svat\u00e9: v p\u00e1tek v 18 h, v ned\u011bli v 9:30 h. P\u0159\u00ed\u0161t\u00ed ned\u011bli \u017eehn\u00e1n\u00ed d\u011btem a student\u016fm na za\u010d\u00e1tku \u0161koln\u00edho roku. TICH\u00c1 sb\u00edrka na opravy minulou ned\u011bli vynesla 6 277 K\u010d. Od pond\u011bl\u00ed do p\u00e1tku jedou ministranti s panem <a class=\"more-link\" href=\"https:\/\/www.farnostrana.cz\/?p=760\">Cel\u00fd \u010dl\u00e1nek  <span class=\"screen-reader-text\">  Ohl\u00e1\u0161ky \u2013 21. ned\u011ble v mezidob\u00ed 25. 8. 2019<\/span><span class=\"meta-nav\">&rarr;<\/span><\/a><\/p>\n","protected":false},"author":1,"featured_media":0,"comment_status":"closed","ping_status":"open","sticky":false,"template":"","format":"standard","meta":{"_monsterinsights_skip_tracking":false,"_monsterinsights_sitenote_active":false,"_monsterinsights_sitenote_note":"","_monsterinsights_sitenote_category":0,"footnotes":""},"categories":[3],"tags":[],"class_list":["post-760","post","type-post","status-publish","format-standard","hentry","category-ohlasky"],"_links":{"self":[{"href":"https:\/\/www.farnostrana.cz\/index.php?rest_route=\/wp\/v2\/posts\/760","targetHints":{"allow":["GET"]}}],"collection":[{"href":"https:\/\/www.farnostrana.cz\/index.php?rest_route=\/wp\/v2\/posts"}],"about":[{"href":"https:\/\/www.farnostrana.cz\/index.php?rest_route=\/wp\/v2\/types\/post"}],"author":[{"embeddable":true,"href":"https:\/\/www.farnostrana.cz\/index.php?rest_route=\/wp\/v2\/users\/1"}],"replies":[{"embeddable":true,"href":"https:\/\/www.farnostrana.cz\/index.php?rest_route=%2Fwp%2Fv2%2Fcomments&post=760"}],"version-history":[{"count":1,"href":"https:\/\/www.farnostrana.cz\/index.php?rest_route=\/wp\/v2\/posts\/760\/revisions"}],"predecessor-version":[{"id":761,"href":"https:\/\/www.farnostrana.cz\/index.php?rest_route=\/wp\/v2\/posts\/760\/revisions\/761"}],"wp:attachment":[{"href":"https:\/\/www.farnostrana.cz\/index.php?rest_route=%2Fwp%2Fv2%2Fmedia&parent=760"}],"wp:term":[{"taxonomy":"category","embeddable":true,"href":"https:\/\/www.farnostrana.cz\/index.php?rest_route=%2Fwp%2Fv2%2Fcategories&post=760"},{"taxonomy":"post_tag","embeddable":true,"href":"https:\/\/www.farnostrana.cz\/index.php?rest_route=%2Fwp%2Fv2%2Ftags&post=760"}],"curies":[{"name":"wp","href":"https:\/\/api.w.org\/{rel}","templated":true}]}}