{"id":758,"date":"2019-08-17T08:35:08","date_gmt":"2019-08-17T06:35:08","guid":{"rendered":"https:\/\/www.farnostrana.cz\/?p=758"},"modified":"2019-08-17T08:35:14","modified_gmt":"2019-08-17T06:35:14","slug":"ohlasky-o-20-nedeli-v-mezidobi-18-8-2019","status":"publish","type":"post","link":"https:\/\/www.farnostrana.cz\/?p=758","title":{"rendered":"Ohl\u00e1\u0161ky o 20. ned\u011bli v mezidob\u00ed 18. 8. 2019"},"content":{"rendered":"<ul style=\"margin-top:0; margin-bottom:0;\">\n<li dir=\"ltr\" style=\"list-style-type:disc; font-size:12pt; font-family:'NotoSansSymbols'; color:#000000; background-color:transparent; font-weight:700; font-style:normal; font-variant:normal; text-decoration:none; vertical-align:baseline; white-space:pre;\">\n<p dir=\"ltr\" style=\"line-height:1.7999999999999998; margin-top:12pt; margin-bottom:0pt;\"><span style=\"font-size:12pt; font-family:'TimesNewRoman'; color:#000000; background-color:transparent; font-weight:700; font-style:normal; font-variant:normal; text-decoration:none; vertical-align:baseline; white-space:pre; white-space:pre-wrap;\">M\u0161e svat\u00e9:<\/span><span style=\"font-size:12pt; font-family:'TimesNewRoman'; color:#000000; background-color:transparent; font-weight:400; font-style:normal; font-variant:normal; text-decoration:none; vertical-align:baseline; white-space:pre; white-space:pre-wrap;\"> v p\u00e1tek v 18 h, v ned\u011bli  v 9:30 h. Rozlou\u010den\u00ed a z\u00e1du\u0161n\u00ed m\u0161e za p.Franti\u0161ka Mu\u017e\u00edka ve st\u0159edu ve 14 h.<\/span><\/p>\n<\/li>\n<li dir=\"ltr\" style=\"list-style-type:disc; font-size:12pt; font-family:'NotoSansSymbols'; color:#000000; background-color:transparent; font-weight:400; font-style:normal; font-variant:normal; text-decoration:none; vertical-align:baseline; white-space:pre;\">\n<p dir=\"ltr\" style=\"line-height:1.7999999999999998; margin-top:0pt; margin-bottom:0pt;\"><span style=\"font-size:12pt; font-family:'TimesNewRoman'; color:#000000; background-color:transparent; font-weight:700; font-style:normal; font-variant:normal; text-decoration:none; vertical-align:baseline; white-space:pre; white-space:pre-wrap;\">Dnes TICH\u00c1 sb\u00edrka na opravy. <\/span><\/p>\n<\/li>\n<li dir=\"ltr\" style=\"list-style-type:disc; font-size:12pt; font-family:'NotoSansSymbols'; color:#000000; background-color:transparent; font-weight:400; font-style:normal; font-variant:normal; text-decoration:none; vertical-align:baseline; white-space:pre;\">\n<p dir=\"ltr\" style=\"line-height:1.7999999999999998; margin-top:0pt; margin-bottom:0pt;\"><span style=\"font-size:12pt; font-family:'TimesNewRoman'; color:#000000; background-color:transparent; font-weight:700; font-style:normal; font-variant:normal; text-decoration:none; vertical-align:baseline; white-space:pre; white-space:pre-wrap;\">\u00dav\u011br na stavbu Komunitn\u00edho centra je ji\u017e splacen z p\u0159i\u0161l\u00e9 dotace. <\/span><span style=\"font-size:12pt; font-family:'TimesNewRoman'; color:#000000; background-color:transparent; font-weight:400; font-style:normal; font-variant:normal; text-decoration:none; vertical-align:baseline; white-space:pre; white-space:pre-wrap;\">Na\u0161e farnost nem\u00e1 \u017e\u00e1dn\u00e9 dluhy. <\/span><\/p>\n<\/li>\n<li dir=\"ltr\" style=\"list-style-type:disc; font-size:12pt; font-family:'NotoSansSymbols'; color:#000000; background-color:transparent; font-weight:400; font-style:normal; font-variant:normal; text-decoration:none; vertical-align:baseline; white-space:pre;\">\n<p dir=\"ltr\" style=\"line-height:1.7999999999999998; margin-top:0pt; margin-bottom:0pt;\"><span style=\"font-size:12pt; font-family:'TimesNewRoman'; color:#000000; background-color:transparent; font-weight:700; font-style:normal; font-variant:normal; text-decoration:none; vertical-align:baseline; white-space:pre; white-space:pre-wrap;\">P\u0159ihl\u00e1\u0161ky do n\u00e1bo\u017eenstv\u00ed<\/span><span style=\"font-size:12pt; font-family:'TimesNewRoman'; color:#000000; background-color:transparent; font-weight:400; font-style:normal; font-variant:normal; text-decoration:none; vertical-align:baseline; white-space:pre; white-space:pre-wrap;\"> na p\u0159\u00ed\u0161t\u00ed \u0161koln\u00ed rok jsou k dispozici v kostele, ve \u0161kol\u00e1ch i na webu farnosti. Pros\u00edm rodi\u010de, aby up\u0159ednostnili n\u00e1bo\u017eenskou v\u00fdchovu d\u011bt\u00ed p\u0159ed ostatn\u00edmi krou\u017eky.<\/span><\/p>\n<\/li>\n<li dir=\"ltr\" style=\"list-style-type:disc; font-size:12pt; font-family:'NotoSansSymbols'; color:#000000; background-color:transparent; font-weight:400; font-style:normal; font-variant:normal; text-decoration:none; vertical-align:baseline; white-space:pre;\">\n<p dir=\"ltr\" style=\"line-height:1.7999999999999998; margin-top:0pt; margin-bottom:0pt;\"><span style=\"font-size:12pt; font-family:'TimesNewRoman'; color:#000000; background-color:transparent; font-weight:700; font-style:normal; font-variant:normal; text-decoration:none; vertical-align:baseline; white-space:pre; white-space:pre-wrap;\">Katolick\u00fd t\u00fdden\u00edk<\/span><span style=\"font-size:12pt; font-family:'TimesNewRoman'; color:#000000; background-color:transparent; font-weight:400; font-style:normal; font-variant:normal; text-decoration:none; vertical-align:baseline; white-space:pre; white-space:pre-wrap;\">: pape\u017e \u2013 O\u017eivme s\u00edlu Evropy; T\u00e9ma: Kl\u00e1\u0161tern\u00ed zahrady; Perspektivy: Zachovat si odv\u00e1\u017en\u00e9 srdce; rozhovor s Ludv\u00edkem Stoklasou; Doma: span\u00ed pod \u0161ir\u00e1kem.<\/span><\/p>\n<\/li>\n<\/ul>\n","protected":false},"excerpt":{"rendered":"<p>M\u0161e svat\u00e9: v p\u00e1tek v 18 h, v ned\u011bli v 9:30 h. Rozlou\u010den\u00ed a z\u00e1du\u0161n\u00ed m\u0161e za p.Franti\u0161ka Mu\u017e\u00edka ve st\u0159edu ve 14 h. Dnes TICH\u00c1 sb\u00edrka na opravy. \u00dav\u011br na stavbu Komunitn\u00edho centra je ji\u017e splacen z p\u0159i\u0161l\u00e9 dotace. <a class=\"more-link\" href=\"https:\/\/www.farnostrana.cz\/?p=758\">Cel\u00fd \u010dl\u00e1nek  <span class=\"screen-reader-text\">  Ohl\u00e1\u0161ky o 20. ned\u011bli v mezidob\u00ed 18. 8. 2019<\/span><span class=\"meta-nav\">&rarr;<\/span><\/a><\/p>\n","protected":false},"author":1,"featured_media":0,"comment_status":"closed","ping_status":"open","sticky":false,"template":"","format":"standard","meta":{"_monsterinsights_skip_tracking":false,"_monsterinsights_sitenote_active":false,"_monsterinsights_sitenote_note":"","_monsterinsights_sitenote_category":0,"footnotes":""},"categories":[3],"tags":[],"class_list":["post-758","post","type-post","status-publish","format-standard","hentry","category-ohlasky"],"_links":{"self":[{"href":"https:\/\/www.farnostrana.cz\/index.php?rest_route=\/wp\/v2\/posts\/758","targetHints":{"allow":["GET"]}}],"collection":[{"href":"https:\/\/www.farnostrana.cz\/index.php?rest_route=\/wp\/v2\/posts"}],"about":[{"href":"https:\/\/www.farnostrana.cz\/index.php?rest_route=\/wp\/v2\/types\/post"}],"author":[{"embeddable":true,"href":"https:\/\/www.farnostrana.cz\/index.php?rest_route=\/wp\/v2\/users\/1"}],"replies":[{"embeddable":true,"href":"https:\/\/www.farnostrana.cz\/index.php?rest_route=%2Fwp%2Fv2%2Fcomments&post=758"}],"version-history":[{"count":1,"href":"https:\/\/www.farnostrana.cz\/index.php?rest_route=\/wp\/v2\/posts\/758\/revisions"}],"predecessor-version":[{"id":759,"href":"https:\/\/www.farnostrana.cz\/index.php?rest_route=\/wp\/v2\/posts\/758\/revisions\/759"}],"wp:attachment":[{"href":"https:\/\/www.farnostrana.cz\/index.php?rest_route=%2Fwp%2Fv2%2Fmedia&parent=758"}],"wp:term":[{"taxonomy":"category","embeddable":true,"href":"https:\/\/www.farnostrana.cz\/index.php?rest_route=%2Fwp%2Fv2%2Fcategories&post=758"},{"taxonomy":"post_tag","embeddable":true,"href":"https:\/\/www.farnostrana.cz\/index.php?rest_route=%2Fwp%2Fv2%2Ftags&post=758"}],"curies":[{"name":"wp","href":"https:\/\/api.w.org\/{rel}","templated":true}]}}