{"id":756,"date":"2019-08-11T00:04:40","date_gmt":"2019-08-10T22:04:40","guid":{"rendered":"https:\/\/www.farnostrana.cz\/?p=756"},"modified":"2019-08-11T00:04:43","modified_gmt":"2019-08-10T22:04:43","slug":"ohlasky-o-19-nedele-v-mezidobi-11-8-2019","status":"publish","type":"post","link":"https:\/\/www.farnostrana.cz\/?p=756","title":{"rendered":"Ohl\u00e1\u0161ky o 19. ned\u011ble v mezidob\u00ed 11. 8. 2019"},"content":{"rendered":"\n<h4 class=\"wp-block-heading\"><\/h4>\n\n\n\n<ul class=\"wp-block-list\"><li><strong>M\u0161e svat\u00e9:<\/strong> ve \u010dtvrtek na slavnost Nanebevzet\u00ed PM v\u00a018 h, v p\u00e1tek v\u00a018 h, v\u00a0ned\u011bli\u00a0 v\u00a09:30 h. <\/li><li><strong>P. Jan Linhart<\/strong> bude od pond\u011bl\u00ed ze zdravotn\u00edch d\u016fvod\u016f nep\u0159\u00edtomen.<\/li><li><strong>P\u0159\u00ed\u0161t\u00ed ned\u011bli TICH\u00c1 sb\u00edrka na opravy. <\/strong><\/li><li><strong>D\u011bkuji mu\u017e\u016fm a chlapc\u016fm<\/strong>, kte\u0159\u00ed v\u00a0uplynul\u00fdch dnech pom\u00e1hali s\u00a0likvidac\u00ed k\u016frovce v\u00a0na\u0161em lese a stavbou cesty. Pokra\u010dujeme. Mohou se zapojit i star\u0161\u00ed d\u011bti.<\/li><li><strong>P\u0159ihl\u00e1\u0161ky do n\u00e1bo\u017eenstv\u00ed<\/strong> na p\u0159\u00ed\u0161t\u00ed \u0161koln\u00ed rok budou k\u00a0dispozici v\u00a0kostele, ve \u0161kol\u00e1ch i na webu farnosti. Pros\u00edm rodi\u010de, aby up\u0159ednostnili n\u00e1bo\u017eenskou v\u00fdchovu d\u011bt\u00ed p\u0159ed ostatn\u00edmi krou\u017eky.<\/li><li><strong>Dostali jsme dal\u0161\u00ed dopis a vysv\u011bd\u010den\u00ed adoptivn\u00edho syna Josepha Nadkattina. <\/strong>Bude i s\u00a0obr\u00e1zky na n\u00e1st\u011bnce.<\/li><li><strong>N\u00e1rodn\u00ed pou\u0165 do \u0158\u00edma 11. \u2013 13.11. k\u00a030. v\u00fdro\u010d\u00ed svato\u0159e\u010den\u00ed Ane\u017eky \u010cesk\u00e9 <\/strong>\u2013 mo\u017enost p\u0159ihla\u0161ovat se na pou\u0165 na www.bihk.cz, mo\u017enost p\u0159ipojit se ke spole\u010dn\u00e9mu daru Koruna sv. Ane\u017eky \u010cesk\u00e9 \u2013 viz. www.anezka2019.cz<\/li><li><strong>Katolick\u00fd t\u00fdden\u00edk<\/strong>: Pape\u017e p\u00ed\u0161e kn\u011b\u017e\u00edm na povzbuzen\u00ed; T\u00e9ma: Anim\u00e1to\u0159i; Perspektivy: Pout\u011b, kter\u00e9 utv\u00e1\u0159ely n\u00e1rod; rozhovor s\u00a0mision\u00e1\u0159kami z\u00a0Plzn\u011b; Doma: Cesta man\u017eel\u016f v\u00a0Rokoli.<\/li><\/ul>\n","protected":false},"excerpt":{"rendered":"<p>M\u0161e svat\u00e9: ve \u010dtvrtek na slavnost Nanebevzet\u00ed PM v\u00a018 h, v p\u00e1tek v\u00a018 h, v\u00a0ned\u011bli\u00a0 v\u00a09:30 h. P. Jan Linhart bude od pond\u011bl\u00ed ze zdravotn\u00edch d\u016fvod\u016f nep\u0159\u00edtomen. P\u0159\u00ed\u0161t\u00ed ned\u011bli TICH\u00c1 sb\u00edrka na opravy. D\u011bkuji mu\u017e\u016fm a chlapc\u016fm, kte\u0159\u00ed v\u00a0uplynul\u00fdch dnech <a class=\"more-link\" href=\"https:\/\/www.farnostrana.cz\/?p=756\">Cel\u00fd \u010dl\u00e1nek  <span class=\"screen-reader-text\">  Ohl\u00e1\u0161ky o 19. ned\u011ble v mezidob\u00ed 11. 8. 2019<\/span><span class=\"meta-nav\">&rarr;<\/span><\/a><\/p>\n","protected":false},"author":1,"featured_media":0,"comment_status":"closed","ping_status":"open","sticky":false,"template":"","format":"standard","meta":{"_monsterinsights_skip_tracking":false,"_monsterinsights_sitenote_active":false,"_monsterinsights_sitenote_note":"","_monsterinsights_sitenote_category":0,"footnotes":""},"categories":[3],"tags":[],"class_list":["post-756","post","type-post","status-publish","format-standard","hentry","category-ohlasky"],"_links":{"self":[{"href":"https:\/\/www.farnostrana.cz\/index.php?rest_route=\/wp\/v2\/posts\/756","targetHints":{"allow":["GET"]}}],"collection":[{"href":"https:\/\/www.farnostrana.cz\/index.php?rest_route=\/wp\/v2\/posts"}],"about":[{"href":"https:\/\/www.farnostrana.cz\/index.php?rest_route=\/wp\/v2\/types\/post"}],"author":[{"embeddable":true,"href":"https:\/\/www.farnostrana.cz\/index.php?rest_route=\/wp\/v2\/users\/1"}],"replies":[{"embeddable":true,"href":"https:\/\/www.farnostrana.cz\/index.php?rest_route=%2Fwp%2Fv2%2Fcomments&post=756"}],"version-history":[{"count":1,"href":"https:\/\/www.farnostrana.cz\/index.php?rest_route=\/wp\/v2\/posts\/756\/revisions"}],"predecessor-version":[{"id":757,"href":"https:\/\/www.farnostrana.cz\/index.php?rest_route=\/wp\/v2\/posts\/756\/revisions\/757"}],"wp:attachment":[{"href":"https:\/\/www.farnostrana.cz\/index.php?rest_route=%2Fwp%2Fv2%2Fmedia&parent=756"}],"wp:term":[{"taxonomy":"category","embeddable":true,"href":"https:\/\/www.farnostrana.cz\/index.php?rest_route=%2Fwp%2Fv2%2Fcategories&post=756"},{"taxonomy":"post_tag","embeddable":true,"href":"https:\/\/www.farnostrana.cz\/index.php?rest_route=%2Fwp%2Fv2%2Ftags&post=756"}],"curies":[{"name":"wp","href":"https:\/\/api.w.org\/{rel}","templated":true}]}}