{"id":731,"date":"2019-06-29T21:23:48","date_gmt":"2019-06-29T19:23:48","guid":{"rendered":"https:\/\/www.farnostrana.cz\/?p=731"},"modified":"2019-06-29T21:24:18","modified_gmt":"2019-06-29T19:24:18","slug":"ohlasky-13-nedele-v-mezidobi-23-6-2019","status":"publish","type":"post","link":"https:\/\/www.farnostrana.cz\/?p=731","title":{"rendered":"Ohl\u00e1\u0161ky 13. ned\u011ble v mezidob\u00ed 23. 6. 2019"},"content":{"rendered":"<ul style=\"margin-top:0pt; margin-bottom:0pt;\">\n<li dir=\"ltr\" style=\"list-style-type:disc; font-size:12pt; font-family:'NotoSansSymbols'; color:#000000; background-color:transparent; font-weight:400; font-style:normal; font-variant:normal; text-decoration:none; vertical-align:baseline; white-space:pre;\">\n<p dir=\"ltr\" style=\"line-height:1.7999999999999998; margin-top:12pt; margin-bottom:0pt;\"><span style=\"font-size:12pt; font-family:'TimesNewRoman'; color:#000000; background-color:transparent; font-weight:700; font-style:normal; font-variant:normal; text-decoration:none; vertical-align:baseline; white-space:pre; white-space:pre-wrap;\">M\u0161e svat\u00e9:<\/span><span style=\"font-size:12pt; font-family:'TimesNewRoman'; color:#000000; background-color:transparent; font-weight:400; font-style:normal; font-variant:normal; text-decoration:none; vertical-align:baseline; white-space:pre; white-space:pre-wrap;\"> v p\u00e1tek o slavnost sv. Cyrila a Metod\u011bje v 9:30 h v Mr\u00e1kot\u00edn\u011b, v ned\u011bli v 9:30 h Ran\u00e1. K\u0159est v 11 h \u0160arlota Alena Pavl\u00ed\u010dkov\u00e1.<\/span><\/p>\n<\/li>\n<li dir=\"ltr\" style=\"list-style-type:disc; font-size:12pt; font-family:'NotoSansSymbols'; color:#000000; background-color:transparent; font-weight:700; font-style:normal; font-variant:normal; text-decoration:none; vertical-align:baseline; white-space:pre;\">\n<p dir=\"ltr\" style=\"line-height:1.7999999999999998; margin-top:0pt; margin-bottom:0pt;\"><span style=\"font-size:12pt; font-family:'TimesNewRoman'; color:#000000; background-color:transparent; font-weight:700; font-style:normal; font-variant:normal; text-decoration:none; vertical-align:baseline; white-space:pre; white-space:pre-wrap;\">Sb\u00edrka na Charitu <\/span><span style=\"font-size:12pt; font-family:'TimesNewRoman'; color:#000000; background-color:transparent; font-weight:400; font-style:normal; font-variant:normal; text-decoration:none; vertical-align:baseline; white-space:pre; white-space:pre-wrap;\">vynesla 3 420 K\u010d<\/span><span style=\"font-size:12pt; font-family:'TimesNewRoman'; color:#000000; background-color:transparent; font-weight:700; font-style:normal; font-variant:normal; text-decoration:none; vertical-align:baseline; white-space:pre; white-space:pre-wrap;\">.<\/span><\/p>\n<\/li>\n<li dir=\"ltr\" style=\"list-style-type:disc; font-size:12pt; font-family:'NotoSansSymbols'; color:#000000; background-color:transparent; font-weight:400; font-style:normal; font-variant:normal; text-decoration:none; vertical-align:baseline; white-space:pre;\">\n<p dir=\"ltr\" style=\"line-height:1.7999999999999998; margin-top:0pt; margin-bottom:0pt;\"><span style=\"font-size:12pt; font-family:'TimesNewRoman'; color:#000000; background-color:transparent; font-weight:700; font-style:normal; font-variant:normal; text-decoration:none; vertical-align:baseline; white-space:pre; white-space:pre-wrap;\">Diec\u00e9zn\u00ed kalend\u00e1\u0159e<\/span><span style=\"font-size:12pt; font-family:'TimesNewRoman'; color:#000000; background-color:transparent; font-weight:400; font-style:normal; font-variant:normal; text-decoration:none; vertical-align:baseline; white-space:pre; white-space:pre-wrap;\"> <\/span><span style=\"font-size:12pt; font-family:'TimesNewRoman'; color:#000000; background-color:transparent; font-weight:700; font-style:normal; font-variant:normal; text-decoration:none; vertical-align:baseline; white-space:pre; white-space:pre-wrap;\">2020<\/span><span style=\"font-size:12pt; font-family:'TimesNewRoman'; color:#000000; background-color:transparent; font-weight:400; font-style:normal; font-variant:normal; text-decoration:none; vertical-align:baseline; white-space:pre; white-space:pre-wrap;\"> si m\u016f\u017eete vyzvednout v kostele, cena 70 K\u010d.<\/span><\/p>\n<\/li>\n<li dir=\"ltr\" style=\"list-style-type:disc; font-size:12pt; font-family:'NotoSansSymbols'; color:#000000; background-color:transparent; font-weight:400; font-style:normal; font-variant:normal; text-decoration:none; vertical-align:baseline; white-space:pre;\">\n<p dir=\"ltr\" style=\"line-height:1.7999999999999998; margin-top:0pt; margin-bottom:0pt;\"><span style=\"font-size:12pt; font-family:'TimesNewRoman'; color:#000000; background-color:transparent; font-weight:700; font-style:normal; font-variant:normal; text-decoration:none; vertical-align:baseline; white-space:pre; white-space:pre-wrap;\">Komunitn\u00ed centrum P.F.X.Mimry<\/span><span style=\"font-size:12pt; font-family:'TimesNewRoman'; color:#000000; background-color:transparent; font-weight:400; font-style:normal; font-variant:normal; text-decoration:none; vertical-align:baseline; white-space:pre; white-space:pre-wrap;\"> \u2013 byla pod\u00e1na \u017e\u00e1dost na proplacen\u00ed dotace.<\/span><\/p>\n<\/li>\n<li dir=\"ltr\" style=\"list-style-type:disc; font-size:12pt; font-family:'NotoSansSymbols'; color:#000000; background-color:transparent; font-weight:400; font-style:normal; font-variant:normal; text-decoration:none; vertical-align:baseline; white-space:pre;\">\n<p dir=\"ltr\" style=\"line-height:1.7999999999999998; margin-top:0pt; margin-bottom:0pt;\"><span style=\"font-size:12pt; font-family:'TimesNewRoman'; color:#000000; background-color:transparent; font-weight:700; font-style:normal; font-variant:normal; text-decoration:none; vertical-align:baseline; white-space:pre; white-space:pre-wrap;\">Farn\u00ed t\u00e1bor pro d\u011bti 28.7. \u2013 3.8. letos zde v nov\u00e9m Komunitn\u00edm centru <\/span>F.X.Mimry v Ran\u00e9. P\u0159ihl\u00e1\u0161ky v kostele nebo ke sta\u017een\u00ed na na\u0161ich webov\u00fdch str\u00e1nk\u00e1ch. Kapacita t\u00e9m\u011b\u0159 vy\u010derp\u00e1na.<\/p>\n<\/li>\n<\/ul>\n<ul style=\"margin-top:0pt; margin-bottom:0pt;\">\n<li dir=\"ltr\" style=\"list-style-type:disc; font-size:12pt; font-family:'NotoSansSymbols'; color:#000000; background-color:transparent; font-weight:400; font-style:normal; font-variant:normal; text-decoration:none; vertical-align:baseline; white-space:pre;\">\n<p dir=\"ltr\" style=\"line-height:1.7999999999999998; margin-top:0pt; margin-bottom:0pt;\"><span style=\"font-size:12pt; font-family:'TimesNewRoman'; color:#000000; background-color:transparent; font-weight:700; font-style:normal; font-variant:normal; text-decoration:none; vertical-align:baseline; white-space:pre; white-space:pre-wrap;\">Katolick\u00fd t\u00fdden\u00edk<\/span><span style=\"font-size:12pt; font-family:'TimesNewRoman'; color:#000000; background-color:transparent; font-weight:400; font-style:normal; font-variant:normal; text-decoration:none; vertical-align:baseline; white-space:pre; white-space:pre-wrap;\">: Dvoj\u010d\u00edslo \u2013 Putov\u00e1n\u00ed s \u017eiv\u00fdm Mistrem; T\u00e9ma: Izrael; Perspektivy: Jan Hus; rozhovor s biblistou Filipem \u010capkem; Doma: Bal\u00edme na dovolenou; p\u0159\u00edloha L\u00e9to s KT v\u010detn\u011b zah\u00e1jen\u00ed letn\u00ed sout\u011b\u017ee.<\/span><\/p>\n<\/li>\n<\/ul>\n","protected":false},"excerpt":{"rendered":"<p>M\u0161e svat\u00e9: v p\u00e1tek o slavnost sv. Cyrila a Metod\u011bje v 9:30 h v Mr\u00e1kot\u00edn\u011b, v ned\u011bli v 9:30 h Ran\u00e1. K\u0159est v 11 h \u0160arlota Alena Pavl\u00ed\u010dkov\u00e1. Sb\u00edrka na Charitu vynesla 3 420 K\u010d. Diec\u00e9zn\u00ed kalend\u00e1\u0159e 2020 si m\u016f\u017eete <a class=\"more-link\" href=\"https:\/\/www.farnostrana.cz\/?p=731\">Cel\u00fd \u010dl\u00e1nek  <span class=\"screen-reader-text\">  Ohl\u00e1\u0161ky 13. ned\u011ble v mezidob\u00ed 23. 6. 2019<\/span><span class=\"meta-nav\">&rarr;<\/span><\/a><\/p>\n","protected":false},"author":1,"featured_media":0,"comment_status":"closed","ping_status":"open","sticky":false,"template":"","format":"standard","meta":{"_monsterinsights_skip_tracking":false,"_monsterinsights_sitenote_active":false,"_monsterinsights_sitenote_note":"","_monsterinsights_sitenote_category":0,"footnotes":""},"categories":[3],"tags":[],"class_list":["post-731","post","type-post","status-publish","format-standard","hentry","category-ohlasky"],"_links":{"self":[{"href":"https:\/\/www.farnostrana.cz\/index.php?rest_route=\/wp\/v2\/posts\/731","targetHints":{"allow":["GET"]}}],"collection":[{"href":"https:\/\/www.farnostrana.cz\/index.php?rest_route=\/wp\/v2\/posts"}],"about":[{"href":"https:\/\/www.farnostrana.cz\/index.php?rest_route=\/wp\/v2\/types\/post"}],"author":[{"embeddable":true,"href":"https:\/\/www.farnostrana.cz\/index.php?rest_route=\/wp\/v2\/users\/1"}],"replies":[{"embeddable":true,"href":"https:\/\/www.farnostrana.cz\/index.php?rest_route=%2Fwp%2Fv2%2Fcomments&post=731"}],"version-history":[{"count":2,"href":"https:\/\/www.farnostrana.cz\/index.php?rest_route=\/wp\/v2\/posts\/731\/revisions"}],"predecessor-version":[{"id":733,"href":"https:\/\/www.farnostrana.cz\/index.php?rest_route=\/wp\/v2\/posts\/731\/revisions\/733"}],"wp:attachment":[{"href":"https:\/\/www.farnostrana.cz\/index.php?rest_route=%2Fwp%2Fv2%2Fmedia&parent=731"}],"wp:term":[{"taxonomy":"category","embeddable":true,"href":"https:\/\/www.farnostrana.cz\/index.php?rest_route=%2Fwp%2Fv2%2Fcategories&post=731"},{"taxonomy":"post_tag","embeddable":true,"href":"https:\/\/www.farnostrana.cz\/index.php?rest_route=%2Fwp%2Fv2%2Ftags&post=731"}],"curies":[{"name":"wp","href":"https:\/\/api.w.org\/{rel}","templated":true}]}}