{"id":722,"date":"2019-06-15T21:28:08","date_gmt":"2019-06-15T19:28:08","guid":{"rendered":"https:\/\/www.farnostrana.cz\/?p=722"},"modified":"2019-06-17T14:48:12","modified_gmt":"2019-06-17T12:48:12","slug":"ohlasky-na-slavnost-nejsvetejsi-trojice-16-6-2019","status":"publish","type":"post","link":"https:\/\/www.farnostrana.cz\/?p=722","title":{"rendered":"Ohl\u00e1\u0161ky na slavnost Nejsv\u011bt\u011bj\u0161\u00ed Trojice 16.6.2019"},"content":{"rendered":"<p>\u2022 M\u0161e svat\u00e9: v \u00fater\u00fd ve 13 h poh\u0159eb Zden\u011bk Sodomka, v p\u00e1tek poh\u0159by ve 13:30 Jitka Ad\u00e1mkov\u00e1 a v 15 h Jind\u0159i\u0161ka Zelen\u00e1, ve\u010dern\u00ed m\u0161e v 18 h. V ned\u011bli slavnost T\u011bla a Krve P\u00e1n\u011b v 9:30 h s pr\u016fvodem po n\u00e1vsi.<br \/>\n\u2022 Dnes TICH\u00c1 sb\u00edrka na opravy kostela a vybaven\u00ed KC. P\u0159\u00ed\u0161t\u00ed ned\u011bli sb\u00edrka na Charitu.<br \/>\n\u2022 D\u011bkuji je\u0161t\u011b jednou v\u0161em, kdo jakkoliv p\u0159isp\u011bli k uskute\u010dn\u011bn\u00ed Farn\u00edho dne s otev\u0159en\u00edm Komunitn\u00edho centra!<br \/>\n\u2022 Stavba KC byla tento t\u00fdden zaplacena z \u00fav\u011bru. \u010cek\u00e1me na proplacen\u00ed dotace.<br \/>\n\u2022 Po\u0159\u00eddili jsme 11 nov\u00fdch ministrantsk\u00fdch oblek\u016f za 11 tis. K\u010d, aby se obm\u011bnily obno\u0161en\u00e9 kusy a doplnily chyb\u011bj\u00edc\u00ed.<br \/>\n\u2022 Farn\u00ed t\u00e1bor pro d\u011bti 28.7. \u2013 3.8. letos zde v nov\u00e9m Komunitn\u00edm centru<br \/>\nF.X.Mimry v Ran\u00e9. P\u0159ihl\u00e1\u0161ky dostaly d\u011bti v n\u00e1bo\u017eenstv\u00ed, jsou i v kostele nebo ke sta\u017een\u00ed na na\u0161ich webov\u00fdch str\u00e1nk\u00e1ch.<br \/>\n\u2022 Katolick\u00fd t\u00fdden\u00edk: Vstoupili do k\u0159es\u0165ansk\u00e9 dosp\u011blosti; T\u00e9ma: Karl\u016fv most; Perspektivy: Modlit se a jednat solid\u00e1rn\u011b; rozhovor s novin\u00e1\u0159em Franti\u0161kem M\u00fa\u010dkou; Doma: Od kluka k mu\u017ei. V diec\u00e9zn\u00ed p\u0159\u00edloze je fotografie a kr\u00e1tk\u00e1 zpr\u00e1va o otev\u0159en\u00ed KC v Ran\u00e9.<br \/>\n\u2022 Autobus do Prahy na Letnou na demonstraci za svobodu p\u0159\u00ed\u0161t\u00ed ned\u011bli 23.6. pojede z Hlinska, cena 300 K\u010d, p\u0159ihla\u0161ov\u00e1n\u00ed na Fcb nebo v sakristii.<\/p>\n","protected":false},"excerpt":{"rendered":"<p>\u2022 M\u0161e svat\u00e9: v \u00fater\u00fd ve 13 h poh\u0159eb Zden\u011bk Sodomka, v p\u00e1tek poh\u0159by ve 13:30 Jitka Ad\u00e1mkov\u00e1 a v 15 h Jind\u0159i\u0161ka Zelen\u00e1, ve\u010dern\u00ed m\u0161e v 18 h. V ned\u011bli slavnost T\u011bla a Krve P\u00e1n\u011b v 9:30 h s <a class=\"more-link\" href=\"https:\/\/www.farnostrana.cz\/?p=722\">Cel\u00fd \u010dl\u00e1nek  <span class=\"screen-reader-text\">  Ohl\u00e1\u0161ky na slavnost Nejsv\u011bt\u011bj\u0161\u00ed Trojice 16.6.2019<\/span><span class=\"meta-nav\">&rarr;<\/span><\/a><\/p>\n","protected":false},"author":1,"featured_media":0,"comment_status":"closed","ping_status":"open","sticky":false,"template":"","format":"standard","meta":{"_monsterinsights_skip_tracking":false,"_monsterinsights_sitenote_active":false,"_monsterinsights_sitenote_note":"","_monsterinsights_sitenote_category":0,"footnotes":""},"categories":[3],"tags":[],"class_list":["post-722","post","type-post","status-publish","format-standard","hentry","category-ohlasky"],"_links":{"self":[{"href":"https:\/\/www.farnostrana.cz\/index.php?rest_route=\/wp\/v2\/posts\/722","targetHints":{"allow":["GET"]}}],"collection":[{"href":"https:\/\/www.farnostrana.cz\/index.php?rest_route=\/wp\/v2\/posts"}],"about":[{"href":"https:\/\/www.farnostrana.cz\/index.php?rest_route=\/wp\/v2\/types\/post"}],"author":[{"embeddable":true,"href":"https:\/\/www.farnostrana.cz\/index.php?rest_route=\/wp\/v2\/users\/1"}],"replies":[{"embeddable":true,"href":"https:\/\/www.farnostrana.cz\/index.php?rest_route=%2Fwp%2Fv2%2Fcomments&post=722"}],"version-history":[{"count":2,"href":"https:\/\/www.farnostrana.cz\/index.php?rest_route=\/wp\/v2\/posts\/722\/revisions"}],"predecessor-version":[{"id":724,"href":"https:\/\/www.farnostrana.cz\/index.php?rest_route=\/wp\/v2\/posts\/722\/revisions\/724"}],"wp:attachment":[{"href":"https:\/\/www.farnostrana.cz\/index.php?rest_route=%2Fwp%2Fv2%2Fmedia&parent=722"}],"wp:term":[{"taxonomy":"category","embeddable":true,"href":"https:\/\/www.farnostrana.cz\/index.php?rest_route=%2Fwp%2Fv2%2Fcategories&post=722"},{"taxonomy":"post_tag","embeddable":true,"href":"https:\/\/www.farnostrana.cz\/index.php?rest_route=%2Fwp%2Fv2%2Ftags&post=722"}],"curies":[{"name":"wp","href":"https:\/\/api.w.org\/{rel}","templated":true}]}}