{"id":714,"date":"2019-06-08T21:47:55","date_gmt":"2019-06-08T19:47:55","guid":{"rendered":"https:\/\/www.farnostrana.cz\/?p=714"},"modified":"2019-06-12T08:50:28","modified_gmt":"2019-06-12T06:50:28","slug":"ohlasky-na-slavnost-seslani-ducha-svateho-9-6-2019","status":"publish","type":"post","link":"https:\/\/www.farnostrana.cz\/?p=714","title":{"rendered":"Ohl\u00e1\u0161ky na slavnost Sesl\u00e1n\u00ed Ducha Svat\u00e9ho 9. 6. 2019"},"content":{"rendered":"<ul>\n<li dir=\"ltr\" style=\"line-height: 1.8;\"><span style=\"font-size: 12pt; font-family: 'TimesNewRoman'; color: #000000; background-color: transparent; font-weight: bold; font-style: normal; font-variant: normal; text-decoration: none; vertical-align: baseline; white-space: pre-wrap;\">M\u0161e svat\u00e9:<\/span><span style=\"font-size: 12pt; font-family: 'TimesNewRoman'; color: #000000; background-color: transparent; font-weight: 400; font-style: normal; font-variant: normal; text-decoration: none; vertical-align: baseline; white-space: pre-wrap;\"> v p\u00e1tek v 18 h, v ned\u011bli v 8 h pou\u0165 Proset\u00edn, <\/span><strong style=\"background-color: transparent; font-family: NotoSansSymbols; font-size: 12pt; font-style: normal;\">v 9:30 h Ran\u00e1 pro d\u011bti s\u00a0loutkov\u00fdm k\u00e1z\u00e1n\u00edm. <\/strong><\/li>\n<li><strong>P\u0159\u00ed\u0161t\u00ed ned\u011bli TICH\u00c1 sb\u00edrka na opravy a vybaven\u00ed KC.<\/strong><\/li>\n<li dir=\"ltr\" style=\"line-height: 1.8;\"><span style=\"font-size: 12pt; font-family: 'TimesNewRoman'; color: #000000; background-color: transparent; font-weight: bold; font-style: normal; font-variant: normal; text-decoration: none; vertical-align: baseline; white-space: pre-wrap;\">Farn\u00ed den dnes v ned\u011bli 9.6<\/span><span style=\"font-size: 12pt; font-family: 'TimesNewRoman'; color: #000000; background-color: transparent; font-weight: 400; font-style: normal; font-variant: normal; text-decoration: none; vertical-align: baseline; white-space: pre-wrap;\">. Po skon\u010den\u00ed m\u0161e se v\u0161ichni p\u0159esuneme na farn\u00ed dv\u016fr. Po proslovech a p\u0159est\u0159i\u017een\u00ed p\u00e1sky si m\u016f\u017eete prohl\u00e9dnout nov\u00e9 Komunitn\u00edho centra, pokochat obrazy Vojt\u011bcha Jehli\u010dky z Kladna, po ob\u011bd\u011b pak vyslechnout koncert.<\/span><\/li>\n<li dir=\"ltr\" style=\"line-height: 1.8;\"><span style=\"font-size: 12pt; font-family: 'TimesNewRoman'; color: #000000; background-color: transparent; font-weight: bold; font-style: normal; font-variant: normal; text-decoration: none; vertical-align: baseline; white-space: pre-wrap;\">T\u00fdden brig\u00e1d: D\u011bkuji v\u0161em, kdo v uplynul\u00e9m t\u00fddnu p\u0159i\u0161li pomoci na farn\u00ed zahradu a pomohli s p\u0159\u00edpravou Farn\u00edho dne!<\/span><\/li>\n<li dir=\"ltr\" style=\"line-height: 1.8;\"><span style=\"font-size: 12pt; font-family: 'TimesNewRoman'; color: #000000; background-color: transparent; font-weight: bold; font-style: normal; font-variant: normal; text-decoration: none; vertical-align: baseline; white-space: pre-wrap;\">V\u00fduka n\u00e1bo\u017eenstv\u00ed kon\u010d\u00ed<\/span><span style=\"font-size: 12pt; font-family: 'TimesNewRoman'; color: #000000; background-color: transparent; font-weight: 400; font-style: normal; font-variant: normal; text-decoration: none; vertical-align: baseline; white-space: pre-wrap;\"> tento t\u00fdden, krom\u011b v\u00fdjimek. D\u011bti dostanou vysv\u011bd\u010den\u00ed a d\u00e1rek.<\/span><\/li>\n<li dir=\"ltr\" style=\"list-style-type: disc; font-size: 12pt; font-family: 'NotoSansSymbols'; color: #000000; background-color: transparent; font-weight: 400; font-style: normal; font-variant: normal; text-decoration: none; vertical-align: baseline; white-space: pre;\">\n<p dir=\"ltr\" style=\"line-height: 1.7999999999999998; margin-top: 0pt; margin-bottom: 0pt;\"><span style=\"font-size: 12pt; font-family: 'TimesNewRoman'; color: #000000; background-color: transparent; font-weight: bold; font-style: normal; font-variant: normal; text-decoration: none; vertical-align: baseline; white-space: pre-wrap;\">Farn\u00ed t\u00e1bor pro d\u011bti 28.7. \u2013 3.8. letos zde v nov\u00e9m Komunitn\u00edm centru <\/span>F.X.Mimry v Ran\u00e9. P\u0159ihl\u00e1\u0161ky dostaly d\u011bti v n\u00e1bo\u017eenstv\u00ed, jsou i v kostele nebo ke sta\u017een\u00ed na na\u0161ich webov\u00fdch str\u00e1nk\u00e1ch.<\/p>\n<\/li>\n<li dir=\"ltr\" style=\"line-height: 1.8;\"><span style=\"font-size: 12pt; font-family: 'TimesNewRoman'; color: #000000; background-color: transparent; font-weight: bold; font-style: normal; font-variant: normal; text-decoration: none; vertical-align: baseline; white-space: pre-wrap;\">P\u0159\u00edsp\u011bvky na farnost pos\u00edlejte pros\u00edm na farn\u00ed \u00fa\u010det \u010d<\/span><span style=\"font-size: 12pt; font-family: 'TimesNewRoman'; color: #000000; background-color: transparent; font-weight: 400; font-style: normal; font-variant: normal; text-decoration: none; vertical-align: baseline; white-space: pre-wrap;\">. 1143545379\/0800, konst.s. 0558, var.s. libovoln\u00e9, nap\u0159 datum narozen\u00ed. Sv\u00e9 p\u0159\u00edsp\u011bvky m\u016f\u017eete na konci roku ode\u010d\u00edst z dan\u00ed (15% zp\u011bt). <\/span><span style=\"font-size: 12pt; font-family: 'TimesNewRoman'; color: #000000; background-color: transparent; font-weight: bold; font-style: normal; font-variant: normal; text-decoration: none; vertical-align: baseline; white-space: pre-wrap;\">L\u00edste\u010dky s \u010d\u00edslem \u00fa\u010dtu<\/span><span style=\"font-size: 12pt; font-family: 'TimesNewRoman'; color: #000000; background-color: transparent; font-weight: 400; font-style: normal; font-variant: normal; text-decoration: none; vertical-align: baseline; white-space: pre-wrap;\"> si m\u016f\u017eete vz\u00edt na stole\u010dku.<\/span><\/li>\n<li dir=\"ltr\" style=\"list-style-type: disc; font-size: 12pt; font-family: 'NotoSansSymbols'; color: #000000; background-color: transparent; font-weight: 400; font-style: normal; font-variant: normal; text-decoration: none; vertical-align: baseline; white-space: pre;\">\n<p dir=\"ltr\" style=\"line-height: 1.7999999999999998; margin-top: 0pt; margin-bottom: 0pt;\"><span style=\"font-size: 12pt; font-family: 'TimesNewRoman'; color: #000000; background-color: transparent; font-weight: bold; font-style: normal; font-variant: normal; text-decoration: none; vertical-align: baseline; white-space: pre-wrap;\">Katolick\u00fd t\u00fdden\u00edk<\/span><span style=\"font-size: 12pt; font-family: 'TimesNewRoman'; color: #000000; background-color: transparent; font-weight: 400; font-style: normal; font-variant: normal; text-decoration: none; vertical-align: baseline; white-space: pre-wrap;\">: pape\u017e blaho\u0159e\u010dil sedm mu\u010dedn\u00edk\u016f; T\u00e9ma: Jak se stav\u00ed kl\u00e1\u0161ter; Perspektivy: B\u00fdt c\u00edrkv\u00ed s otev\u0159en\u00fdmi dve\u0159mi; rozhovor s Lubom\u00edrem Ml\u010dochem; Doma: T\u00fdden p\u011bstounstv\u00ed.<\/span><\/p>\n<\/li>\n<\/ul>\n","protected":false},"excerpt":{"rendered":"<p>M\u0161e svat\u00e9: v p\u00e1tek v 18 h, v ned\u011bli v 8 h pou\u0165 Proset\u00edn, v 9:30 h Ran\u00e1 pro d\u011bti s\u00a0loutkov\u00fdm k\u00e1z\u00e1n\u00edm. P\u0159\u00ed\u0161t\u00ed ned\u011bli TICH\u00c1 sb\u00edrka na opravy a vybaven\u00ed KC. Farn\u00ed den dnes v ned\u011bli 9.6. Po skon\u010den\u00ed m\u0161e <a class=\"more-link\" href=\"https:\/\/www.farnostrana.cz\/?p=714\">Cel\u00fd \u010dl\u00e1nek  <span class=\"screen-reader-text\">  Ohl\u00e1\u0161ky na slavnost Sesl\u00e1n\u00ed Ducha Svat\u00e9ho 9. 6. 2019<\/span><span class=\"meta-nav\">&rarr;<\/span><\/a><\/p>\n","protected":false},"author":1,"featured_media":0,"comment_status":"closed","ping_status":"open","sticky":false,"template":"","format":"standard","meta":{"_monsterinsights_skip_tracking":false,"_monsterinsights_sitenote_active":false,"_monsterinsights_sitenote_note":"","_monsterinsights_sitenote_category":0,"footnotes":""},"categories":[3],"tags":[],"class_list":["post-714","post","type-post","status-publish","format-standard","hentry","category-ohlasky"],"_links":{"self":[{"href":"https:\/\/www.farnostrana.cz\/index.php?rest_route=\/wp\/v2\/posts\/714","targetHints":{"allow":["GET"]}}],"collection":[{"href":"https:\/\/www.farnostrana.cz\/index.php?rest_route=\/wp\/v2\/posts"}],"about":[{"href":"https:\/\/www.farnostrana.cz\/index.php?rest_route=\/wp\/v2\/types\/post"}],"author":[{"embeddable":true,"href":"https:\/\/www.farnostrana.cz\/index.php?rest_route=\/wp\/v2\/users\/1"}],"replies":[{"embeddable":true,"href":"https:\/\/www.farnostrana.cz\/index.php?rest_route=%2Fwp%2Fv2%2Fcomments&post=714"}],"version-history":[{"count":2,"href":"https:\/\/www.farnostrana.cz\/index.php?rest_route=\/wp\/v2\/posts\/714\/revisions"}],"predecessor-version":[{"id":718,"href":"https:\/\/www.farnostrana.cz\/index.php?rest_route=\/wp\/v2\/posts\/714\/revisions\/718"}],"wp:attachment":[{"href":"https:\/\/www.farnostrana.cz\/index.php?rest_route=%2Fwp%2Fv2%2Fmedia&parent=714"}],"wp:term":[{"taxonomy":"category","embeddable":true,"href":"https:\/\/www.farnostrana.cz\/index.php?rest_route=%2Fwp%2Fv2%2Fcategories&post=714"},{"taxonomy":"post_tag","embeddable":true,"href":"https:\/\/www.farnostrana.cz\/index.php?rest_route=%2Fwp%2Fv2%2Ftags&post=714"}],"curies":[{"name":"wp","href":"https:\/\/api.w.org\/{rel}","templated":true}]}}