{"id":688,"date":"2019-04-27T21:27:20","date_gmt":"2019-04-27T19:27:20","guid":{"rendered":"https:\/\/www.farnostrana.cz\/?p=688"},"modified":"2019-04-27T21:28:02","modified_gmt":"2019-04-27T19:28:02","slug":"ohlasky-na-2-nedeli-velikonocni-28-4-2019","status":"publish","type":"post","link":"https:\/\/www.farnostrana.cz\/?p=688","title":{"rendered":"Ohl\u00e1\u0161ky na 2. ned\u011bli Velikono\u010dn\u00ed 28. 4. 2019"},"content":{"rendered":"<p>\u2022\tM\u0161e svat\u00e9: v p\u00e1tek v 18 h s adorac\u00ed do 21 h, v ned\u011bli v 8 h Holet\u00edn, v 9:30 h Ran\u00e1, v 11 h k\u0159est J\u00e1chym Tade\u00e1\u0161 Ad\u00e1mek.<br \/>\n\u2022\tP\u0159i TICH\u00c9 sb\u00edrce se vybralo 7 342 K\u010d. P\u00e1n B\u016fh zapla\u0165!<br \/>\n\u2022\tP\u011b\u0161\u00ed pou\u0165 do Lu\u017ee ve st\u0159edu 1.5. P\u011b\u0161\u00ed vyr\u00e1\u017eej\u00ed v 8:30 od kostela v Ran\u00e9, zast\u00e1vka v P\u0159edhrad\u00ed v Pansk\u00e9 zahrad\u011b. Autobus pojede p\u0159es \u017d\u010f\u00e1rec 12:15, Rad\u010dice, Old\u0159etice na Ranou u kostela ve 12:30 a pak p\u0159\u00edmo P\u0159edhrad\u00ed. M\u0161e sv. na Chlumku ve 14 h, autobus zp\u00e1tky v 15 30 h.<br \/>\n\u2022\tSetk\u00e1n\u00ed ministrant\u016f s bohoslovci v sobotu 11.5. v 18 h na fa\u0159e. \u201eJak j\u00edt za Kristem a neb\u00fdt budi\u017ekni\u010demu\u201c \u2013 hry, katecheze, pov\u00edd\u00e1n\u00ed, modlitba. T\u011b\u0161\u00ed se bohoslovci Jan, Franti\u0161ek a Pavel.<br \/>\n\u2022\tFarn\u00ed pou\u0165 bude letos 18.5. do Mal\u00fdch Svato\u0148ovic za P.Hojn\u00fdm, b\u00fdval\u00fdm duchovn\u00edm spr\u00e1vcem zdej\u0161\u00ed farnosti. P\u0159ihla\u0161ujte se v kostele, zapisovat bude pov\u011b\u0159en\u00e1 osoba.<br \/>\n\u2022\tFarn\u00ed den bude letos v ned\u011bli 9.6., spojen\u00fd s prohl\u00eddkou nov\u00e9ho Komunitn\u00edho centra. Po\u017eehnat jej p\u0159ijede otec biskup Jan Vok\u00e1l o pouti v ned\u011bli 28.7.<br \/>\n\u2022\tFarn\u00ed t\u00e1bor pro d\u011bti 28.7. \u2013 3.8. letos zde v nov\u00e9m Komunitn\u00edm centru<br \/>\nF.X.Mimry v Ran\u00e9. P\u0159ihl\u00e1\u0161ky dostaly d\u011bti v n\u00e1bo\u017eenstv\u00ed, jsou i v kostele nebo ke sta\u017een\u00ed na na\u0161ich webov\u00fdch str\u00e1nk\u00e1ch.<br \/>\n\u2022\tModlitba za d\u00e9\u0161\u0165 se uskute\u010dn\u00ed dnes v ned\u011bli 28.4. v 19 h u obce D\u011bdov\u00e1 na m\u00edst\u011b v\u00fdhledu na n\u00e1\u0161 kraj<br \/>\n\u2022\tO \u010dem p\u00ed\u0161e Katolick\u00fd t\u00fdden\u00edk: \u010ceho se B\u016fh dotkne o\u017eije; stovky mu\u010dedn\u00edk\u016f na Sr\u00ed Lance; T\u00e9ma: Notre Dame; Perspektivy Katedr\u00e1la ve slu\u017eb\u011b evangeliu; rozhovor s biblistou Petrem Pokorn\u00fdm; Doma: C\u00edrkev o rodin\u011b.<\/p>\n","protected":false},"excerpt":{"rendered":"<p>\u2022 M\u0161e svat\u00e9: v p\u00e1tek v 18 h s adorac\u00ed do 21 h, v ned\u011bli v 8 h Holet\u00edn, v 9:30 h Ran\u00e1, v 11 h k\u0159est J\u00e1chym Tade\u00e1\u0161 Ad\u00e1mek. \u2022 P\u0159i TICH\u00c9 sb\u00edrce se vybralo 7 342 K\u010d. P\u00e1n <a class=\"more-link\" href=\"https:\/\/www.farnostrana.cz\/?p=688\">Cel\u00fd \u010dl\u00e1nek  <span class=\"screen-reader-text\">  Ohl\u00e1\u0161ky na 2. ned\u011bli Velikono\u010dn\u00ed 28. 4. 2019<\/span><span class=\"meta-nav\">&rarr;<\/span><\/a><\/p>\n","protected":false},"author":1,"featured_media":0,"comment_status":"closed","ping_status":"open","sticky":false,"template":"","format":"standard","meta":{"_monsterinsights_skip_tracking":false,"_monsterinsights_sitenote_active":false,"_monsterinsights_sitenote_note":"","_monsterinsights_sitenote_category":0,"footnotes":""},"categories":[3],"tags":[],"class_list":["post-688","post","type-post","status-publish","format-standard","hentry","category-ohlasky"],"_links":{"self":[{"href":"https:\/\/www.farnostrana.cz\/index.php?rest_route=\/wp\/v2\/posts\/688","targetHints":{"allow":["GET"]}}],"collection":[{"href":"https:\/\/www.farnostrana.cz\/index.php?rest_route=\/wp\/v2\/posts"}],"about":[{"href":"https:\/\/www.farnostrana.cz\/index.php?rest_route=\/wp\/v2\/types\/post"}],"author":[{"embeddable":true,"href":"https:\/\/www.farnostrana.cz\/index.php?rest_route=\/wp\/v2\/users\/1"}],"replies":[{"embeddable":true,"href":"https:\/\/www.farnostrana.cz\/index.php?rest_route=%2Fwp%2Fv2%2Fcomments&post=688"}],"version-history":[{"count":1,"href":"https:\/\/www.farnostrana.cz\/index.php?rest_route=\/wp\/v2\/posts\/688\/revisions"}],"predecessor-version":[{"id":689,"href":"https:\/\/www.farnostrana.cz\/index.php?rest_route=\/wp\/v2\/posts\/688\/revisions\/689"}],"wp:attachment":[{"href":"https:\/\/www.farnostrana.cz\/index.php?rest_route=%2Fwp%2Fv2%2Fmedia&parent=688"}],"wp:term":[{"taxonomy":"category","embeddable":true,"href":"https:\/\/www.farnostrana.cz\/index.php?rest_route=%2Fwp%2Fv2%2Fcategories&post=688"},{"taxonomy":"post_tag","embeddable":true,"href":"https:\/\/www.farnostrana.cz\/index.php?rest_route=%2Fwp%2Fv2%2Ftags&post=688"}],"curies":[{"name":"wp","href":"https:\/\/api.w.org\/{rel}","templated":true}]}}