{"id":686,"date":"2019-04-21T11:11:34","date_gmt":"2019-04-21T09:11:34","guid":{"rendered":"https:\/\/www.farnostrana.cz\/?p=686"},"modified":"2019-04-21T11:11:53","modified_gmt":"2019-04-21T09:11:53","slug":"ohlasky-na-nedeli-zmrtvychvstani-21-4-2019","status":"publish","type":"post","link":"https:\/\/www.farnostrana.cz\/?p=686","title":{"rendered":"Ohl\u00e1\u0161ky na ned\u011bli Zmrtv\u00fdchvst\u00e1n\u00ed 21. 4. 2019"},"content":{"rendered":"<p>\u2022\tM\u0161e svat\u00e9: Pond\u011bl\u00ed velikono\u010dn\u00ed v 8 h, p\u00e1tek v 18 h, v ned\u011bli v 9:30 h. K\u0159est Libu\u0161e Kate\u0159ina Balkov\u00e1<br \/>\n\u2022\tD\u011bkuji v\u0161em ,kdo p\u0159isp\u011bli k d\u016fstojn\u00e9 a kr\u00e1sn\u00e9 oslav\u011b velikonoc (\u00faklid, kv\u011btiny, ministranti, zp\u011bv\u00e1ci, kosteln\u00edk, ob\u010derstven\u00ed, lekto\u0159i\u2026)<br \/>\n\u2022\tDnes TICH\u00c1 sb\u00edrka. Minulou ned\u011bli na pastoraci diec\u00e9ze se vybralo 3 240K\u010d.<br \/>\n\u2022\tP\u011b\u0161\u00ed pou\u0165 do Lu\u017ee ve st\u0159edu 1.5. Pojede i autobus.<br \/>\n\u2022\tFarn\u00ed pou\u0165 bude letos 18.5. do Mal\u00fdch Svato\u0148ovic za P.Hojn\u00fdm, b\u00fdval\u00fdm duchovn\u00edm spr\u00e1vcem zdej\u0161\u00ed farnosti. P\u0159ihla\u0161ujte se v kostele, zapisovat bude pov\u011b\u0159en\u00e1 osoba.<br \/>\n\u2022\tFarn\u00ed den bude letos v ned\u011bli 9.6., spojen\u00fd s prohl\u00eddkou nov\u00e9ho Komunitn\u00edho centra. Po\u017eehnat jej p\u0159ijede otec biskup Jan Vok\u00e1l o pouti v ned\u011bli 28.7.<br \/>\n\u2022\tFarn\u00ed t\u00e1bor pro d\u011bti 28.7. \u2013 3.8. letos zde v nov\u00e9m Komunitn\u00edm centru<br \/>\nF.X.Mimry v Ran\u00e9. P\u0159ihl\u00e1\u0161ky dostaly d\u011bti v n\u00e1bo\u017eenstv\u00ed, jsou i v kostele nebo ke sta\u017een\u00ed na na\u0161ich webov\u00fdch str\u00e1nk\u00e1ch.<br \/>\n\u2022\tModlitba za d\u00e9\u0161\u0165 se uskute\u010dn\u00ed p\u0159\u00ed\u0161t\u00ed ned\u011bli 28.4. v 19 h u obce D\u011bdov\u00e1 na m\u00edst\u011b v\u00fdhledu na n\u00e1\u0161 kraj<br \/>\n\u2022\tO \u010dem p\u00ed\u0161e Katolick\u00fd t\u00fdden\u00edk: Radost Velk\u00e9 noci; V\u011b\u0159\u00edc\u00ed zem\u011bd\u011blci; Perspektivy: Velikonoce a\u017e na d\u0159e\u0148; rozhovor s biskupem Josefem Kajnekem; Doma: D\u011bti a Velikonoce.<\/p>\n","protected":false},"excerpt":{"rendered":"<p>\u2022 M\u0161e svat\u00e9: Pond\u011bl\u00ed velikono\u010dn\u00ed v 8 h, p\u00e1tek v 18 h, v ned\u011bli v 9:30 h. K\u0159est Libu\u0161e Kate\u0159ina Balkov\u00e1 \u2022 D\u011bkuji v\u0161em ,kdo p\u0159isp\u011bli k d\u016fstojn\u00e9 a kr\u00e1sn\u00e9 oslav\u011b velikonoc (\u00faklid, kv\u011btiny, ministranti, zp\u011bv\u00e1ci, kosteln\u00edk, ob\u010derstven\u00ed, lekto\u0159i\u2026) \u2022 <a class=\"more-link\" href=\"https:\/\/www.farnostrana.cz\/?p=686\">Cel\u00fd \u010dl\u00e1nek  <span class=\"screen-reader-text\">  Ohl\u00e1\u0161ky na ned\u011bli Zmrtv\u00fdchvst\u00e1n\u00ed 21. 4. 2019<\/span><span class=\"meta-nav\">&rarr;<\/span><\/a><\/p>\n","protected":false},"author":1,"featured_media":0,"comment_status":"closed","ping_status":"open","sticky":false,"template":"","format":"standard","meta":{"_monsterinsights_skip_tracking":false,"_monsterinsights_sitenote_active":false,"_monsterinsights_sitenote_note":"","_monsterinsights_sitenote_category":0,"footnotes":""},"categories":[3],"tags":[],"class_list":["post-686","post","type-post","status-publish","format-standard","hentry","category-ohlasky"],"_links":{"self":[{"href":"https:\/\/www.farnostrana.cz\/index.php?rest_route=\/wp\/v2\/posts\/686","targetHints":{"allow":["GET"]}}],"collection":[{"href":"https:\/\/www.farnostrana.cz\/index.php?rest_route=\/wp\/v2\/posts"}],"about":[{"href":"https:\/\/www.farnostrana.cz\/index.php?rest_route=\/wp\/v2\/types\/post"}],"author":[{"embeddable":true,"href":"https:\/\/www.farnostrana.cz\/index.php?rest_route=\/wp\/v2\/users\/1"}],"replies":[{"embeddable":true,"href":"https:\/\/www.farnostrana.cz\/index.php?rest_route=%2Fwp%2Fv2%2Fcomments&post=686"}],"version-history":[{"count":1,"href":"https:\/\/www.farnostrana.cz\/index.php?rest_route=\/wp\/v2\/posts\/686\/revisions"}],"predecessor-version":[{"id":687,"href":"https:\/\/www.farnostrana.cz\/index.php?rest_route=\/wp\/v2\/posts\/686\/revisions\/687"}],"wp:attachment":[{"href":"https:\/\/www.farnostrana.cz\/index.php?rest_route=%2Fwp%2Fv2%2Fmedia&parent=686"}],"wp:term":[{"taxonomy":"category","embeddable":true,"href":"https:\/\/www.farnostrana.cz\/index.php?rest_route=%2Fwp%2Fv2%2Fcategories&post=686"},{"taxonomy":"post_tag","embeddable":true,"href":"https:\/\/www.farnostrana.cz\/index.php?rest_route=%2Fwp%2Fv2%2Ftags&post=686"}],"curies":[{"name":"wp","href":"https:\/\/api.w.org\/{rel}","templated":true}]}}