{"id":675,"date":"2019-04-06T21:54:55","date_gmt":"2019-04-06T19:54:55","guid":{"rendered":"https:\/\/www.farnostrana.cz\/?p=675"},"modified":"2019-04-06T21:55:17","modified_gmt":"2019-04-06T19:55:17","slug":"ohlasky-na-5-nedeli-postni-7-4-2019","status":"publish","type":"post","link":"https:\/\/www.farnostrana.cz\/?p=675","title":{"rendered":"Ohl\u00e1\u0161ky na 5. ned\u011bli postn\u00ed 7. 4. 2019"},"content":{"rendered":"<ul style=\"margin-top:0pt; margin-bottom:0pt;\">\n<li dir=\"ltr\" style=\"list-style-type:disc; font-size:12pt; font-family:'NotoSansSymbols'; color:#000000; background-color:transparent; font-weight:400; font-style:normal; font-variant:normal; text-decoration:none; vertical-align:baseline; white-space:pre;\">\n<p dir=\"ltr\" style=\"line-height:1.7999999999999998; margin-top:12pt; margin-bottom:0pt;\"><span style=\"font-size:12pt; font-family:'TimesNewRoman'; color:#000000; background-color:transparent; font-weight:700; font-style:normal; font-variant:normal; text-decoration:none; vertical-align:baseline; white-space:pre; white-space:pre-wrap;\">M\u0161e svat\u00e9:<\/span><span style=\"font-size:12pt; font-family:'TimesNewRoman'; color:#000000; background-color:transparent; font-weight:400; font-style:normal; font-variant:normal; text-decoration:none; vertical-align:baseline; white-space:pre; white-space:pre-wrap;\"> v p\u00e1tek v 18 h, v ned\u011bli v 9:30 h, za\u010d\u00e1tek venku. <\/span><\/p>\n<\/li>\n<li dir=\"ltr\" style=\"list-style-type:disc; font-size:12pt; font-family:'NotoSansSymbols'; color:#000000; background-color:transparent; font-weight:400; font-style:normal; font-variant:normal; text-decoration:none; vertical-align:baseline; white-space:pre;\">\n<p dir=\"ltr\" style=\"line-height:1.7999999999999998; margin-top:0pt; margin-bottom:0pt;\"><span style=\"font-size:12pt; font-family:'TimesNewRoman'; color:#000000; background-color:transparent; font-weight:700; font-style:normal; font-variant:normal; text-decoration:none; vertical-align:baseline; white-space:pre; white-space:pre-wrap;\">K\u0159\u00ed\u017eov\u00e9 cesty<\/span><span style=\"font-size:12pt; font-family:'TimesNewRoman'; color:#000000; background-color:transparent; font-weight:400; font-style:normal; font-variant:normal; text-decoration:none; vertical-align:baseline; white-space:pre; white-space:pre-wrap;\"> budou v p\u00e1tek v 17:30 h, na <\/span><span style=\"font-size:12pt; font-family:'TimesNewRoman'; color:#000000; background-color:transparent; font-weight:700; font-style:normal; font-variant:normal; text-decoration:none; vertical-align:baseline; white-space:pre; white-space:pre-wrap;\">Velk\u00fd p\u00e1tek v 15 h v Kameni\u010dk\u00e1ch<\/span><span style=\"font-size:12pt; font-family:'TimesNewRoman'; color:#000000; background-color:transparent; font-weight:400; font-style:normal; font-variant:normal; text-decoration:none; vertical-align:baseline; white-space:pre; white-space:pre-wrap;\"> u kostela<\/span><\/p>\n<\/li>\n<li dir=\"ltr\" style=\"list-style-type:disc; font-size:12pt; font-family:'NotoSansSymbols'; color:#000000; background-color:transparent; font-weight:400; font-style:normal; font-variant:normal; text-decoration:none; vertical-align:baseline; white-space:pre;\">\n<p dir=\"ltr\" style=\"line-height:1.7999999999999998; margin-top:0pt; margin-bottom:0pt;\"><span style=\"font-size:12pt; font-family:'TimesNewRoman'; color:#000000; background-color:transparent; font-weight:700; font-style:normal; font-variant:normal; text-decoration:none; vertical-align:baseline; white-space:pre; white-space:pre-wrap;\">P\u0159\u00ed\u0161t\u00ed ned\u011bli sb\u00edrka<\/span><span style=\"font-size:12pt; font-family:'TimesNewRoman'; color:#000000; background-color:transparent; font-weight:400; font-style:normal; font-variant:normal; text-decoration:none; vertical-align:baseline; white-space:pre; white-space:pre-wrap;\"> <\/span><span style=\"font-size:12pt; font-family:'TimesNewRoman'; color:#000000; background-color:transparent; font-weight:700; font-style:normal; font-variant:normal; text-decoration:none; vertical-align:baseline; white-space:pre; white-space:pre-wrap;\">na pastoraci diec\u00e9ze.<\/span><\/p>\n<\/li>\n<li dir=\"ltr\" style=\"list-style-type:disc; font-size:12pt; font-family:'NotoSansSymbols'; color:#000000; background-color:transparent; font-weight:400; font-style:normal; font-variant:normal; text-decoration:none; vertical-align:baseline; white-space:pre;\">\n<p dir=\"ltr\" style=\"line-height:1.7999999999999998; margin-top:0pt; margin-bottom:0pt;\"><span style=\"font-size:12pt; font-family:'TimesNewRoman'; color:#000000; background-color:transparent; font-weight:700; font-style:normal; font-variant:normal; text-decoration:none; vertical-align:baseline; white-space:pre; white-space:pre-wrap;\">Farn\u00ed zpravodaj<\/span><span style=\"font-size:12pt; font-family:'TimesNewRoman'; color:#000000; background-color:transparent; font-weight:400; font-style:normal; font-variant:normal; text-decoration:none; vertical-align:baseline; white-space:pre; white-space:pre-wrap;\"> vych\u00e1z\u00ed dnes a m\u016f\u017eete si jej vz\u00edt na stole\u010dku za p\u0159\u00edsp\u011bvek na tisk. D\u011bkuji v\u0161em, kdo p\u0159isp\u011bli k jeho vyd\u00e1n\u00ed! <\/span><\/p>\n<\/li>\n<li dir=\"ltr\" style=\"list-style-type:disc; font-size:12pt; font-family:'NotoSansSymbols'; color:#000000; background-color:transparent; font-weight:400; font-style:normal; font-variant:normal; text-decoration:none; vertical-align:baseline; white-space:pre;\">\n<p dir=\"ltr\" style=\"line-height:1.7999999999999998; margin-top:0pt; margin-bottom:0pt;\"><span style=\"font-size:12pt; font-family:'TimesNewRoman'; color:#000000; background-color:transparent; font-weight:700; font-style:normal; font-variant:normal; text-decoration:none; vertical-align:baseline; white-space:pre; white-space:pre-wrap;\">P\u0159edvelikono\u010dn\u00ed zpov\u00edd\u00e1n\u00ed<\/span><span style=\"font-size:12pt; font-family:'TimesNewRoman'; color:#000000; background-color:transparent; font-weight:400; font-style:normal; font-variant:normal; text-decoration:none; vertical-align:baseline; white-space:pre; white-space:pre-wrap;\"> v p\u00e1tek 12.4. v kostele (sakristie a zpov\u011bdnice) a na fa\u0159e (klubovna). V ned\u011bli 14.4. od 14 h v Holet\u00edn\u011b v Kulturn\u00edm dom\u011b.<\/span><\/p>\n<\/li>\n<li dir=\"ltr\" style=\"list-style-type:disc; font-size:12pt; font-family:'NotoSansSymbols'; color:#000000; background-color:transparent; font-weight:400; font-style:normal; font-variant:normal; text-decoration:none; vertical-align:baseline; white-space:pre;\">\n<p dir=\"ltr\" style=\"line-height:1.7999999999999998; margin-top:0pt; margin-bottom:0pt;\"><span style=\"font-size:12pt; font-family:'TimesNewRoman'; color:#000000; background-color:transparent; font-weight:700; font-style:normal; font-variant:normal; text-decoration:none; vertical-align:baseline; white-space:pre; white-space:pre-wrap;\">Farn\u00ed pou\u0165 bude letos 18.5. do Mal\u00fdch Svato\u0148ovic <\/span><span style=\"font-size:12pt; font-family:'TimesNewRoman'; color:#000000; background-color:transparent; font-weight:400; font-style:normal; font-variant:normal; text-decoration:none; vertical-align:baseline; white-space:pre; white-space:pre-wrap;\">za P.Hojn\u00fdm, b\u00fdval\u00fdm duchovn\u00edm spr\u00e1vcem zdej\u0161\u00ed farnosti. <\/span><\/p>\n<\/li>\n<li dir=\"ltr\" style=\"list-style-type:disc; font-size:12pt; font-family:'NotoSansSymbols'; color:#000000; background-color:transparent; font-weight:400; font-style:normal; font-variant:normal; text-decoration:none; vertical-align:baseline; white-space:pre;\">\n<p dir=\"ltr\" style=\"line-height:1.7999999999999998; margin-top:0pt; margin-bottom:0pt;\"><span style=\"font-size:12pt; font-family:'TimesNewRoman'; color:#000000; background-color:transparent; font-weight:700; font-style:normal; font-variant:normal; text-decoration:none; vertical-align:baseline; white-space:pre; white-space:pre-wrap;\">Farn\u00ed den bude letos v ned\u011bli 9.6<\/span><span style=\"font-size:12pt; font-family:'TimesNewRoman'; color:#000000; background-color:transparent; font-weight:400; font-style:normal; font-variant:normal; text-decoration:none; vertical-align:baseline; white-space:pre; white-space:pre-wrap;\">., spojen\u00fd s prohl\u00eddkou nov\u00e9ho Komunitn\u00edho centra. <\/span><span style=\"font-size:12pt; font-family:'TimesNewRoman'; color:#000000; background-color:transparent; font-weight:700; font-style:normal; font-variant:normal; text-decoration:none; vertical-align:baseline; white-space:pre; white-space:pre-wrap;\">Po\u017eehnat<\/span><span style=\"font-size:12pt; font-family:'TimesNewRoman'; color:#000000; background-color:transparent; font-weight:400; font-style:normal; font-variant:normal; text-decoration:none; vertical-align:baseline; white-space:pre; white-space:pre-wrap;\"> jej p\u0159ijede <\/span><span style=\"font-size:12pt; font-family:'TimesNewRoman'; color:#000000; background-color:transparent; font-weight:700; font-style:normal; font-variant:normal; text-decoration:none; vertical-align:baseline; white-space:pre; white-space:pre-wrap;\">otec biskup Jan Vok\u00e1l o pouti<\/span><span style=\"font-size:12pt; font-family:'TimesNewRoman'; color:#000000; background-color:transparent; font-weight:400; font-style:normal; font-variant:normal; text-decoration:none; vertical-align:baseline; white-space:pre; white-space:pre-wrap;\"> v ned\u011bli 28.7.<\/span><\/p>\n<\/li>\n<li dir=\"ltr\" style=\"list-style-type:disc; font-size:12pt; font-family:'NotoSansSymbols'; color:#000000; background-color:transparent; font-weight:400; font-style:normal; font-variant:normal; text-decoration:none; vertical-align:baseline; white-space:pre;\">\n<p dir=\"ltr\" style=\"line-height:1.7999999999999998; margin-top:0pt; margin-bottom:0pt;\"><span style=\"font-size:12pt; font-family:'TimesNewRoman'; color:#000000; background-color:transparent; font-weight:700; font-style:normal; font-variant:normal; text-decoration:none; vertical-align:baseline; white-space:pre; white-space:pre-wrap;\">Farn\u00ed t\u00e1bor pro d\u011bti 28.7. \u2013 3.8. letos zde v nov\u00e9m Komunitn\u00edm centru <\/span><\/p>\n<\/li>\n<\/ul>\n<p dir=\"ltr\" style=\"line-height:1.7999999999999998; margin-top:0pt; margin-bottom:0pt; text-indent:-36pt; padding:0pt0pt0pt36pt;\"><span style=\"font-size:12pt; font-family:'TimesNewRoman'; color:#000000; background-color:transparent; font-weight:700; font-style:normal; font-variant:normal; text-decoration:none; vertical-align:baseline; white-space:pre; white-space:pre-wrap;\">F.X.Mimry v Ran\u00e9.<\/span><span style=\"font-size:12pt; font-family:'TimesNewRoman'; color:#000000; background-color:transparent; font-weight:400; font-style:normal; font-variant:normal; text-decoration:none; vertical-align:baseline; white-space:pre; white-space:pre-wrap;\"> P\u0159ihl\u00e1\u0161ky dostaly d\u011bti v n\u00e1bo\u017eenstv\u00ed, jsou i v kostele nebo ke sta\u017een\u00ed na na\u0161ich webov\u00fdch str\u00e1nk\u00e1ch. <\/span><\/p>\n<ul style=\"margin-top:0pt; margin-bottom:0pt;\">\n<li dir=\"ltr\" style=\"list-style-type:disc; font-size:12pt; font-family:'NotoSansSymbols'; color:#000000; background-color:transparent; font-weight:400; font-style:normal; font-variant:normal; text-decoration:none; vertical-align:baseline; white-space:pre;\">\n<p dir=\"ltr\" style=\"line-height:1.7999999999999998; margin-top:0pt; margin-bottom:0pt;\"><span style=\"font-size:12pt; font-family:'TimesNewRoman'; color:#000000; background-color:transparent; font-weight:700; font-style:normal; font-variant:normal; text-decoration:none; vertical-align:baseline; white-space:pre; white-space:pre-wrap;\">Diec\u00e9zn\u00ed setk\u00e1n\u00ed ml\u00e1de\u017ee v HK v sobotu 13.4.<\/span><span style=\"font-size:12pt; font-family:'TimesNewRoman'; color:#000000; background-color:transparent; font-weight:400; font-style:normal; font-variant:normal; text-decoration:none; vertical-align:baseline; white-space:pre; white-space:pre-wrap;\"> pro ml\u00e1de\u017e od 14 let. Autobus zastav\u00ed v Ran\u00e9 v 6:45 h.<\/span><\/p>\n<\/li>\n<li dir=\"ltr\" style=\"list-style-type:disc; font-size:12pt; font-family:'NotoSansSymbols'; color:#000000; background-color:transparent; font-weight:400; font-style:normal; font-variant:normal; text-decoration:none; vertical-align:baseline; white-space:pre;\">\n<p dir=\"ltr\" style=\"line-height:1.7999999999999998; margin-top:0pt; margin-bottom:12pt;\"><span style=\"font-size:12pt; font-family:'TimesNewRoman'; color:#000000; background-color:transparent; font-weight:400; font-style:normal; font-variant:normal; text-decoration:none; vertical-align:baseline; white-space:pre; white-space:pre-wrap;\">O \u010dem p\u00ed\u0161e <\/span><span style=\"font-size:12pt; font-family:'TimesNewRoman'; color:#000000; background-color:transparent; font-weight:700; font-style:normal; font-variant:normal; text-decoration:none; vertical-align:baseline; white-space:pre; white-space:pre-wrap;\">Katolick\u00fd t\u00fdden\u00edk<\/span><span style=\"font-size:12pt; font-family:'TimesNewRoman'; color:#000000; background-color:transparent; font-weight:400; font-style:normal; font-variant:normal; text-decoration:none; vertical-align:baseline; white-space:pre; white-space:pre-wrap;\">: Posel nad\u011bje v Maroku; T\u00e9ma: Eutan\u00e1zie; Perspektivy: Z l\u00edhn\u011b stavitel\u016f katedr\u00e1l; rozhovor s Danou N\u011bmcovou; Doma: Hazard.<\/span><\/p>\n<\/li>\n<\/ul>\n","protected":false},"excerpt":{"rendered":"<p>M\u0161e svat\u00e9: v p\u00e1tek v 18 h, v ned\u011bli v 9:30 h, za\u010d\u00e1tek venku. K\u0159\u00ed\u017eov\u00e9 cesty budou v p\u00e1tek v 17:30 h, na Velk\u00fd p\u00e1tek v 15 h v Kameni\u010dk\u00e1ch u kostela P\u0159\u00ed\u0161t\u00ed ned\u011bli sb\u00edrka na pastoraci diec\u00e9ze. Farn\u00ed zpravodaj <a class=\"more-link\" href=\"https:\/\/www.farnostrana.cz\/?p=675\">Cel\u00fd \u010dl\u00e1nek  <span class=\"screen-reader-text\">  Ohl\u00e1\u0161ky na 5. ned\u011bli postn\u00ed 7. 4. 2019<\/span><span class=\"meta-nav\">&rarr;<\/span><\/a><\/p>\n","protected":false},"author":1,"featured_media":0,"comment_status":"closed","ping_status":"open","sticky":false,"template":"","format":"standard","meta":{"_monsterinsights_skip_tracking":false,"_monsterinsights_sitenote_active":false,"_monsterinsights_sitenote_note":"","_monsterinsights_sitenote_category":0,"footnotes":""},"categories":[3],"tags":[],"class_list":["post-675","post","type-post","status-publish","format-standard","hentry","category-ohlasky"],"_links":{"self":[{"href":"https:\/\/www.farnostrana.cz\/index.php?rest_route=\/wp\/v2\/posts\/675","targetHints":{"allow":["GET"]}}],"collection":[{"href":"https:\/\/www.farnostrana.cz\/index.php?rest_route=\/wp\/v2\/posts"}],"about":[{"href":"https:\/\/www.farnostrana.cz\/index.php?rest_route=\/wp\/v2\/types\/post"}],"author":[{"embeddable":true,"href":"https:\/\/www.farnostrana.cz\/index.php?rest_route=\/wp\/v2\/users\/1"}],"replies":[{"embeddable":true,"href":"https:\/\/www.farnostrana.cz\/index.php?rest_route=%2Fwp%2Fv2%2Fcomments&post=675"}],"version-history":[{"count":1,"href":"https:\/\/www.farnostrana.cz\/index.php?rest_route=\/wp\/v2\/posts\/675\/revisions"}],"predecessor-version":[{"id":676,"href":"https:\/\/www.farnostrana.cz\/index.php?rest_route=\/wp\/v2\/posts\/675\/revisions\/676"}],"wp:attachment":[{"href":"https:\/\/www.farnostrana.cz\/index.php?rest_route=%2Fwp%2Fv2%2Fmedia&parent=675"}],"wp:term":[{"taxonomy":"category","embeddable":true,"href":"https:\/\/www.farnostrana.cz\/index.php?rest_route=%2Fwp%2Fv2%2Fcategories&post=675"},{"taxonomy":"post_tag","embeddable":true,"href":"https:\/\/www.farnostrana.cz\/index.php?rest_route=%2Fwp%2Fv2%2Ftags&post=675"}],"curies":[{"name":"wp","href":"https:\/\/api.w.org\/{rel}","templated":true}]}}