{"id":670,"date":"2019-03-30T22:49:56","date_gmt":"2019-03-30T20:49:56","guid":{"rendered":"https:\/\/www.farnostrana.cz\/?p=670"},"modified":"2019-03-30T22:49:59","modified_gmt":"2019-03-30T20:49:59","slug":"ohlasky-na-4-nedeli-postni-31-3-2019","status":"publish","type":"post","link":"https:\/\/www.farnostrana.cz\/?p=670","title":{"rendered":"Ohl\u00e1\u0161ky na 4. ned\u011bli postn\u00ed 31. 3. 2019"},"content":{"rendered":"\n<h4 class=\"wp-block-heading\"><\/h4>\n\n\n\n<ul class=\"wp-block-list\"><li><strong>M\u0161e svat\u00e9:<\/strong> v&nbsp;p\u00e1tek\nv&nbsp;18 h, v&nbsp;ned\u011bli v&nbsp;8 h v&nbsp;Holet\u00edn\u011b, v 9:30 h Ran\u00e1. V&nbsp;Holet\u00edn\u011b\nk\u0159est ve 14 h Daniel Jind\u0159ich Vohradn\u00edk.<\/li><li><strong>K\u0159\u00ed\u017eov\u00e9 cesty<\/strong>\nbudou v&nbsp;p\u00e1tek v&nbsp;17:30 h.<\/li><li><strong>Adorace na 1. p\u00e1tek<\/strong> bude tentokr\u00e1t jen kr\u00e1tk\u00e1 po m\u0161i z&nbsp;d\u016fvodu kon\u00e1n\u00ed p\u0159edn\u00e1\u0161ky ve\nVojt\u011bchov\u011b.<\/li><li><strong>C\u010cE v&nbsp;Ran\u00e9 <\/strong>ve spolupr\u00e1ci s&nbsp;Obc\u00ed Vojt\u011bchov n\u00e1s zve<strong> na p\u0159edn\u00e1\u0161ku \u201eNov\u00e1 Kaledonie o\u010dima Mgr. Jana Mikschika\u201c v&nbsp;p\u00e1tek\n5.4. od 19 h.<\/strong> Vstup zdarma.<\/li><li><strong>Postn\u00ed duchovn\u00ed obnova ve Skut\u010di <\/strong>v&nbsp;gymn\u00e1ziu \u2013 <strong>\u0161koln\u00edm\nklubu<\/strong> &#8211; bude <strong>v&nbsp;sobotu 6.4., <\/strong>tentokr\u00e1t\ns<strong>&nbsp;P.Martinem Sekaninou <\/strong>z&nbsp;Bzence.\nP\u0159ihla\u0161ov\u00e1n\u00ed v&nbsp;kostele na stole\u010dku.<\/li><li><strong>Sb\u00edrka<\/strong> <strong>na poji\u0161t\u011bn\u00ed diec\u00e9ze <\/strong>minulou ned\u011bli\nvynesla 5&nbsp;131 K\u010d<strong>. <\/strong>P\u00e1n B\u016fh\nzapla\u0165! <\/li><li><strong>Farn\u00ed pou\u0165 bude letos 18.5. do Mal\u00fdch Svato\u0148ovic <\/strong>za P.Hojn\u00fdm, b\u00fdval\u00fdm duchovn\u00edm\nspr\u00e1vcem zdej\u0161\u00ed farnosti. <\/li><li><strong>Farn\u00ed t\u00e1bor pro d\u011bti 28.7. \u2013 3.8. letos zde v&nbsp;nov\u00e9m Komunitn\u00edm\ncentru <\/strong><\/li><\/ul>\n\n\n\n<p><strong>F.X.Mimry v Ran\u00e9.<\/strong> P\u0159ihl\u00e1\u0161ky dostaly d\u011bti\nv&nbsp;n\u00e1bo\u017eenstv\u00ed, jsou i v&nbsp;kostele nebo ke sta\u017een\u00ed na na\u0161ich webov\u00fdch\nstr\u00e1nk\u00e1ch. <\/p>\n\n\n\n<ul class=\"wp-block-list\"><li><strong>Diec\u00e9zn\u00ed setk\u00e1n\u00ed ml\u00e1de\u017ee v&nbsp;HK v&nbsp;sobotu 13.4.<\/strong> pro ml\u00e1de\u017e od 14 let. Pojede\nautobus.<\/li><li>O \u010dem p\u00ed\u0161e <strong>Katolick\u00fd t\u00fdden\u00edk<\/strong>: Biskupov\u00e9 reaguj\u00ed na zneu\u017e\u00edv\u00e1n\u00ed; Rudolf Jan 200\nlet; Perspektivy: P\u0159evraty v pojet\u00ed pr\u00e1ce; rozhovor s&nbsp;Pavlem B\u011blobr\u00e1dkem;\nDoma: K\u0159\u00ed\u017eov\u00e1 cesta za d\u011bti.<\/li><\/ul>\n","protected":false},"excerpt":{"rendered":"<p>M\u0161e svat\u00e9: v&nbsp;p\u00e1tek v&nbsp;18 h, v&nbsp;ned\u011bli v&nbsp;8 h v&nbsp;Holet\u00edn\u011b, v 9:30 h Ran\u00e1. V&nbsp;Holet\u00edn\u011b k\u0159est ve 14 h Daniel Jind\u0159ich Vohradn\u00edk. K\u0159\u00ed\u017eov\u00e9 cesty budou v&nbsp;p\u00e1tek v&nbsp;17:30 h. Adorace na 1. p\u00e1tek bude tentokr\u00e1t jen kr\u00e1tk\u00e1 po m\u0161i z&nbsp;d\u016fvodu kon\u00e1n\u00ed p\u0159edn\u00e1\u0161ky <a class=\"more-link\" href=\"https:\/\/www.farnostrana.cz\/?p=670\">Cel\u00fd \u010dl\u00e1nek  <span class=\"screen-reader-text\">  Ohl\u00e1\u0161ky na 4. ned\u011bli postn\u00ed 31. 3. 2019<\/span><span class=\"meta-nav\">&rarr;<\/span><\/a><\/p>\n","protected":false},"author":1,"featured_media":0,"comment_status":"closed","ping_status":"open","sticky":false,"template":"","format":"standard","meta":{"_monsterinsights_skip_tracking":false,"_monsterinsights_sitenote_active":false,"_monsterinsights_sitenote_note":"","_monsterinsights_sitenote_category":0,"footnotes":""},"categories":[3],"tags":[],"class_list":["post-670","post","type-post","status-publish","format-standard","hentry","category-ohlasky"],"_links":{"self":[{"href":"https:\/\/www.farnostrana.cz\/index.php?rest_route=\/wp\/v2\/posts\/670","targetHints":{"allow":["GET"]}}],"collection":[{"href":"https:\/\/www.farnostrana.cz\/index.php?rest_route=\/wp\/v2\/posts"}],"about":[{"href":"https:\/\/www.farnostrana.cz\/index.php?rest_route=\/wp\/v2\/types\/post"}],"author":[{"embeddable":true,"href":"https:\/\/www.farnostrana.cz\/index.php?rest_route=\/wp\/v2\/users\/1"}],"replies":[{"embeddable":true,"href":"https:\/\/www.farnostrana.cz\/index.php?rest_route=%2Fwp%2Fv2%2Fcomments&post=670"}],"version-history":[{"count":1,"href":"https:\/\/www.farnostrana.cz\/index.php?rest_route=\/wp\/v2\/posts\/670\/revisions"}],"predecessor-version":[{"id":671,"href":"https:\/\/www.farnostrana.cz\/index.php?rest_route=\/wp\/v2\/posts\/670\/revisions\/671"}],"wp:attachment":[{"href":"https:\/\/www.farnostrana.cz\/index.php?rest_route=%2Fwp%2Fv2%2Fmedia&parent=670"}],"wp:term":[{"taxonomy":"category","embeddable":true,"href":"https:\/\/www.farnostrana.cz\/index.php?rest_route=%2Fwp%2Fv2%2Fcategories&post=670"},{"taxonomy":"post_tag","embeddable":true,"href":"https:\/\/www.farnostrana.cz\/index.php?rest_route=%2Fwp%2Fv2%2Ftags&post=670"}],"curies":[{"name":"wp","href":"https:\/\/api.w.org\/{rel}","templated":true}]}}