{"id":665,"date":"2019-03-17T21:19:40","date_gmt":"2019-03-17T19:19:40","guid":{"rendered":"https:\/\/www.farnostrana.cz\/?p=665"},"modified":"2019-03-17T21:19:40","modified_gmt":"2019-03-17T19:19:40","slug":"ohlasky-na-2-nedeli-postni-17-3-2019","status":"publish","type":"post","link":"https:\/\/www.farnostrana.cz\/?p=665","title":{"rendered":"Ohl\u00e1\u0161ky na 2. ned\u011bli postn\u00ed 17. 3. 2019"},"content":{"rendered":"<ul style=\"margin-top:0pt; margin-bottom:0pt;\">\n<li dir=\"ltr\" style=\"list-style-type:disc; font-size:12pt; font-family:'NotoSansSymbols'; color:#000000; background-color:transparent; font-weight:400; font-style:normal; font-variant:normal; text-decoration:none; vertical-align:baseline; white-space:pre;\">\n<p dir=\"ltr\" style=\"line-height:1.7999999999999998; margin-top:12pt; margin-bottom:0pt;\"><span style=\"font-size:12pt; font-family:'TimesNewRoman'; color:#000000; background-color:transparent; font-weight:700; font-style:normal; font-variant:normal; text-decoration:none; vertical-align:baseline; white-space:pre; white-space:pre-wrap;\">M\u0161e svat\u00e9:<\/span><span style=\"font-size:12pt; font-family:'TimesNewRoman'; color:#000000; background-color:transparent; font-weight:400; font-style:normal; font-variant:normal; text-decoration:none; vertical-align:baseline; white-space:pre; white-space:pre-wrap;\"> v p\u00e1tek v 18 h, v ned\u011bli v 9:30 h. <\/span><\/p>\n<\/li>\n<li dir=\"ltr\" style=\"list-style-type:disc; font-size:12pt; font-family:'NotoSansSymbols'; color:#000000; background-color:transparent; font-weight:400; font-style:normal; font-variant:normal; text-decoration:none; vertical-align:baseline; white-space:pre;\">\n<p dir=\"ltr\" style=\"line-height:1.7999999999999998; margin-top:0pt; margin-bottom:0pt;\"><span style=\"font-size:12pt; font-family:'TimesNewRoman'; color:#000000; background-color:transparent; font-weight:700; font-style:normal; font-variant:normal; text-decoration:none; vertical-align:baseline; white-space:pre; white-space:pre-wrap;\">K\u0159\u00ed\u017eov\u00e9 cesty<\/span><span style=\"font-size:12pt; font-family:'TimesNewRoman'; color:#000000; background-color:transparent; font-weight:400; font-style:normal; font-variant:normal; text-decoration:none; vertical-align:baseline; white-space:pre; white-space:pre-wrap;\"> budou v p\u00e1tek v 17:30 h.<\/span><\/p>\n<\/li>\n<li dir=\"ltr\" style=\"list-style-type:disc; font-size:12pt; font-family:'NotoSansSymbols'; color:#000000; background-color:transparent; font-weight:700; font-style:normal; font-variant:normal; text-decoration:none; vertical-align:baseline; white-space:pre;\">\n<p dir=\"ltr\" style=\"line-height:1.7999999999999998; margin-top:0pt; margin-bottom:0pt;\"><span style=\"font-size:12pt; font-family:'TimesNewRoman'; color:#000000; background-color:transparent; font-weight:700; font-style:normal; font-variant:normal; text-decoration:none; vertical-align:baseline; white-space:pre; white-space:pre-wrap;\">P\u0159\u00edprava d\u011bt\u00ed na 1. sv. p\u0159ij\u00edm\u00e1n\u00ed<\/span><span style=\"font-size:12pt; font-family:'TimesNewRoman'; color:#000000; background-color:transparent; font-weight:400; font-style:normal; font-variant:normal; text-decoration:none; vertical-align:baseline; white-space:pre; white-space:pre-wrap;\"> \u2013 p\u0159ipravuje se 9 d\u011bt\u00ed, pros\u00edm o modlitbu za n\u011b. <\/span><\/p>\n<\/li>\n<li dir=\"ltr\" style=\"list-style-type:disc; font-size:12pt; font-family:'NotoSansSymbols'; color:#000000; background-color:transparent; font-weight:400; font-style:normal; font-variant:normal; text-decoration:none; vertical-align:baseline; white-space:pre;\">\n<p dir=\"ltr\" style=\"line-height:1.7999999999999998; margin-top:0pt; margin-bottom:0pt;\"><span style=\"font-size:12pt; font-family:'TimesNewRoman'; color:#000000; background-color:transparent; font-weight:700; font-style:normal; font-variant:normal; text-decoration:none; vertical-align:baseline; white-space:pre; white-space:pre-wrap;\">Dnes TICH\u00c1 SB\u00cdRKA. <\/span><span style=\"font-size:12pt; font-family:'TimesNewRoman'; color:#000000; background-color:transparent; font-weight:400; font-style:normal; font-variant:normal; text-decoration:none; vertical-align:baseline; white-space:pre; white-space:pre-wrap;\">P\u0159\u00ed\u0161t\u00ed ned\u011bli<\/span><span style=\"font-size:12pt; font-family:'TimesNewRoman'; color:#000000; background-color:transparent; font-weight:700; font-style:normal; font-variant:normal; text-decoration:none; vertical-align:baseline; white-space:pre; white-space:pre-wrap;\"> sb\u00edrka na poji\u0161t\u011bn\u00ed diec\u00e9ze.<\/span><\/p>\n<\/li>\n<li dir=\"ltr\" style=\"list-style-type:disc; font-size:12pt; font-family:'NotoSansSymbols'; color:#000000; background-color:transparent; font-weight:400; font-style:normal; font-variant:normal; text-decoration:none; vertical-align:baseline; white-space:pre;\">\n<p dir=\"ltr\" style=\"line-height:1.7999999999999998; margin-top:0pt; margin-bottom:0pt;\"><span style=\"font-size:12pt; font-family:'TimesNewRoman'; color:#000000; background-color:transparent; font-weight:700; font-style:normal; font-variant:normal; text-decoration:none; vertical-align:baseline; white-space:pre; white-space:pre-wrap;\">\u00da\u010detn\u00ed uz\u00e1v\u011brka <\/span><span style=\"font-size:12pt; font-family:'TimesNewRoman'; color:#000000; background-color:transparent; font-weight:400; font-style:normal; font-variant:normal; text-decoration:none; vertical-align:baseline; white-space:pre; white-space:pre-wrap;\">byla \u010dtena p\u0159i bohoslu\u017eb\u011b.<\/span><\/p>\n<\/li>\n<li dir=\"ltr\" style=\"list-style-type:disc; font-size:12pt; font-family:'NotoSansSymbols'; color:#000000; background-color:transparent; font-weight:700; font-style:normal; font-variant:normal; text-decoration:none; vertical-align:baseline; white-space:pre;\">\n<p dir=\"ltr\" style=\"line-height:1.7999999999999998; margin-top:0pt; margin-bottom:0pt;\"><span style=\"font-size:12pt; font-family:'TimesNewRoman'; color:#000000; background-color:transparent; font-weight:700; font-style:normal; font-variant:normal; text-decoration:none; vertical-align:baseline; white-space:pre; white-space:pre-wrap;\">Postn\u00ed bro\u017eury<\/span><span style=\"font-size:12pt; font-family:'TimesNewRoman'; color:#000000; background-color:transparent; font-weight:400; font-style:normal; font-variant:normal; text-decoration:none; vertical-align:baseline; white-space:pre; white-space:pre-wrap;\"> si m\u016f\u017eete vz\u00edt v kostele, p\u0159\u00edsp\u011bvek na tisk 35 K\u010d.<\/span><\/p>\n<\/li>\n<li dir=\"ltr\" style=\"list-style-type:disc; font-size:12pt; font-family:'NotoSansSymbols'; color:#000000; background-color:transparent; font-weight:700; font-style:normal; font-variant:normal; text-decoration:none; vertical-align:baseline; white-space:pre;\">\n<p dir=\"ltr\" style=\"line-height:1.7999999999999998; margin-top:0pt; margin-bottom:0pt;\"><span style=\"font-size:12pt; font-family:'TimesNewRoman'; color:#000000; background-color:transparent; font-weight:700; font-style:normal; font-variant:normal; text-decoration:none; vertical-align:baseline; white-space:pre; white-space:pre-wrap;\">Postn\u00ed duchovn\u00ed obnova ve Skut\u010di <\/span><span style=\"font-size:12pt; font-family:'TimesNewRoman'; color:#000000; background-color:transparent; font-weight:400; font-style:normal; font-variant:normal; text-decoration:none; vertical-align:baseline; white-space:pre; white-space:pre-wrap;\">v gymn\u00e1ziu bude <\/span><span style=\"font-size:12pt; font-family:'TimesNewRoman'; color:#000000; background-color:transparent; font-weight:700; font-style:normal; font-variant:normal; text-decoration:none; vertical-align:baseline; white-space:pre; white-space:pre-wrap;\">v sobotu 6.4., <\/span><span style=\"font-size:12pt; font-family:'TimesNewRoman'; color:#000000; background-color:transparent; font-weight:400; font-style:normal; font-variant:normal; text-decoration:none; vertical-align:baseline; white-space:pre; white-space:pre-wrap;\">tentokr\u00e1t s<\/span><span style=\"font-size:12pt; font-family:'TimesNewRoman'; color:#000000; background-color:transparent; font-weight:700; font-style:normal; font-variant:normal; text-decoration:none; vertical-align:baseline; white-space:pre; white-space:pre-wrap;\"> P.Martinem Sekaninou <\/span><span style=\"font-size:12pt; font-family:'TimesNewRoman'; color:#000000; background-color:transparent; font-weight:400; font-style:normal; font-variant:normal; text-decoration:none; vertical-align:baseline; white-space:pre; white-space:pre-wrap;\">z Bzence. P\u0159ihla\u0161ov\u00e1n\u00ed v kostele na stole\u010dku.<\/span><\/p>\n<\/li>\n<li dir=\"ltr\" style=\"list-style-type:disc; font-size:12pt; font-family:'NotoSansSymbols'; color:#000000; background-color:transparent; font-weight:700; font-style:normal; font-variant:normal; text-decoration:none; vertical-align:baseline; white-space:pre;\">\n<p dir=\"ltr\" style=\"line-height:1.7999999999999998; margin-top:0pt; margin-bottom:0pt;\"><span style=\"font-size:12pt; font-family:'TimesNewRoman'; color:#000000; background-color:transparent; font-weight:700; font-style:normal; font-variant:normal; text-decoration:none; vertical-align:baseline; white-space:pre; white-space:pre-wrap;\">Skautsk\u00fd semin\u00e1\u0159 23.3. ve Skut\u010di <\/span><span style=\"font-size:12pt; font-family:'TimesNewRoman'; color:#000000; background-color:transparent; font-weight:400; font-style:normal; font-variant:normal; text-decoration:none; vertical-align:baseline; white-space:pre; white-space:pre-wrap;\">\u2013 p\u0159ihla\u0161ujte se dle informac\u00ed na plak\u00e1tku.<\/span><\/p>\n<\/li>\n<li dir=\"ltr\" style=\"list-style-type:disc; font-size:12pt; font-family:'NotoSansSymbols'; color:#000000; background-color:transparent; font-weight:400; font-style:normal; font-variant:normal; text-decoration:none; vertical-align:baseline; white-space:pre;\">\n<p dir=\"ltr\" style=\"line-height:1.7999999999999998; margin-top:0pt; margin-bottom:0pt;\"><span style=\"font-size:12pt; font-family:'TimesNewRoman'; color:#000000; background-color:transparent; font-weight:700; font-style:normal; font-variant:normal; text-decoration:none; vertical-align:baseline; white-space:pre; white-space:pre-wrap;\">Farn\u00ed pou\u0165 bude letos 18.5. do Mal\u00fdch Svato\u0148ovic <\/span><span style=\"font-size:12pt; font-family:'TimesNewRoman'; color:#000000; background-color:transparent; font-weight:400; font-style:normal; font-variant:normal; text-decoration:none; vertical-align:baseline; white-space:pre; white-space:pre-wrap;\">za P.Hojn\u00fdm, b\u00fdval\u00fdm duchovn\u00edm spr\u00e1vcem zdej\u0161\u00ed farnosti. <\/span><\/p>\n<\/li>\n<li dir=\"ltr\" style=\"list-style-type:disc; font-size:12pt; font-family:'NotoSansSymbols'; color:#000000; background-color:transparent; font-weight:400; font-style:normal; font-variant:normal; text-decoration:none; vertical-align:baseline; white-space:pre;\">\n<p dir=\"ltr\" style=\"line-height:1.7999999999999998; margin-top:0pt; margin-bottom:0pt;\"><span style=\"font-size:12pt; font-family:'TimesNewRoman'; color:#000000; background-color:transparent; font-weight:700; font-style:normal; font-variant:normal; text-decoration:none; vertical-align:baseline; white-space:pre; white-space:pre-wrap;\">Farn\u00ed t\u00e1bor pro d\u011bti 28.7. \u2013 3.8. letos zde v nov\u00e9m Komunitn\u00edm centru F.X.Mimry v Ran\u00e9.<\/span><span style=\"font-size:12pt; font-family:'TimesNewRoman'; color:#000000; background-color:transparent; font-weight:400; font-style:normal; font-variant:normal; text-decoration:none; vertical-align:baseline; white-space:pre; white-space:pre-wrap;\"> P\u0159ihl\u00e1\u0161ky  dostanou d\u011bti v n\u00e1bo\u017eenstv\u00ed, nebo pozd\u011bji i v kostele. <\/span><\/p>\n<\/li>\n<li dir=\"ltr\" style=\"list-style-type:disc; font-size:12pt; font-family:'NotoSansSymbols'; color:#000000; background-color:transparent; font-weight:400; font-style:normal; font-variant:normal; text-decoration:none; vertical-align:baseline; white-space:pre;\">\n<p dir=\"ltr\" style=\"line-height:1.7999999999999998; margin-top:0pt; margin-bottom:12pt;\"><span style=\"font-size:12pt; font-family:'TimesNewRoman'; color:#000000; background-color:transparent; font-weight:400; font-style:normal; font-variant:normal; text-decoration:none; vertical-align:baseline; white-space:pre; white-space:pre-wrap;\">O \u010dem p\u00ed\u0161e <\/span><span style=\"font-size:12pt; font-family:'TimesNewRoman'; color:#000000; background-color:transparent; font-weight:700; font-style:normal; font-variant:normal; text-decoration:none; vertical-align:baseline; white-space:pre; white-space:pre-wrap;\">Katolick\u00fd t\u00fdden\u00edk<\/span><span style=\"font-size:12pt; font-family:'TimesNewRoman'; color:#000000; background-color:transparent; font-weight:400; font-style:normal; font-variant:normal; text-decoration:none; vertical-align:baseline; white-space:pre; white-space:pre-wrap;\">: Vatik\u00e1nsk\u00e9 archivy se otev\u0159ou; P\u0159\u00edb\u011bhy proti zapomn\u011bn\u00ed; Perspektivy: Cesta k velik\u00e9 noci; rozhovor s Petrem K\u0159\u00ed\u017ekem; Doma: Svoboda a mobil.<\/span><\/p>\n<\/li>\n<\/ul>\n","protected":false},"excerpt":{"rendered":"<p>M\u0161e svat\u00e9: v p\u00e1tek v 18 h, v ned\u011bli v 9:30 h. K\u0159\u00ed\u017eov\u00e9 cesty budou v p\u00e1tek v 17:30 h. P\u0159\u00edprava d\u011bt\u00ed na 1. sv. p\u0159ij\u00edm\u00e1n\u00ed \u2013 p\u0159ipravuje se 9 d\u011bt\u00ed, pros\u00edm o modlitbu za n\u011b. Dnes TICH\u00c1 SB\u00cdRKA. P\u0159\u00ed\u0161t\u00ed <a class=\"more-link\" href=\"https:\/\/www.farnostrana.cz\/?p=665\">Cel\u00fd \u010dl\u00e1nek  <span class=\"screen-reader-text\">  Ohl\u00e1\u0161ky na 2. ned\u011bli postn\u00ed 17. 3. 2019<\/span><span class=\"meta-nav\">&rarr;<\/span><\/a><\/p>\n","protected":false},"author":1,"featured_media":0,"comment_status":"closed","ping_status":"open","sticky":false,"template":"","format":"standard","meta":{"_monsterinsights_skip_tracking":false,"_monsterinsights_sitenote_active":false,"_monsterinsights_sitenote_note":"","_monsterinsights_sitenote_category":0,"footnotes":""},"categories":[3],"tags":[],"class_list":["post-665","post","type-post","status-publish","format-standard","hentry","category-ohlasky"],"_links":{"self":[{"href":"https:\/\/www.farnostrana.cz\/index.php?rest_route=\/wp\/v2\/posts\/665","targetHints":{"allow":["GET"]}}],"collection":[{"href":"https:\/\/www.farnostrana.cz\/index.php?rest_route=\/wp\/v2\/posts"}],"about":[{"href":"https:\/\/www.farnostrana.cz\/index.php?rest_route=\/wp\/v2\/types\/post"}],"author":[{"embeddable":true,"href":"https:\/\/www.farnostrana.cz\/index.php?rest_route=\/wp\/v2\/users\/1"}],"replies":[{"embeddable":true,"href":"https:\/\/www.farnostrana.cz\/index.php?rest_route=%2Fwp%2Fv2%2Fcomments&post=665"}],"version-history":[{"count":1,"href":"https:\/\/www.farnostrana.cz\/index.php?rest_route=\/wp\/v2\/posts\/665\/revisions"}],"predecessor-version":[{"id":666,"href":"https:\/\/www.farnostrana.cz\/index.php?rest_route=\/wp\/v2\/posts\/665\/revisions\/666"}],"wp:attachment":[{"href":"https:\/\/www.farnostrana.cz\/index.php?rest_route=%2Fwp%2Fv2%2Fmedia&parent=665"}],"wp:term":[{"taxonomy":"category","embeddable":true,"href":"https:\/\/www.farnostrana.cz\/index.php?rest_route=%2Fwp%2Fv2%2Fcategories&post=665"},{"taxonomy":"post_tag","embeddable":true,"href":"https:\/\/www.farnostrana.cz\/index.php?rest_route=%2Fwp%2Fv2%2Ftags&post=665"}],"curies":[{"name":"wp","href":"https:\/\/api.w.org\/{rel}","templated":true}]}}