{"id":621,"date":"2018-12-31T11:06:40","date_gmt":"2018-12-31T09:06:40","guid":{"rendered":"https:\/\/www.farnostrana.cz\/?p=621"},"modified":"2018-12-31T11:06:40","modified_gmt":"2018-12-31T09:06:40","slug":"rozpis-lektoru-na-leden-2019","status":"publish","type":"post","link":"https:\/\/www.farnostrana.cz\/?p=621","title":{"rendered":"Rozpis lektor\u016f na Leden 2019"},"content":{"rendered":"<p><strong>Rozpis lektor\u016f na Leden 2019<\/strong><\/p>\n<table>\n<tbody>\n<tr>\n<td width=\"114\">&nbsp;<\/td>\n<td width=\"125\"><strong>1. \u010dten\u00ed<\/strong><\/td>\n<td width=\"115\"><strong>2. \u010dten\u00ed<\/strong><\/td>\n<\/tr>\n<tr>\n<td width=\"114\"><strong>6. 1.<\/strong><\/p>\n<p>Slavnost Zjeven\u00ed P\u00e1n\u011b<\/td>\n<td width=\"125\">M. Posp\u00ed\u0161ilov\u00e1<\/td>\n<td width=\"115\">B. Vackov\u00e1<\/td>\n<\/tr>\n<tr>\n<td width=\"114\"><strong>13. 1.<\/strong><\/p>\n<p>Sv\u00e1tek K\u0159tu P\u00e1n\u011b<\/td>\n<td width=\"125\">L. Va\u0148\u00e1\u010d<\/td>\n<td width=\"115\">E. Bro\u017ekov\u00e1<\/td>\n<\/tr>\n<tr>\n<td width=\"114\"><strong>20. 1.<\/strong><\/p>\n<p>2. \u00a0ned\u011ble v mezidob\u00ed<\/td>\n<td width=\"125\">M. Tal\u00e1ckov\u00e1<\/td>\n<td width=\"115\">\u00a0F. Pol\u00e1k<\/td>\n<\/tr>\n<tr>\n<td width=\"114\"><strong>27. 1.<\/strong><\/p>\n<p>3. \u00a0ned\u011ble v mezidob\u00ed<\/td>\n<td width=\"125\">\u00a0H. Ad\u00e1mkov\u00e1<\/td>\n<td width=\"115\">Pavli\u0161ov\u00e1 V.<\/td>\n<\/tr>\n<\/tbody>\n<\/table>\n<p>&nbsp;<\/p>\n<p>Dejte pros\u00edm min. 10 minut p\u0159ed za\u010d\u00e1tkem m\u0161e sv. v\u011bd\u011bt, \u017ee budete \u010d\u00edst!<\/p>\n<p>Nebudete-li moci \u010d\u00edst, domluvte si pros\u00edm za sebe n\u00e1hradu!<\/p>\n","protected":false},"excerpt":{"rendered":"<p>Rozpis lektor\u016f na Leden 2019 &nbsp; 1. \u010dten\u00ed 2. \u010dten\u00ed 6. 1. Slavnost Zjeven\u00ed P\u00e1n\u011b M. Posp\u00ed\u0161ilov\u00e1 B. Vackov\u00e1 13. 1. Sv\u00e1tek K\u0159tu P\u00e1n\u011b L. Va\u0148\u00e1\u010d E. Bro\u017ekov\u00e1 20. 1. 2. \u00a0ned\u011ble v mezidob\u00ed M. Tal\u00e1ckov\u00e1 \u00a0F. Pol\u00e1k 27. 1. <a class=\"more-link\" href=\"https:\/\/www.farnostrana.cz\/?p=621\">Cel\u00fd \u010dl\u00e1nek  <span class=\"screen-reader-text\">  Rozpis lektor\u016f na Leden 2019<\/span><span class=\"meta-nav\">&rarr;<\/span><\/a><\/p>\n","protected":false},"author":1,"featured_media":0,"comment_status":"closed","ping_status":"open","sticky":false,"template":"","format":"standard","meta":{"_monsterinsights_skip_tracking":false,"_monsterinsights_sitenote_active":false,"_monsterinsights_sitenote_note":"","_monsterinsights_sitenote_category":0,"footnotes":""},"categories":[3],"tags":[],"class_list":["post-621","post","type-post","status-publish","format-standard","hentry","category-ohlasky"],"_links":{"self":[{"href":"https:\/\/www.farnostrana.cz\/index.php?rest_route=\/wp\/v2\/posts\/621","targetHints":{"allow":["GET"]}}],"collection":[{"href":"https:\/\/www.farnostrana.cz\/index.php?rest_route=\/wp\/v2\/posts"}],"about":[{"href":"https:\/\/www.farnostrana.cz\/index.php?rest_route=\/wp\/v2\/types\/post"}],"author":[{"embeddable":true,"href":"https:\/\/www.farnostrana.cz\/index.php?rest_route=\/wp\/v2\/users\/1"}],"replies":[{"embeddable":true,"href":"https:\/\/www.farnostrana.cz\/index.php?rest_route=%2Fwp%2Fv2%2Fcomments&post=621"}],"version-history":[{"count":1,"href":"https:\/\/www.farnostrana.cz\/index.php?rest_route=\/wp\/v2\/posts\/621\/revisions"}],"predecessor-version":[{"id":622,"href":"https:\/\/www.farnostrana.cz\/index.php?rest_route=\/wp\/v2\/posts\/621\/revisions\/622"}],"wp:attachment":[{"href":"https:\/\/www.farnostrana.cz\/index.php?rest_route=%2Fwp%2Fv2%2Fmedia&parent=621"}],"wp:term":[{"taxonomy":"category","embeddable":true,"href":"https:\/\/www.farnostrana.cz\/index.php?rest_route=%2Fwp%2Fv2%2Fcategories&post=621"},{"taxonomy":"post_tag","embeddable":true,"href":"https:\/\/www.farnostrana.cz\/index.php?rest_route=%2Fwp%2Fv2%2Ftags&post=621"}],"curies":[{"name":"wp","href":"https:\/\/api.w.org\/{rel}","templated":true}]}}