{"id":611,"date":"2018-12-22T19:10:09","date_gmt":"2018-12-22T17:10:09","guid":{"rendered":"https:\/\/www.farnostrana.cz\/?p=611"},"modified":"2018-12-23T12:36:04","modified_gmt":"2018-12-23T10:36:04","slug":"ohlasky-na-4-nedeli-adventni-23-12-2018","status":"publish","type":"post","link":"https:\/\/www.farnostrana.cz\/?p=611","title":{"rendered":"Ohl\u00e1\u0161ky na 4. ned\u011bli adventn\u00ed 23. 12. 2018"},"content":{"rendered":"<ul style=\"margin-top:0pt; margin-bottom:0pt;\">\n<li dir=\"ltr\" style=\"list-style-type:disc; font-size:12pt; font-family:'NotoSansSymbols'; color:#000000; background-color:transparent; font-weight:400; font-style:normal; font-variant:normal; text-decoration:none; vertical-align:baseline; white-space:pre; margin-left:3.552713678800501e-15pt;\">\n<p dir=\"ltr\" style=\"line-height:1.3800000000000001; margin-top:12pt; margin-bottom:12pt;\"><span style=\"font-size:12pt; font-family:'TimesNewRoman'; color:#000000; background-color:transparent; font-weight:700; font-style:normal; font-variant:normal; text-decoration:none; vertical-align:baseline; white-space:pre; white-space:pre-wrap;\">M\u0161e svat\u00e9:<\/span><span style=\"font-size:12pt; font-family:'TimesNewRoman'; color:#000000; background-color:transparent; font-weight:400; font-style:normal; font-variant:normal; text-decoration:none; vertical-align:baseline; white-space:pre; white-space:pre-wrap;\"> dle rozpisu. P\u0159\u00ed\u0161t\u00ed ned\u011bli Svat\u00e9 rodiny, obnova man\u017eelsk\u00fdch slib\u016f. V sobotu 29.12. ve 13 h poh\u0159eb p.Josefa Tal\u00e1cka z Vojt\u011bchova.<\/span><\/p>\n<\/li>\n<li dir=\"ltr\" style=\"list-style-type:disc; font-size:12pt; font-family:'NotoSansSymbols'; color:#000000; background-color:transparent; font-weight:700; font-style:normal; font-variant:normal; text-decoration:none; vertical-align:baseline; white-space:pre; margin-left:3.3000000000000043pt;\">\n<p dir=\"ltr\" style=\"line-height:1.3800000000000001; margin-top:0pt; margin-bottom:12pt;\"><span style=\"font-size:12pt; font-family:'TimesNewRoman'; color:#000000; background-color:transparent; font-weight:700; font-style:normal; font-variant:normal; text-decoration:none; vertical-align:baseline; white-space:pre; white-space:pre-wrap;\">\u017div\u00fd Betl\u00e9m <\/span><span style=\"font-size:12pt; font-family:'TimesNewRoman'; color:#000000; background-color:transparent; font-weight:400; font-style:normal; font-variant:normal; text-decoration:none; vertical-align:baseline; white-space:pre; white-space:pre-wrap;\">m\u016f\u017eete shl\u00e9dnout dnes ve Skut\u010di pod kostelem v 15:30 h.<\/span><\/p>\n<\/li>\n<li dir=\"ltr\" style=\"list-style-type:disc; font-size:12pt; font-family:'NotoSansSymbols'; color:#000000; background-color:transparent; font-weight:700; font-style:normal; font-variant:normal; text-decoration:none; vertical-align:baseline; white-space:pre; margin-left:3.3000000000000043pt;\">\n<p dir=\"ltr\" style=\"line-height:1.3800000000000001; margin-top:0pt; margin-bottom:12pt;\"><span style=\"font-size:12pt; font-family:'TimesNewRoman'; color:#000000; background-color:transparent; font-weight:700; font-style:normal; font-variant:normal; text-decoration:none; vertical-align:baseline; white-space:pre; white-space:pre-wrap;\">Sb\u00edrka na \u0160t\u011bdr\u00fd den bude na Betl\u00e9m nenarozen\u00fdch<\/span><span style=\"font-size:12pt; font-family:'TimesNewRoman'; color:#000000; background-color:transparent; font-weight:400; font-style:normal; font-variant:normal; text-decoration:none; vertical-align:baseline; white-space:pre; white-space:pre-wrap;\"> \u2013 Domov pro matky v t\u00edsni v Hamrech.<\/span><\/p>\n<\/li>\n<li dir=\"ltr\" style=\"list-style-type:disc; font-size:12pt; font-family:'NotoSansSymbols'; color:#000000; background-color:transparent; font-weight:700; font-style:normal; font-variant:normal; text-decoration:none; vertical-align:baseline; white-space:pre; margin-left:3.3000000000000043pt;\">\n<p dir=\"ltr\" style=\"line-height:1.3800000000000001; margin-top:0pt; margin-bottom:12pt;\"><span style=\"font-size:12pt; font-family:'TimesNewRoman'; color:#000000; background-color:transparent; font-weight:700; font-style:normal; font-variant:normal; text-decoration:none; vertical-align:baseline; white-space:pre; white-space:pre-wrap;\">Zp\u00edv\u00e1n\u00ed u jesli\u010dek ve st\u0159edu 26.12. od 16 h v kostele. <\/span><span style=\"font-size:12pt; font-family:'TimesNewRoman'; color:#000000; background-color:transparent; font-weight:400; font-style:normal; font-variant:normal; text-decoration:none; vertical-align:baseline; white-space:pre; white-space:pre-wrap;\">P\u0159ij\u010fte si zazp\u00edvat nebo poslechnout. Ob\u010derstven\u00ed na fa\u0159e. <\/span><\/p>\n<\/li>\n<li dir=\"ltr\" style=\"list-style-type:disc; font-size:12pt; font-family:'NotoSansSymbols'; color:#000000; background-color:transparent; font-weight:700; font-style:normal; font-variant:normal; text-decoration:none; vertical-align:baseline; white-space:pre; margin-left:3.3000000000000043pt;\">\n<p dir=\"ltr\" style=\"line-height:1.3800000000000001; margin-top:0pt; margin-bottom:12pt;\"><span style=\"font-size:12pt; font-family:'TimesNewRoman'; color:#000000; background-color:transparent; font-weight:700; font-style:normal; font-variant:normal; text-decoration:none; vertical-align:baseline; white-space:pre; white-space:pre-wrap;\">Poj\u010fte k Betl\u00e9mu! <\/span><span style=\"font-size:12pt; font-family:'TimesNewRoman'; color:#000000; background-color:transparent; font-weight:400; font-style:normal; font-variant:normal; text-decoration:none; vertical-align:baseline; white-space:pre; white-space:pre-wrap;\">Kostel bude b\u011bhem sv\u00e1te\u010dn\u00edch dn\u016f od 24. do 26.12. otev\u0159en b\u011bhem dne k n\u00e1v\u0161t\u011bv\u00e1m Betl\u00e9ma. Pozv\u011bte sv\u00e9 zn\u00e1m\u00e9 a p\u0159\u00edbuzn\u00e9!<\/span><\/p>\n<\/li>\n<li dir=\"ltr\" style=\"list-style-type:disc; font-size:12pt; font-family:'NotoSansSymbols'; color:#000000; background-color:transparent; font-weight:700; font-style:normal; font-variant:normal; text-decoration:none; vertical-align:baseline; white-space:pre; margin-left:3.3000000000000043pt;\">\n<p dir=\"ltr\" style=\"line-height:1.3800000000000001; margin-top:0pt; margin-bottom:12pt;\"><span style=\"font-size:12pt; font-family:'TimesNewRoman'; color:#000000; background-color:transparent; font-weight:700; font-style:normal; font-variant:normal; text-decoration:none; vertical-align:baseline; white-space:pre; white-space:pre-wrap;\">Duchovn\u00ed obnovy:<\/span><span style=\"font-size:12pt; font-family:'TimesNewRoman'; color:#000000; background-color:transparent; font-weight:400; font-style:normal; font-variant:normal; text-decoration:none; vertical-align:baseline; white-space:pre; white-space:pre-wrap;\"> Obnova pro \u017eeny v Rokoli 8. \u2013 10.2.2019. Obnova pro mu\u017ee je\u0161t\u011b nen\u00ed stanovena.<\/span><\/p>\n<\/li>\n<li dir=\"ltr\" style=\"list-style-type:disc; font-size:12pt; font-family:'NotoSansSymbols'; color:#000000; background-color:transparent; font-weight:400; font-style:normal; font-variant:normal; text-decoration:none; vertical-align:baseline; white-space:pre; margin-left:3.3000000000000043pt;\">\n<p dir=\"ltr\" style=\"line-height:1.3800000000000001; margin-top:0pt; margin-bottom:12pt;\"><span style=\"font-size:12pt; font-family:'TimesNewRoman'; color:#000000; background-color:transparent; font-weight:700; font-style:normal; font-variant:normal; text-decoration:none; vertical-align:baseline; white-space:pre; white-space:pre-wrap;\">O \u010dem p\u00ed\u0161e v\u00e1no\u010dn\u00ed Katolick\u00fd t\u00fdden\u00edk: <\/span><span style=\"font-size:12pt; font-family:'TimesNewRoman'; color:#000000; background-color:transparent; font-weight:400; font-style:normal; font-variant:normal; text-decoration:none; vertical-align:baseline; white-space:pre; white-space:pre-wrap;\">B\u00edl\u00e9 stuhy nov\u00e9ho za\u010d\u00e1tku; V\u00e1no\u010dn\u00ed speci\u00e1l; Dobr\u00e9 zpr\u00e1vy roku 2018; rozhovor s Pavlem Kosat\u00edkem; d\u00e1rek n\u00e1st\u011bnn\u00fd kalend\u00e1\u0159.<\/span><\/p>\n<\/li>\n<\/ul>\n<p dir=\"ltr\" style=\"line-height:1.3800000000000001; margin-top:0pt; margin-bottom:12pt; text-indent:-35.45ptpadding:0pt0pt0pt35.45pt; text-align:center;\"><span style=\"font-size:16pt; font-family:'TimesNewRoman'; color:#000000; background-color:transparent; font-weight:400; font-style:italic; font-variant:normal; text-decoration:none; vertical-align:baseline; white-space:pre; white-space:pre-wrap;\">V\u0161em v\u00e1m p\u0159eji kr\u00e1sn\u00e9 a po\u017eehnan\u00e9 v\u00e1noce!<\/span><\/p>\n<p dir=\"ltr\" style=\"line-height:1.3800000000000001; margin-top:0pt; margin-bottom:12pt; text-indent:-35.45ptpadding:0pt0pt0pt35.45pt; text-align:center;\"><span style=\"font-size:16pt; font-family:'TimesNewRoman'; color:#000000; background-color:transparent; font-weight:400; font-style:italic; font-variant:normal; text-decoration:none; vertical-align:baseline; white-space:pre; white-space:pre-wrap;\">V\u00e1\u0161 pan far\u00e1\u0159 Ond\u0159ej Matula<\/span><\/p>\n","protected":false},"excerpt":{"rendered":"<p>M\u0161e svat\u00e9: dle rozpisu. P\u0159\u00ed\u0161t\u00ed ned\u011bli Svat\u00e9 rodiny, obnova man\u017eelsk\u00fdch slib\u016f. V sobotu 29.12. ve 13 h poh\u0159eb p.Josefa Tal\u00e1cka z Vojt\u011bchova. \u017div\u00fd Betl\u00e9m m\u016f\u017eete shl\u00e9dnout dnes ve Skut\u010di pod kostelem v 15:30 h. Sb\u00edrka na \u0160t\u011bdr\u00fd den bude na <a class=\"more-link\" href=\"https:\/\/www.farnostrana.cz\/?p=611\">Cel\u00fd \u010dl\u00e1nek  <span class=\"screen-reader-text\">  Ohl\u00e1\u0161ky na 4. ned\u011bli adventn\u00ed 23. 12. 2018<\/span><span class=\"meta-nav\">&rarr;<\/span><\/a><\/p>\n","protected":false},"author":1,"featured_media":0,"comment_status":"closed","ping_status":"open","sticky":false,"template":"","format":"standard","meta":{"_monsterinsights_skip_tracking":false,"_monsterinsights_sitenote_active":false,"_monsterinsights_sitenote_note":"","_monsterinsights_sitenote_category":0,"footnotes":""},"categories":[3],"tags":[],"class_list":["post-611","post","type-post","status-publish","format-standard","hentry","category-ohlasky"],"_links":{"self":[{"href":"https:\/\/www.farnostrana.cz\/index.php?rest_route=\/wp\/v2\/posts\/611","targetHints":{"allow":["GET"]}}],"collection":[{"href":"https:\/\/www.farnostrana.cz\/index.php?rest_route=\/wp\/v2\/posts"}],"about":[{"href":"https:\/\/www.farnostrana.cz\/index.php?rest_route=\/wp\/v2\/types\/post"}],"author":[{"embeddable":true,"href":"https:\/\/www.farnostrana.cz\/index.php?rest_route=\/wp\/v2\/users\/1"}],"replies":[{"embeddable":true,"href":"https:\/\/www.farnostrana.cz\/index.php?rest_route=%2Fwp%2Fv2%2Fcomments&post=611"}],"version-history":[{"count":2,"href":"https:\/\/www.farnostrana.cz\/index.php?rest_route=\/wp\/v2\/posts\/611\/revisions"}],"predecessor-version":[{"id":613,"href":"https:\/\/www.farnostrana.cz\/index.php?rest_route=\/wp\/v2\/posts\/611\/revisions\/613"}],"wp:attachment":[{"href":"https:\/\/www.farnostrana.cz\/index.php?rest_route=%2Fwp%2Fv2%2Fmedia&parent=611"}],"wp:term":[{"taxonomy":"category","embeddable":true,"href":"https:\/\/www.farnostrana.cz\/index.php?rest_route=%2Fwp%2Fv2%2Fcategories&post=611"},{"taxonomy":"post_tag","embeddable":true,"href":"https:\/\/www.farnostrana.cz\/index.php?rest_route=%2Fwp%2Fv2%2Ftags&post=611"}],"curies":[{"name":"wp","href":"https:\/\/api.w.org\/{rel}","templated":true}]}}