{"id":609,"date":"2018-12-15T22:17:16","date_gmt":"2018-12-15T20:17:16","guid":{"rendered":"https:\/\/www.farnostrana.cz\/?p=609"},"modified":"2018-12-15T22:17:16","modified_gmt":"2018-12-15T20:17:16","slug":"ohlasky-na-3-nedeli-adventni-16-12-2018","status":"publish","type":"post","link":"https:\/\/www.farnostrana.cz\/?p=609","title":{"rendered":"Ohl\u00e1\u0161ky na 3. ned\u011bli adventn\u00ed 16. 12. 2018"},"content":{"rendered":"<ul style=\"margin-top:0pt; margin-bottom:0pt;\">\n<li dir=\"ltr\" style=\"list-style-type:disc; font-size:12pt; font-family:'NotoSansSymbols'; color:#000000; background-color:transparent; font-weight:400; font-style:normal; font-variant:normal; text-decoration:none; vertical-align:baseline; white-space:pre; margin-left:3.552713678800501e-15pt;\">\n<p dir=\"ltr\" style=\"line-height:1.3800000000000001; margin-top:12pt; margin-bottom:12pt;\"><span style=\"font-size:12pt; font-family:'TimesNewRoman'; color:#000000; background-color:transparent; font-weight:700; font-style:normal; font-variant:normal; text-decoration:none; vertical-align:baseline; white-space:pre; white-space:pre-wrap;\">M\u0161e svat\u00e9:<\/span><span style=\"font-size:12pt; font-family:'TimesNewRoman'; color:#000000; background-color:transparent; font-weight:400; font-style:normal; font-variant:normal; text-decoration:none; vertical-align:baseline; white-space:pre; white-space:pre-wrap;\"> v p\u00e1tek v 18 h, v ned\u011bli v 9:30 h. <\/span><\/p>\n<\/li>\n<li dir=\"ltr\" style=\"list-style-type:disc; font-size:12pt; font-family:'NotoSansSymbols'; color:#000000; background-color:transparent; font-weight:400; font-style:normal; font-variant:normal; text-decoration:none; vertical-align:baseline; white-space:pre; margin-left:3.552713678800501e-15pt;\">\n<p dir=\"ltr\" style=\"line-height:1.3800000000000001; margin-top:12pt; margin-bottom:12pt;\"><span style=\"font-size:12pt; font-family:'TimesNewRoman'; color:#000000; background-color:transparent; font-weight:700; font-style:normal; font-variant:normal; text-decoration:none; vertical-align:baseline; white-space:pre; white-space:pre-wrap;\">Mo\u017enost sv\u00e1tosti sm\u00ed\u0159en\u00ed<\/span><span style=\"font-size:12pt; font-family:'TimesNewRoman'; color:#000000; background-color:transparent; font-weight:400; font-style:normal; font-variant:normal; text-decoration:none; vertical-align:baseline; white-space:pre; white-space:pre-wrap;\"> dnes od 14 h v Holet\u00edn\u011b v KC, od 15 do 18 h ve Skut\u010di na fa\u0159e.<\/span><\/p>\n<\/li>\n<li dir=\"ltr\" style=\"list-style-type:disc; font-size:12pt; font-family:'NotoSansSymbols'; color:#000000; background-color:transparent; font-weight:700; font-style:normal; font-variant:normal; text-decoration:none; vertical-align:baseline; white-space:pre; margin-left:3.3000000000000043pt;\">\n<p dir=\"ltr\" style=\"line-height:1.3800000000000001; margin-top:0pt; margin-bottom:12pt;\"><span style=\"font-size:12pt; font-family:'TimesNewRoman'; color:#000000; background-color:transparent; font-weight:700; font-style:normal; font-variant:normal; text-decoration:none; vertical-align:baseline; white-space:pre; white-space:pre-wrap;\">Sb\u00edrka na \u0160t\u011bdr\u00fd den bude na Betl\u00e9m nenarozen\u00fdch<\/span><span style=\"font-size:12pt; font-family:'TimesNewRoman'; color:#000000; background-color:transparent; font-weight:400; font-style:normal; font-variant:normal; text-decoration:none; vertical-align:baseline; white-space:pre; white-space:pre-wrap;\"> \u2013 Domov pro matky v t\u00edsni v Hamrech.<\/span><\/p>\n<\/li>\n<li dir=\"ltr\" style=\"list-style-type:disc; font-size:12pt; font-family:'NotoSansSymbols'; color:#000000; background-color:transparent; font-weight:700; font-style:normal; font-variant:normal; text-decoration:none; vertical-align:baseline; white-space:pre; margin-left:3.3000000000000043pt;\">\n<p dir=\"ltr\" style=\"line-height:1.3800000000000001; margin-top:0pt; margin-bottom:12pt;\"><span style=\"font-size:12pt; font-family:'TimesNewRoman'; color:#000000; background-color:transparent; font-weight:700; font-style:normal; font-variant:normal; text-decoration:none; vertical-align:baseline; white-space:pre; white-space:pre-wrap;\">Vych\u00e1z\u00ed Zpravodaj farnost\u00ed \u2013 <\/span><span style=\"font-size:12pt; font-family:'TimesNewRoman'; color:#000000; background-color:transparent; font-weight:400; font-style:normal; font-variant:normal; text-decoration:none; vertical-align:baseline; white-space:pre; white-space:pre-wrap;\">k dispozici na stole\u010dku v kostele za p\u0159\u00edsp\u011bvek na tisk. D\u011bkuji v\u0161em p\u0159isp\u011bvatel\u016fm a redakci! <\/span><\/p>\n<\/li>\n<li dir=\"ltr\" style=\"list-style-type:disc; font-size:12pt; font-family:'NotoSansSymbols'; color:#000000; background-color:transparent; font-weight:700; font-style:normal; font-variant:normal; text-decoration:none; vertical-align:baseline; white-space:pre; margin-left:3.3000000000000043pt;\">\n<p dir=\"ltr\" style=\"line-height:1.3800000000000001; margin-top:0pt; margin-bottom:12pt;\"><span style=\"font-size:12pt; font-family:'TimesNewRoman'; color:#000000; background-color:transparent; font-weight:700; font-style:normal; font-variant:normal; text-decoration:none; vertical-align:baseline; white-space:pre; white-space:pre-wrap;\">V\u00e1no\u010dn\u00ed pohlednice<\/span><span style=\"font-size:12pt; font-family:'TimesNewRoman'; color:#000000; background-color:transparent; font-weight:400; font-style:normal; font-variant:normal; text-decoration:none; vertical-align:baseline; white-space:pre; white-space:pre-wrap;\"> za dobrovoln\u00fd p\u0159\u00edsp\u011bvek si m\u016f\u017eete vz\u00edt na stole\u010dku. <\/span><\/p>\n<\/li>\n<li dir=\"ltr\" style=\"list-style-type:disc; font-size:12pt; font-family:'NotoSansSymbols'; color:#000000; background-color:transparent; font-weight:700; font-style:normal; font-variant:normal; text-decoration:none; vertical-align:baseline; white-space:pre; margin-left:3.3000000000000043pt;\">\n<p dir=\"ltr\" style=\"line-height:1.3800000000000001; margin-top:0pt; margin-bottom:12pt;\"><span style=\"font-size:12pt; font-family:'TimesNewRoman'; color:#000000; background-color:transparent; font-weight:700; font-style:normal; font-variant:normal; text-decoration:none; vertical-align:baseline; white-space:pre; white-space:pre-wrap;\">P\u0159ebytek pou\u017eit\u00e9ho textilu<\/span><span style=\"font-size:12pt; font-family:'TimesNewRoman'; color:#000000; background-color:transparent; font-weight:400; font-style:normal; font-variant:normal; text-decoration:none; vertical-align:baseline; white-space:pre; white-space:pre-wrap;\"> z fary bude p\u0159ed\u00e1n farnosti Ronov nad Doubravou.<\/span><\/p>\n<\/li>\n<li dir=\"ltr\" style=\"list-style-type:disc; font-size:12pt; font-family:'NotoSansSymbols'; color:#000000; background-color:transparent; font-weight:700; font-style:normal; font-variant:normal; text-decoration:none; vertical-align:baseline; white-space:pre; margin-left:3.3000000000000043pt;\">\n<p dir=\"ltr\" style=\"line-height:1.3800000000000001; margin-top:0pt; margin-bottom:12pt;\"><span style=\"font-size:12pt; font-family:'TimesNewRoman'; color:#000000; background-color:transparent; font-weight:700; font-style:normal; font-variant:normal; text-decoration:none; vertical-align:baseline; white-space:pre; white-space:pre-wrap;\">L\u00edstky na T\u0159\u00edkr\u00e1lov\u00fd ples ve Skut\u010di budou k dispozici po m\u0161i.<\/span><\/p>\n<\/li>\n<li dir=\"ltr\" style=\"list-style-type:disc; font-size:12pt; font-family:'NotoSansSymbols'; color:#000000; background-color:transparent; font-weight:700; font-style:normal; font-variant:normal; text-decoration:none; vertical-align:baseline; white-space:pre; margin-left:3.3000000000000043pt;\">\n<p dir=\"ltr\" style=\"line-height:1.3800000000000001; margin-top:0pt; margin-bottom:12pt;\"><span style=\"font-size:12pt; font-family:'TimesNewRoman'; color:#000000; background-color:transparent; font-weight:700; font-style:normal; font-variant:normal; text-decoration:none; vertical-align:baseline; white-space:pre; white-space:pre-wrap;\">\u017div\u00fd Betl\u00e9m <\/span><span style=\"font-size:12pt; font-family:'TimesNewRoman'; color:#000000; background-color:transparent; font-weight:400; font-style:normal; font-variant:normal; text-decoration:none; vertical-align:baseline; white-space:pre; white-space:pre-wrap;\">m\u016f\u017eete shl\u00e9dnout ve Skut\u010di pod kostelem p\u0159\u00ed\u0161t\u00ed ned\u011bli 23.12. o 15:30 h.<\/span><\/p>\n<\/li>\n<li dir=\"ltr\" style=\"list-style-type:disc; font-size:12pt; font-family:'NotoSansSymbols'; color:#000000; background-color:transparent; font-weight:700; font-style:normal; font-variant:normal; text-decoration:none; vertical-align:baseline; white-space:pre; margin-left:3.3000000000000043pt;\">\n<p dir=\"ltr\" style=\"line-height:1.3800000000000001; margin-top:0pt; margin-bottom:12pt;\"><span style=\"font-size:12pt; font-family:'TimesNewRoman'; color:#000000; background-color:transparent; font-weight:700; font-style:normal; font-variant:normal; text-decoration:none; vertical-align:baseline; white-space:pre; white-space:pre-wrap;\">Duchovn\u00ed obnovy:<\/span><span style=\"font-size:12pt; font-family:'TimesNewRoman'; color:#000000; background-color:transparent; font-weight:400; font-style:normal; font-variant:normal; text-decoration:none; vertical-align:baseline; white-space:pre; white-space:pre-wrap;\"> Obnova pro \u017eeny v Rokoli 8. \u2013 10.2.2019. Obnova pro mu\u017ee je\u0161t\u011b nen\u00ed stanovena.<\/span><\/p>\n<\/li>\n<li dir=\"ltr\" style=\"list-style-type:disc; font-size:12pt; font-family:'NotoSansSymbols'; color:#000000; background-color:transparent; font-weight:400; font-style:normal; font-variant:normal; text-decoration:none; vertical-align:baseline; white-space:pre; margin-left:3.3000000000000043pt;\">\n<p dir=\"ltr\" style=\"line-height:1.3800000000000001; margin-top:0pt; margin-bottom:12pt;\"><span style=\"font-size:12pt; font-family:'TimesNewRoman'; color:#000000; background-color:transparent; font-weight:700; font-style:normal; font-variant:normal; text-decoration:none; vertical-align:baseline; white-space:pre; white-space:pre-wrap;\">O \u010dem p\u00ed\u0161e Katolick\u00fd t\u00fdden\u00edk: <\/span><span style=\"font-size:12pt; font-family:'TimesNewRoman'; color:#000000; background-color:transparent; font-weight:400; font-style:normal; font-variant:normal; text-decoration:none; vertical-align:baseline; white-space:pre; white-space:pre-wrap;\">nov\u00fd nuncius se ujal \u00fa\u0159adu; T\u00e9ma: Jak se d\u011blit; Perspektivy: Karel \u010capek jako vychovatel; rozhovor s Miloslavem Nevrl\u00fdm; Doma: Opravdov\u00fd d\u00e1rek.<\/span><\/p>\n<\/li>\n<\/ul>\n","protected":false},"excerpt":{"rendered":"<p>M\u0161e svat\u00e9: v p\u00e1tek v 18 h, v ned\u011bli v 9:30 h. Mo\u017enost sv\u00e1tosti sm\u00ed\u0159en\u00ed dnes od 14 h v Holet\u00edn\u011b v KC, od 15 do 18 h ve Skut\u010di na fa\u0159e. Sb\u00edrka na \u0160t\u011bdr\u00fd den bude na Betl\u00e9m nenarozen\u00fdch <a class=\"more-link\" href=\"https:\/\/www.farnostrana.cz\/?p=609\">Cel\u00fd \u010dl\u00e1nek  <span class=\"screen-reader-text\">  Ohl\u00e1\u0161ky na 3. ned\u011bli adventn\u00ed 16. 12. 2018<\/span><span class=\"meta-nav\">&rarr;<\/span><\/a><\/p>\n","protected":false},"author":1,"featured_media":0,"comment_status":"closed","ping_status":"open","sticky":false,"template":"","format":"standard","meta":{"_monsterinsights_skip_tracking":false,"_monsterinsights_sitenote_active":false,"_monsterinsights_sitenote_note":"","_monsterinsights_sitenote_category":0,"footnotes":""},"categories":[3],"tags":[],"class_list":["post-609","post","type-post","status-publish","format-standard","hentry","category-ohlasky"],"_links":{"self":[{"href":"https:\/\/www.farnostrana.cz\/index.php?rest_route=\/wp\/v2\/posts\/609","targetHints":{"allow":["GET"]}}],"collection":[{"href":"https:\/\/www.farnostrana.cz\/index.php?rest_route=\/wp\/v2\/posts"}],"about":[{"href":"https:\/\/www.farnostrana.cz\/index.php?rest_route=\/wp\/v2\/types\/post"}],"author":[{"embeddable":true,"href":"https:\/\/www.farnostrana.cz\/index.php?rest_route=\/wp\/v2\/users\/1"}],"replies":[{"embeddable":true,"href":"https:\/\/www.farnostrana.cz\/index.php?rest_route=%2Fwp%2Fv2%2Fcomments&post=609"}],"version-history":[{"count":1,"href":"https:\/\/www.farnostrana.cz\/index.php?rest_route=\/wp\/v2\/posts\/609\/revisions"}],"predecessor-version":[{"id":610,"href":"https:\/\/www.farnostrana.cz\/index.php?rest_route=\/wp\/v2\/posts\/609\/revisions\/610"}],"wp:attachment":[{"href":"https:\/\/www.farnostrana.cz\/index.php?rest_route=%2Fwp%2Fv2%2Fmedia&parent=609"}],"wp:term":[{"taxonomy":"category","embeddable":true,"href":"https:\/\/www.farnostrana.cz\/index.php?rest_route=%2Fwp%2Fv2%2Fcategories&post=609"},{"taxonomy":"post_tag","embeddable":true,"href":"https:\/\/www.farnostrana.cz\/index.php?rest_route=%2Fwp%2Fv2%2Ftags&post=609"}],"curies":[{"name":"wp","href":"https:\/\/api.w.org\/{rel}","templated":true}]}}