{"id":597,"date":"2018-12-01T22:05:22","date_gmt":"2018-12-01T20:05:22","guid":{"rendered":"https:\/\/www.farnostrana.cz\/?p=597"},"modified":"2018-12-01T22:05:22","modified_gmt":"2018-12-01T20:05:22","slug":"ohlasky-na-1-nedeli-adventni-2-12-2018","status":"publish","type":"post","link":"https:\/\/www.farnostrana.cz\/?p=597","title":{"rendered":"Ohl\u00e1\u0161ky na 1. ned\u011bli adventn\u00ed 2. 12. 2018"},"content":{"rendered":"<ul>\n<li><strong>M\u0161e svat\u00e9:<\/strong> v\u00a0p\u00e1tek v\u00a018 h, Ror\u00e1tn\u00ed m\u0161e v\u00a0sobotu v\u00a07 h, v\u00a0ned\u011bli v 9:30 h Ran\u00e1. Po p\u00e1te\u010dn\u00ed m\u0161i ADORACE do 21 h s\u00a0chv\u00e1lami v\u00a019:30 h.<\/li>\n<li><strong>Po m\u0161i <\/strong>p\u0159ijde za d\u011btmi<strong> Mikul\u00e1\u0161.<\/strong><\/li>\n<li><strong>Dnes sb\u00edrka na bohoslovce.<\/strong><\/li>\n<li><strong>V\u00e1no\u010dn\u00ed pohlednice<\/strong> za dobrovoln\u00fd p\u0159\u00edsp\u011bvek si m\u016f\u017eete vz\u00edt na stole\u010dku. <strong>Adventn\u00ed zamy\u0161len\u00ed<\/strong> si m\u016f\u017eete obstarat na stejn\u00e9m m\u00edst\u011b.<\/li>\n<li><strong>V\u00fddej pou\u017eit\u00e9ho textilu dnes po m\u0161i svat\u00e9 <\/strong>nebo v\u00a0pond\u011bl\u00ed od 16 do 18 h na fa\u0159e.<\/li>\n<li><strong>Oprava varhan:<\/strong> varhany byly dokon\u010deny k\u00a030.11.2018. K\u016fr je ji\u017e p\u0159\u00edstupn\u00fd.<\/li>\n<li><strong>Duchovn\u00ed obnovy: <\/strong>Adventn\u00ed ve Skut\u010di 15.12., <strong>p\u0159ihla\u0161ujte si ji\u017e nyn\u00ed v\u00a0kostele<\/strong> s\u00a0uveden\u00edm po\u010dtu sob a ob\u011bd\u016f. Obnova pro \u017eeny v\u00a0Rokoli 8. \u2013 10.2.2019. Obnova pro mu\u017ee je\u0161t\u011b nen\u00ed stanovena.<\/li>\n<li><strong>Pam\u011btn\u00edci na P.Josefa Toufara<\/strong> mohou napsat sv\u00e9 vzpom\u00ednky a zaslat na biskupstv\u00ed kv\u016fli chystan\u00e9mu kanoniza\u010dn\u00edmu procesu tohoto kn\u011bze mu\u010dedn\u00edka.<\/li>\n<li><strong>Dostali jsme nab\u00eddku koup\u011b lesn\u00edho pozemku o v\u00fdm\u011b\u0159e 0,6 ha<\/strong>. Pozemek soused\u00ed s\u00a0na\u0161\u00edm lesem. Lesn\u00edci i ekonomick\u00e1 rada se vyj\u00e1d\u0159ili souhlasn\u011b, tak\u017ee les koup\u00edme.<\/li>\n<li><strong>O \u010dem p\u00ed\u0161e Katolick\u00fd t\u00fdden\u00edk: <\/strong>nov\u00fd nuncius Mons. Charles D. Balvo; T\u00e9ma: Adventn\u00ed zpov\u011b\u010f; Perspektivy: Vladim\u00edr Neuwirth; rozhor s\u00a0Manfr\u00e9dem Gobelem; tipy na v\u00e1noce.<\/li>\n<\/ul>\n","protected":false},"excerpt":{"rendered":"<p>M\u0161e svat\u00e9: v\u00a0p\u00e1tek v\u00a018 h, Ror\u00e1tn\u00ed m\u0161e v\u00a0sobotu v\u00a07 h, v\u00a0ned\u011bli v 9:30 h Ran\u00e1. Po p\u00e1te\u010dn\u00ed m\u0161i ADORACE do 21 h s\u00a0chv\u00e1lami v\u00a019:30 h. Po m\u0161i p\u0159ijde za d\u011btmi Mikul\u00e1\u0161. Dnes sb\u00edrka na bohoslovce. V\u00e1no\u010dn\u00ed pohlednice za dobrovoln\u00fd p\u0159\u00edsp\u011bvek <a class=\"more-link\" href=\"https:\/\/www.farnostrana.cz\/?p=597\">Cel\u00fd \u010dl\u00e1nek  <span class=\"screen-reader-text\">  Ohl\u00e1\u0161ky na 1. ned\u011bli adventn\u00ed 2. 12. 2018<\/span><span class=\"meta-nav\">&rarr;<\/span><\/a><\/p>\n","protected":false},"author":1,"featured_media":0,"comment_status":"closed","ping_status":"open","sticky":false,"template":"","format":"standard","meta":{"_monsterinsights_skip_tracking":false,"_monsterinsights_sitenote_active":false,"_monsterinsights_sitenote_note":"","_monsterinsights_sitenote_category":0,"footnotes":""},"categories":[3],"tags":[],"class_list":["post-597","post","type-post","status-publish","format-standard","hentry","category-ohlasky"],"_links":{"self":[{"href":"https:\/\/www.farnostrana.cz\/index.php?rest_route=\/wp\/v2\/posts\/597","targetHints":{"allow":["GET"]}}],"collection":[{"href":"https:\/\/www.farnostrana.cz\/index.php?rest_route=\/wp\/v2\/posts"}],"about":[{"href":"https:\/\/www.farnostrana.cz\/index.php?rest_route=\/wp\/v2\/types\/post"}],"author":[{"embeddable":true,"href":"https:\/\/www.farnostrana.cz\/index.php?rest_route=\/wp\/v2\/users\/1"}],"replies":[{"embeddable":true,"href":"https:\/\/www.farnostrana.cz\/index.php?rest_route=%2Fwp%2Fv2%2Fcomments&post=597"}],"version-history":[{"count":1,"href":"https:\/\/www.farnostrana.cz\/index.php?rest_route=\/wp\/v2\/posts\/597\/revisions"}],"predecessor-version":[{"id":598,"href":"https:\/\/www.farnostrana.cz\/index.php?rest_route=\/wp\/v2\/posts\/597\/revisions\/598"}],"wp:attachment":[{"href":"https:\/\/www.farnostrana.cz\/index.php?rest_route=%2Fwp%2Fv2%2Fmedia&parent=597"}],"wp:term":[{"taxonomy":"category","embeddable":true,"href":"https:\/\/www.farnostrana.cz\/index.php?rest_route=%2Fwp%2Fv2%2Fcategories&post=597"},{"taxonomy":"post_tag","embeddable":true,"href":"https:\/\/www.farnostrana.cz\/index.php?rest_route=%2Fwp%2Fv2%2Ftags&post=597"}],"curies":[{"name":"wp","href":"https:\/\/api.w.org\/{rel}","templated":true}]}}