{"id":591,"date":"2018-12-01T22:02:11","date_gmt":"2018-12-01T20:02:11","guid":{"rendered":"https:\/\/www.farnostrana.cz\/?p=591"},"modified":"2018-12-08T22:15:38","modified_gmt":"2018-12-08T20:15:38","slug":"ohlasky-na-slavnost-jezise-krista-krale","status":"publish","type":"post","link":"https:\/\/www.farnostrana.cz\/?p=591","title":{"rendered":"Ohl\u00e1\u0161ky na slavnost Je\u017e\u00ed\u0161e Krista Kr\u00e1le"},"content":{"rendered":"<ul style=\"margin-top: 0pt; margin-bottom: 0pt;\">\n<li dir=\"ltr\" style=\"list-style-type: disc; font-size: 12pt; font-family: 'NotoSansSymbols'; color: #000000; background-color: transparent; font-weight: 400; font-style: normal; font-variant: normal; text-decoration: none; vertical-align: baseline; white-space: pre; margin-left: 3.552713678800501e-15pt;\">\n<p dir=\"ltr\" style=\"line-height: 1.3800000000000001; margin-top: 12pt; margin-bottom: 12pt;\"><span style=\"font-size: 12pt; font-family: 'TimesNewRoman'; color: #000000; background-color: transparent; font-weight: bold; font-style: normal; font-variant: normal; text-decoration: none; vertical-align: baseline; white-space: pre-wrap;\">M\u0161e svat\u00e9:<\/span><span style=\"font-size: 12pt; font-family: 'TimesNewRoman'; color: #000000; background-color: transparent; font-weight: 400; font-style: normal; font-variant: normal; text-decoration: none; vertical-align: baseline; white-space: pre-wrap;\"> v p\u00e1tek v 18 h, v ned\u011bli v 8 h Holet\u00edn a v 9:30 h Ran\u00e1. <\/span><\/p>\n<\/li>\n<li dir=\"ltr\" style=\"list-style-type: disc; font-size: 12pt; font-family: 'NotoSansSymbols'; color: #000000; background-color: transparent; font-weight: bold; font-style: normal; font-variant: normal; text-decoration: none; vertical-align: baseline; white-space: pre; margin-left: 3.3000000000000043pt;\">\n<p dir=\"ltr\" style=\"line-height: 1.3800000000000001; margin-top: 0pt; margin-bottom: 12pt;\"><span style=\"font-size: 12pt; font-family: 'TimesNewRoman'; color: #000000; background-color: transparent; font-weight: bold; font-style: normal; font-variant: normal; text-decoration: none; vertical-align: baseline; white-space: pre-wrap;\">Sb\u00edrka na opravy <\/span><span style=\"font-size: 12pt; font-family: 'TimesNewRoman'; color: #000000; background-color: transparent; font-weight: 400; font-style: normal; font-variant: normal; text-decoration: none; vertical-align: baseline; white-space: pre-wrap;\">minulou ned\u011bli vynesla 6 012 K\u010d<\/span><span style=\"font-size: 12pt; font-family: 'TimesNewRoman'; color: #000000; background-color: transparent; font-weight: bold; font-style: normal; font-variant: normal; text-decoration: none; vertical-align: baseline; white-space: pre-wrap;\">.<\/span><\/p>\n<\/li>\n<li dir=\"ltr\" style=\"list-style-type: disc; font-size: 12pt; font-family: 'NotoSansSymbols'; color: #000000; background-color: transparent; font-weight: bold; font-style: normal; font-variant: normal; text-decoration: none; vertical-align: baseline; white-space: pre; margin-left: 3.3000000000000043pt;\">\n<p dir=\"ltr\" style=\"line-height: 1.3800000000000001; margin-top: 0pt; margin-bottom: 12pt;\"><span style=\"font-size: 12pt; font-family: 'TimesNewRoman'; color: #000000; background-color: transparent; font-weight: bold; font-style: normal; font-variant: normal; text-decoration: none; vertical-align: baseline; white-space: pre-wrap;\">V\u00e1no\u010dn\u00ed pohlednice<\/span><span style=\"font-size: 12pt; font-family: 'TimesNewRoman'; color: #000000; background-color: transparent; font-weight: 400; font-style: normal; font-variant: normal; text-decoration: none; vertical-align: baseline; white-space: pre-wrap;\"> za dobrovoln\u00fd p\u0159\u00edsp\u011bvek si m\u016f\u017eete vz\u00edt na stole\u010dku. <\/span><span style=\"font-size: 12pt; font-family: 'TimesNewRoman'; color: #000000; background-color: transparent; font-weight: bold; font-style: normal; font-variant: normal; text-decoration: none; vertical-align: baseline; white-space: pre-wrap;\">Adventn\u00ed zamy\u0161len\u00ed<\/span><span style=\"font-size: 12pt; font-family: 'TimesNewRoman'; color: #000000; background-color: transparent; font-weight: 400; font-style: normal; font-variant: normal; text-decoration: none; vertical-align: baseline; white-space: pre-wrap;\"> si m\u016f\u017eete obstarat na stejn\u00e9m m\u00edst\u011b.<\/span><\/p>\n<\/li>\n<li dir=\"ltr\" style=\"list-style-type: disc; font-size: 12pt; font-family: 'NotoSansSymbols'; color: #000000; background-color: transparent; font-weight: bold; font-style: normal; font-variant: normal; text-decoration: none; vertical-align: baseline; white-space: pre; margin-left: 3.3000000000000043pt;\">\n<p dir=\"ltr\" style=\"line-height: 1.3800000000000001; margin-top: 0pt; margin-bottom: 12pt;\"><span style=\"font-size: 12pt; font-family: 'TimesNewRoman'; color: #000000; background-color: transparent; font-weight: bold; font-style: normal; font-variant: normal; text-decoration: none; vertical-align: baseline; white-space: pre-wrap;\">Oprava varhan:<\/span><span style=\"font-size: 12pt; font-family: 'TimesNewRoman'; color: #000000; background-color: transparent; font-weight: 400; font-style: normal; font-variant: normal; text-decoration: none; vertical-align: baseline; white-space: pre-wrap;\"> varhany jsou ve zku\u0161ebn\u00edm provozu, prob\u00edh\u00e1 dokon\u010dov\u00e1n\u00ed, p\u0159ed\u00e1vka v p\u00e1tek ve\u010der. <\/span><span style=\"font-size: 12pt; font-family: 'TimesNewRoman'; color: #000000; background-color: transparent; font-weight: bold; font-style: normal; font-variant: normal; text-decoration: none; vertical-align: baseline; white-space: pre-wrap;\">Po dobu oprav je k\u016fr pro ve\u0159ejnost uzav\u0159en\u00fd! <\/span><\/p>\n<\/li>\n<li dir=\"ltr\" style=\"list-style-type: disc; font-size: 12pt; font-family: 'NotoSansSymbols'; color: #000000; background-color: transparent; font-weight: bold; font-style: normal; font-variant: normal; text-decoration: none; vertical-align: baseline; white-space: pre; margin-left: 3.3000000000000043pt;\">\n<p dir=\"ltr\" style=\"line-height: 1.3800000000000001; margin-top: 0pt; margin-bottom: 12pt;\"><span style=\"font-size: 12pt; font-family: 'TimesNewRoman'; color: #000000; background-color: transparent; font-weight: bold; font-style: normal; font-variant: normal; text-decoration: none; vertical-align: baseline; white-space: pre-wrap;\">Duchovn\u00ed obnovy: <\/span><span style=\"font-size: 12pt; font-family: 'TimesNewRoman'; color: #000000; background-color: transparent; font-weight: 400; font-style: normal; font-variant: normal; text-decoration: none; vertical-align: baseline; white-space: pre-wrap;\">Adventn\u00ed ve Skut\u010di 15.12., <\/span><span style=\"font-size: 12pt; font-family: 'TimesNewRoman'; color: #000000; background-color: transparent; font-weight: bold; font-style: normal; font-variant: normal; text-decoration: none; vertical-align: baseline; white-space: pre-wrap;\">p\u0159ihla\u0161ujte si ji\u017e nyn\u00ed v kostele<\/span><span style=\"font-size: 12pt; font-family: 'TimesNewRoman'; color: #000000; background-color: transparent; font-weight: 400; font-style: normal; font-variant: normal; text-decoration: none; vertical-align: baseline; white-space: pre-wrap;\"> s uveden\u00edm po\u010dtu sob a ob\u011bd\u016f. Obnova pro \u017eeny v Rokoli 8. \u2013 10.2.2019. Obnova pro mu\u017ee je\u0161t\u011b nen\u00ed stanovena.<\/span><\/p>\n<\/li>\n<li dir=\"ltr\" style=\"list-style-type: disc; font-size: 12pt; font-family: 'NotoSansSymbols'; color: #000000; background-color: transparent; font-weight: bold; font-style: normal; font-variant: normal; text-decoration: none; vertical-align: baseline; white-space: pre; margin-left: 3.3000000000000043pt;\">\n<p dir=\"ltr\" style=\"line-height: 1.3800000000000001; margin-top: 0pt; margin-bottom: 12pt;\"><span style=\"font-size: 12pt; font-family: 'TimesNewRoman'; color: #000000; background-color: transparent; font-weight: bold; font-style: normal; font-variant: normal; text-decoration: none; vertical-align: baseline; white-space: pre-wrap;\">Pam\u011btn\u00edci na P.Josefa Toufara<\/span><span style=\"font-size: 12pt; font-family: 'TimesNewRoman'; color: #000000; background-color: transparent; font-weight: 400; font-style: normal; font-variant: normal; text-decoration: none; vertical-align: baseline; white-space: pre-wrap;\"> mohou napsat sv\u00e9 vzpom\u00ednky a zaslat na biskupstv\u00ed kv\u016fli chystan\u00e9mu kanoniza\u010dn\u00edmu procesu tohoto kn\u011bze mu\u010dedn\u00edka.<\/span><\/p>\n<\/li>\n<li dir=\"ltr\" style=\"list-style-type: disc; font-size: 12pt; font-family: 'NotoSansSymbols'; color: #000000; background-color: transparent; font-weight: 400; font-style: normal; font-variant: normal; text-decoration: none; vertical-align: baseline; white-space: pre; margin-left: 3.3000000000000043pt;\">\n<p dir=\"ltr\" style=\"line-height: 1.3800000000000001; margin-top: 0pt; margin-bottom: 12pt;\"><span style=\"font-size: 12pt; font-family: 'TimesNewRoman'; color: #000000; background-color: transparent; font-weight: bold; font-style: normal; font-variant: normal; text-decoration: none; vertical-align: baseline; white-space: pre-wrap;\">O \u010dem p\u00ed\u0161e Katolick\u00fd t\u00fdden\u00edk: <\/span><span style=\"font-size: 12pt; font-family: 'TimesNewRoman'; color: #000000; background-color: transparent; font-weight: 400; font-style: normal; font-variant: normal; text-decoration: none; vertical-align: baseline; white-space: pre-wrap;\">Varhany \u0161perkem katedr\u00e1ly; T\u00e9ma: Hled\u00e1n\u00ed Bo\u017e\u00ed v\u016fle; Perspektivy: Jak rozum\u011bt Kristu Kr\u00e1li; rozhovor s Janou Jeklovou.<\/span><\/p>\n<\/li>\n<\/ul>\n","protected":false},"excerpt":{"rendered":"<p>M\u0161e svat\u00e9: v p\u00e1tek v 18 h, v ned\u011bli v 8 h Holet\u00edn a v 9:30 h Ran\u00e1. Sb\u00edrka na opravy minulou ned\u011bli vynesla 6 012 K\u010d. V\u00e1no\u010dn\u00ed pohlednice za dobrovoln\u00fd p\u0159\u00edsp\u011bvek si m\u016f\u017eete vz\u00edt na stole\u010dku. Adventn\u00ed zamy\u0161len\u00ed si <a class=\"more-link\" href=\"https:\/\/www.farnostrana.cz\/?p=591\">Cel\u00fd \u010dl\u00e1nek  <span class=\"screen-reader-text\">  Ohl\u00e1\u0161ky na slavnost Je\u017e\u00ed\u0161e Krista Kr\u00e1le<\/span><span class=\"meta-nav\">&rarr;<\/span><\/a><\/p>\n","protected":false},"author":1,"featured_media":0,"comment_status":"closed","ping_status":"open","sticky":false,"template":"","format":"standard","meta":{"_monsterinsights_skip_tracking":false,"_monsterinsights_sitenote_active":false,"_monsterinsights_sitenote_note":"","_monsterinsights_sitenote_category":0,"footnotes":""},"categories":[3],"tags":[],"class_list":["post-591","post","type-post","status-publish","format-standard","hentry","category-ohlasky"],"_links":{"self":[{"href":"https:\/\/www.farnostrana.cz\/index.php?rest_route=\/wp\/v2\/posts\/591","targetHints":{"allow":["GET"]}}],"collection":[{"href":"https:\/\/www.farnostrana.cz\/index.php?rest_route=\/wp\/v2\/posts"}],"about":[{"href":"https:\/\/www.farnostrana.cz\/index.php?rest_route=\/wp\/v2\/types\/post"}],"author":[{"embeddable":true,"href":"https:\/\/www.farnostrana.cz\/index.php?rest_route=\/wp\/v2\/users\/1"}],"replies":[{"embeddable":true,"href":"https:\/\/www.farnostrana.cz\/index.php?rest_route=%2Fwp%2Fv2%2Fcomments&post=591"}],"version-history":[{"count":2,"href":"https:\/\/www.farnostrana.cz\/index.php?rest_route=\/wp\/v2\/posts\/591\/revisions"}],"predecessor-version":[{"id":596,"href":"https:\/\/www.farnostrana.cz\/index.php?rest_route=\/wp\/v2\/posts\/591\/revisions\/596"}],"wp:attachment":[{"href":"https:\/\/www.farnostrana.cz\/index.php?rest_route=%2Fwp%2Fv2%2Fmedia&parent=591"}],"wp:term":[{"taxonomy":"category","embeddable":true,"href":"https:\/\/www.farnostrana.cz\/index.php?rest_route=%2Fwp%2Fv2%2Fcategories&post=591"},{"taxonomy":"post_tag","embeddable":true,"href":"https:\/\/www.farnostrana.cz\/index.php?rest_route=%2Fwp%2Fv2%2Ftags&post=591"}],"curies":[{"name":"wp","href":"https:\/\/api.w.org\/{rel}","templated":true}]}}