{"id":516,"date":"2018-07-15T08:23:25","date_gmt":"2018-07-15T06:23:25","guid":{"rendered":"http:\/\/www.farnostrana.cz\/?p=516"},"modified":"2018-07-15T08:23:25","modified_gmt":"2018-07-15T06:23:25","slug":"ohlasky-o-15-nedeli-v-mezidobi-15-7-2018","status":"publish","type":"post","link":"https:\/\/www.farnostrana.cz\/?p=516","title":{"rendered":"Ohl\u00e1\u0161ky o 15. ned\u011bli v mezidob\u00ed 15. 7. 2018"},"content":{"rendered":"<ul>\n<li><strong>M\u0161e svat\u00e9:<\/strong> v\u00a0p\u00e1tek v\u00a018 h, v\u00a0ned\u011bli \u00a09:30 h.<\/li>\n<li><strong>TICH\u00c1 SB\u00cdRKA <\/strong>bude p\u0159\u00ed\u0161t\u00ed ned\u011bli 22.7.<\/li>\n<li><strong>Letn\u00ed farn\u00ed t\u00e1bor pro d\u011bti bude letos 22. \u2013 28. 7. v\u00a0Havl\u00ed\u010dkov\u011b Borov\u00e9<\/strong>.<\/li>\n<li><strong>Oprava varhan<\/strong> za\u010dne ji\u017e 30. 7. Budeme pot\u0159ebovat skupinu brig\u00e1dn\u00edk\u016f na no\u0161en\u00ed, \u010di\u0161t\u011bn\u00ed a nat\u00edr\u00e1n\u00ed p\u00ed\u0161\u0165al. Byla schv\u00e1lena na\u0161e \u017e\u00e1dost o dotaci na opravu varhan Krajsk\u00fdm \u00fa\u0159adem Pardubice ve v\u00fd\u0161i 50 tis. K\u010d.<\/li>\n<li><strong>Stoln\u00ed diec\u00e9zn\u00ed kalend\u00e1\u0159e<\/strong> v\u00a0kostele za 70 K\u010d.<\/li>\n<li>Po m\u0161i sv. m\u016f\u017eete podepsat petice proti Istanbulsk\u00e9 smlouv\u011b a proti uz\u00e1kon\u011bn\u00ed vztahu dvou osob stejn\u00e9ho pohlav\u00ed jako man\u017eelstv\u00ed.<\/li>\n<\/ul>\n","protected":false},"excerpt":{"rendered":"<p>M\u0161e svat\u00e9: v\u00a0p\u00e1tek v\u00a018 h, v\u00a0ned\u011bli \u00a09:30 h. TICH\u00c1 SB\u00cdRKA bude p\u0159\u00ed\u0161t\u00ed ned\u011bli 22.7. Letn\u00ed farn\u00ed t\u00e1bor pro d\u011bti bude letos 22. \u2013 28. 7. v\u00a0Havl\u00ed\u010dkov\u011b Borov\u00e9. Oprava varhan za\u010dne ji\u017e 30. 7. Budeme pot\u0159ebovat skupinu brig\u00e1dn\u00edk\u016f na no\u0161en\u00ed, \u010di\u0161t\u011bn\u00ed <a class=\"more-link\" href=\"https:\/\/www.farnostrana.cz\/?p=516\">Cel\u00fd \u010dl\u00e1nek  <span class=\"screen-reader-text\">  Ohl\u00e1\u0161ky o 15. ned\u011bli v mezidob\u00ed 15. 7. 2018<\/span><span class=\"meta-nav\">&rarr;<\/span><\/a><\/p>\n","protected":false},"author":1,"featured_media":0,"comment_status":"closed","ping_status":"open","sticky":false,"template":"","format":"standard","meta":{"_monsterinsights_skip_tracking":false,"_monsterinsights_sitenote_active":false,"_monsterinsights_sitenote_note":"","_monsterinsights_sitenote_category":0,"footnotes":""},"categories":[3],"tags":[],"class_list":["post-516","post","type-post","status-publish","format-standard","hentry","category-ohlasky"],"_links":{"self":[{"href":"https:\/\/www.farnostrana.cz\/index.php?rest_route=\/wp\/v2\/posts\/516","targetHints":{"allow":["GET"]}}],"collection":[{"href":"https:\/\/www.farnostrana.cz\/index.php?rest_route=\/wp\/v2\/posts"}],"about":[{"href":"https:\/\/www.farnostrana.cz\/index.php?rest_route=\/wp\/v2\/types\/post"}],"author":[{"embeddable":true,"href":"https:\/\/www.farnostrana.cz\/index.php?rest_route=\/wp\/v2\/users\/1"}],"replies":[{"embeddable":true,"href":"https:\/\/www.farnostrana.cz\/index.php?rest_route=%2Fwp%2Fv2%2Fcomments&post=516"}],"version-history":[{"count":1,"href":"https:\/\/www.farnostrana.cz\/index.php?rest_route=\/wp\/v2\/posts\/516\/revisions"}],"predecessor-version":[{"id":517,"href":"https:\/\/www.farnostrana.cz\/index.php?rest_route=\/wp\/v2\/posts\/516\/revisions\/517"}],"wp:attachment":[{"href":"https:\/\/www.farnostrana.cz\/index.php?rest_route=%2Fwp%2Fv2%2Fmedia&parent=516"}],"wp:term":[{"taxonomy":"category","embeddable":true,"href":"https:\/\/www.farnostrana.cz\/index.php?rest_route=%2Fwp%2Fv2%2Fcategories&post=516"},{"taxonomy":"post_tag","embeddable":true,"href":"https:\/\/www.farnostrana.cz\/index.php?rest_route=%2Fwp%2Fv2%2Ftags&post=516"}],"curies":[{"name":"wp","href":"https:\/\/api.w.org\/{rel}","templated":true}]}}