{"id":511,"date":"2018-07-07T21:03:26","date_gmt":"2018-07-07T19:03:26","guid":{"rendered":"http:\/\/www.farnostrana.cz\/?p=511"},"modified":"2018-07-07T21:03:26","modified_gmt":"2018-07-07T19:03:26","slug":"ohlasky-o-14-nedeli-v-mezidobi-8-7-2018","status":"publish","type":"post","link":"https:\/\/www.farnostrana.cz\/?p=511","title":{"rendered":"Ohl\u00e1\u0161ky o 14. ned\u011bli v mezidob\u00ed 8. 7. 2018"},"content":{"rendered":"<ul style=\"margin-top:0pt; margin-bottom:0pt;\">\n<li dir=\"ltr\" style=\"list-style-type:disc; font-size:12pt; font-family:'NotoSansSymbols'; color:#000000; background-color:transparent; font-weight:400; font-style:normal; font-variant:normal; text-decoration:none; vertical-align:baseline; white-space:pre; margin-left:3.552713678800501e-15pt;\">\n<p dir=\"ltr\" style=\"line-height:1.3800000000000001; margin-top:0pt; margin-bottom:12pt;\"><span style=\"font-size:12pt; font-family:'TimesNewRoman'; color:#000000; background-color:transparent; font-weight:700; font-style:normal; font-variant:normal; text-decoration:none; vertical-align:baseline; white-space:pre; white-space:pre-wrap;\">M\u0161e svat\u00e9:<\/span><span style=\"font-size:12pt; font-family:'TimesNewRoman'; color:#000000; background-color:transparent; font-weight:400; font-style:normal; font-variant:normal; text-decoration:none; vertical-align:baseline; white-space:pre; white-space:pre-wrap;\"> v p\u00e1tek v 18 h, v ned\u011bli  9:30 h. V ned\u011bli 15.7. bude bohoslu\u017eba slova \u2013 intenci odslou\u017e\u00edm ten den jinde.<\/span><\/p>\n<\/li>\n<li dir=\"ltr\" style=\"list-style-type:disc; font-size:12pt; font-family:'NotoSansSymbols'; color:#000000; background-color:transparent; font-weight:400; font-style:normal; font-variant:normal; text-decoration:none; vertical-align:baseline; white-space:pre; margin-left:3.3000000000000043pt;\">\n<p dir=\"ltr\" style=\"line-height:1.3800000000000001; margin-top:0pt; margin-bottom:12pt;\"><span style=\"font-size:12pt; font-family:'TimesNewRoman'; color:#000000; background-color:transparent; font-weight:700; font-style:normal; font-variant:normal; text-decoration:none; vertical-align:baseline; white-space:pre; white-space:pre-wrap;\">TICH\u00c1 SB\u00cdRKA <\/span><span style=\"font-size:12pt; font-family:'TimesNewRoman'; color:#000000; background-color:transparent; font-weight:400; font-style:normal; font-variant:normal; text-decoration:none; vertical-align:baseline; white-space:pre; white-space:pre-wrap;\">bude v ned\u011bli 22.7.<\/span><\/p>\n<\/li>\n<li dir=\"ltr\" style=\"list-style-type:disc; font-size:12pt; font-family:'NotoSansSymbols'; color:#000000; background-color:transparent; font-weight:400; font-style:normal; font-variant:normal; text-decoration:none; vertical-align:baseline; white-space:pre; margin-left:3.3000000000000043pt;\">\n<p dir=\"ltr\" style=\"line-height:1.3800000000000001; margin-top:0pt; margin-bottom:12pt;\"><span style=\"font-size:12pt; font-family:'TimesNewRoman'; color:#000000; background-color:transparent; font-weight:700; font-style:normal; font-variant:normal; text-decoration:none; vertical-align:baseline; white-space:pre; white-space:pre-wrap;\">Letn\u00ed farn\u00ed t\u00e1bor pro d\u011bti bude letos 22. \u2013 28.7. v Havl\u00ed\u010dkov\u011b Borov\u00e9<\/span><span style=\"font-size:12pt; font-family:'TimesNewRoman'; color:#000000; background-color:transparent; font-weight:400; font-style:normal; font-variant:normal; text-decoration:none; vertical-align:baseline; white-space:pre; white-space:pre-wrap;\">. <\/span><\/p>\n<\/li>\n<li dir=\"ltr\" style=\"list-style-type:disc; font-size:12pt; font-family:'NotoSansSymbols'; color:#000000; background-color:transparent; font-weight:400; font-style:normal; font-variant:normal; text-decoration:none; vertical-align:baseline; white-space:pre; margin-left:3.3000000000000043pt;\">\n<p dir=\"ltr\" style=\"line-height:1.3800000000000001; margin-top:0pt; margin-bottom:12pt;\"><span style=\"font-size:12pt; font-family:'TimesNewRoman'; color:#000000; background-color:transparent; font-weight:700; font-style:normal; font-variant:normal; text-decoration:none; vertical-align:baseline; white-space:pre; white-space:pre-wrap;\">Oprava varhan<\/span><span style=\"font-size:12pt; font-family:'TimesNewRoman'; color:#000000; background-color:transparent; font-weight:400; font-style:normal; font-variant:normal; text-decoration:none; vertical-align:baseline; white-space:pre; white-space:pre-wrap;\"> za\u010dne ji\u017e 30.7.. Budeme pot\u0159ebovat skupinu brig\u00e1dn\u00edk\u016f na no\u0161en\u00ed, \u010di\u0161t\u011bn\u00ed a nat\u00edr\u00e1n\u00ed p\u00ed\u0161\u0165al. Byla schv\u00e1lena na\u0161e \u017e\u00e1dost o dotaci na opravu varhan Krajsk\u00fdm \u00fa\u0159adem Pardubice ve v\u00fd\u0161i 50 tis. K\u010d.<\/span><\/p>\n<\/li>\n<li dir=\"ltr\" style=\"list-style-type:disc; font-size:12pt; font-family:'NotoSansSymbols'; color:#000000; background-color:transparent; font-weight:400; font-style:normal; font-variant:normal; text-decoration:none; vertical-align:baseline; white-space:pre; margin-left:3.3000000000000043pt;\">\n<p dir=\"ltr\" style=\"line-height:1.3800000000000001; margin-top:0pt; margin-bottom:12pt;\"><span style=\"font-size:12pt; font-family:'TimesNewRoman'; color:#000000; background-color:transparent; font-weight:700; font-style:normal; font-variant:normal; text-decoration:none; vertical-align:baseline; white-space:pre; white-space:pre-wrap;\">Stoln\u00ed diec\u00e9zn\u00ed kalend\u00e1\u0159e<\/span><span style=\"font-size:12pt; font-family:'TimesNewRoman'; color:#000000; background-color:transparent; font-weight:400; font-style:normal; font-variant:normal; text-decoration:none; vertical-align:baseline; white-space:pre; white-space:pre-wrap;\"> v kostele za 70 K\u010d.<\/span><\/p>\n<\/li>\n<li dir=\"ltr\" style=\"list-style-type:disc; font-size:12pt; font-family:'NotoSansSymbols'; color:#000000; background-color:transparent; font-weight:400; font-style:normal; font-variant:normal; text-decoration:none; vertical-align:baseline; white-space:pre; margin-left:3.3000000000000043pt;\">\n<p dir=\"ltr\" style=\"line-height:1.3800000000000001; margin-top:0pt; margin-bottom:12pt;\"><span style=\"font-size:12pt; font-family:'TimesNewRoman'; color:#000000; background-color:transparent; font-weight:400; font-style:normal; font-variant:normal; text-decoration:none; vertical-align:baseline; white-space:pre; white-space:pre-wrap;\">Po m\u0161i sv. m\u016f\u017eete podepsat petice proti Istanbulsk\u00e9 smlouv\u011b a proti uz\u00e1kon\u011bn\u00ed vztahu dvou osob stejn\u00e9ho pohlav\u00ed jako man\u017eelstv\u00ed.<\/span><\/p>\n<\/li>\n<\/ul>\n<p dir=\"ltr\" style=\"line-height:1.3800000000000001; margin-top:0pt; margin-bottom:12pt; text-indent:-35.45pt; padding:0pt0pt0pt35.45pt;\"><span style=\"font-size:12pt; font-family:'TimesNewRoman'; color:#000000; background-color:transparent; font-weight:400; font-style:italic; font-variant:normal; text-decoration:none; vertical-align:baseline; white-space:pre; white-space:pre-wrap;\">P\u0159eji v\u0161em p\u0159\u00edjemnou dovolenou a d\u011btem kr\u00e1sn\u00e9 pr\u00e1zdniny!<\/span><\/p>\n<p dir=\"ltr\" style=\"line-height:1.3800000000000001; margin-top:0pt; margin-bottom:12pt; margin-left:247.85pt; text-indent:35.349999999999994pt;\"><span style=\"font-size:12pt; font-family:'TimesNewRoman'; color:#000000; background-color:transparent; font-weight:400; font-style:italic; font-variant:normal; text-decoration:none; vertical-align:baseline; white-space:pre; white-space:pre-wrap;\">V\u00e1\u0161 P.Ond\u0159ej Matula<\/span><\/p>\n","protected":false},"excerpt":{"rendered":"<p>M\u0161e svat\u00e9: v p\u00e1tek v 18 h, v ned\u011bli 9:30 h. V ned\u011bli 15.7. bude bohoslu\u017eba slova \u2013 intenci odslou\u017e\u00edm ten den jinde. TICH\u00c1 SB\u00cdRKA bude v ned\u011bli 22.7. Letn\u00ed farn\u00ed t\u00e1bor pro d\u011bti bude letos 22. \u2013 28.7. v <a class=\"more-link\" href=\"https:\/\/www.farnostrana.cz\/?p=511\">Cel\u00fd \u010dl\u00e1nek  <span class=\"screen-reader-text\">  Ohl\u00e1\u0161ky o 14. ned\u011bli v mezidob\u00ed 8. 7. 2018<\/span><span class=\"meta-nav\">&rarr;<\/span><\/a><\/p>\n","protected":false},"author":1,"featured_media":0,"comment_status":"closed","ping_status":"open","sticky":false,"template":"","format":"standard","meta":{"_monsterinsights_skip_tracking":false,"_monsterinsights_sitenote_active":false,"_monsterinsights_sitenote_note":"","_monsterinsights_sitenote_category":0,"footnotes":""},"categories":[3],"tags":[],"class_list":["post-511","post","type-post","status-publish","format-standard","hentry","category-ohlasky"],"_links":{"self":[{"href":"https:\/\/www.farnostrana.cz\/index.php?rest_route=\/wp\/v2\/posts\/511","targetHints":{"allow":["GET"]}}],"collection":[{"href":"https:\/\/www.farnostrana.cz\/index.php?rest_route=\/wp\/v2\/posts"}],"about":[{"href":"https:\/\/www.farnostrana.cz\/index.php?rest_route=\/wp\/v2\/types\/post"}],"author":[{"embeddable":true,"href":"https:\/\/www.farnostrana.cz\/index.php?rest_route=\/wp\/v2\/users\/1"}],"replies":[{"embeddable":true,"href":"https:\/\/www.farnostrana.cz\/index.php?rest_route=%2Fwp%2Fv2%2Fcomments&post=511"}],"version-history":[{"count":1,"href":"https:\/\/www.farnostrana.cz\/index.php?rest_route=\/wp\/v2\/posts\/511\/revisions"}],"predecessor-version":[{"id":512,"href":"https:\/\/www.farnostrana.cz\/index.php?rest_route=\/wp\/v2\/posts\/511\/revisions\/512"}],"wp:attachment":[{"href":"https:\/\/www.farnostrana.cz\/index.php?rest_route=%2Fwp%2Fv2%2Fmedia&parent=511"}],"wp:term":[{"taxonomy":"category","embeddable":true,"href":"https:\/\/www.farnostrana.cz\/index.php?rest_route=%2Fwp%2Fv2%2Fcategories&post=511"},{"taxonomy":"post_tag","embeddable":true,"href":"https:\/\/www.farnostrana.cz\/index.php?rest_route=%2Fwp%2Fv2%2Ftags&post=511"}],"curies":[{"name":"wp","href":"https:\/\/api.w.org\/{rel}","templated":true}]}}