{"id":509,"date":"2018-06-30T17:29:05","date_gmt":"2018-06-30T15:29:05","guid":{"rendered":"http:\/\/www.farnostrana.cz\/?p=509"},"modified":"2018-07-08T15:38:51","modified_gmt":"2018-07-08T13:38:51","slug":"ohlasky-o-14-nedeli-v-mezidobi-1-7-2018","status":"publish","type":"post","link":"https:\/\/www.farnostrana.cz\/?p=509","title":{"rendered":"Ohl\u00e1\u0161ky o 13. ned\u011bli v mezidob\u00ed 1. 7. 2018"},"content":{"rendered":"<ul style=\"margin-top: 0pt; margin-bottom: 0pt;\">\n<li dir=\"ltr\" style=\"list-style-type: disc; font-size: 12pt; font-family: 'NotoSansSymbols'; color: #000000; background-color: transparent; font-weight: 400; font-style: normal; font-variant: normal; text-decoration: none; vertical-align: baseline; white-space: pre; margin-left: 3.552713678800501e-15pt;\">\n<p dir=\"ltr\" style=\"line-height: 1.3800000000000001; margin-top: 0pt; margin-bottom: 12pt;\"><span style=\"font-size: 12pt; font-family: 'TimesNewRoman'; color: #000000; background-color: transparent; font-weight: 700; font-style: normal; font-variant: normal; text-decoration: none; vertical-align: baseline; white-space: pre; white-space: pre-wrap;\">M\u0161e svat\u00e9:<\/span><span style=\"font-size: 12pt; font-family: 'TimesNewRoman'; color: #000000; background-color: transparent; font-weight: 400; font-style: normal; font-variant: normal; text-decoration: none; vertical-align: baseline; white-space: pre; white-space: pre-wrap;\"> ve st\u0159edu z\u00e1du\u0161n\u00ed za Ludmilu Otavovou z Vojt\u011bchova ve 14:30,  ve \u010dtvrtek v 8 h ve Skut\u010di a v 9:30 h v Mr\u00e1kot\u00edn\u011b, v p\u00e1tek v 18 h s adorac\u00ed, v ned\u011bli  9:30 h. <\/span><\/p>\n<\/li>\n<li dir=\"ltr\" style=\"list-style-type: disc; font-size: 12pt; font-family: 'NotoSansSymbols'; color: #000000; background-color: transparent; font-weight: 400; font-style: normal; font-variant: normal; text-decoration: none; vertical-align: baseline; white-space: pre; margin-left: 3.3000000000000043pt;\">\n<p dir=\"ltr\" style=\"line-height: 1.3800000000000001; margin-top: 0pt; margin-bottom: 12pt;\"><span style=\"font-size: 12pt; font-family: 'TimesNewRoman'; color: #000000; background-color: transparent; font-weight: 700; font-style: normal; font-variant: normal; text-decoration: none; vertical-align: baseline; white-space: pre; white-space: pre-wrap;\">SB\u00cdRKA NA CHARITU<\/span><span style=\"font-size: 12pt; font-family: 'TimesNewRoman'; color: #000000; background-color: transparent; font-weight: 400; font-style: normal; font-variant: normal; text-decoration: none; vertical-align: baseline; white-space: pre; white-space: pre-wrap;\"> minulou ned\u011bli vynesla 2 551 K\u010d. P\u00e1n B\u016fh zapla\u0165!<\/span><\/p>\n<\/li>\n<li dir=\"ltr\" style=\"list-style-type: disc; font-size: 12pt; font-family: 'NotoSansSymbols'; color: #000000; background-color: transparent; font-weight: 400; font-style: normal; font-variant: normal; text-decoration: none; vertical-align: baseline; white-space: pre; margin-left: 3.3000000000000043pt;\">\n<p dir=\"ltr\" style=\"line-height: 1.3800000000000001; margin-top: 0pt; margin-bottom: 12pt;\"><span style=\"font-size: 12pt; font-family: 'TimesNewRoman'; color: #000000; background-color: transparent; font-weight: 700; font-style: normal; font-variant: normal; text-decoration: none; vertical-align: baseline; white-space: pre; white-space: pre-wrap;\">Prob\u00edh\u00e1 oprava a n\u00e1t\u011br<\/span><span style=\"font-size: 12pt; font-family: 'TimesNewRoman'; color: #000000; background-color: transparent; font-weight: 400; font-style: normal; font-variant: normal; text-decoration: none; vertical-align: baseline; white-space: pre; white-space: pre-wrap;\"> dve\u0159\u00ed na fa\u0159e a \u017ealuzi\u00ed na kosteln\u00ed v\u011b\u017ei. D\u011bkuji t\u011bm, kdo zdarma pom\u00e1haj\u00ed na\u0161\u00ed farnosti!<\/span><\/p>\n<\/li>\n<li dir=\"ltr\" style=\"list-style-type: disc; font-size: 12pt; font-family: 'NotoSansSymbols'; color: #000000; background-color: transparent; font-weight: 400; font-style: normal; font-variant: normal; text-decoration: none; vertical-align: baseline; white-space: pre; margin-left: 3.3000000000000043pt;\">\n<p dir=\"ltr\" style=\"line-height: 1.3800000000000001; margin-top: 0pt; margin-bottom: 12pt;\"><span style=\"font-size: 12pt; font-family: 'TimesNewRoman'; color: #000000; background-color: transparent; font-weight: 700; font-style: normal; font-variant: normal; text-decoration: none; vertical-align: baseline; white-space: pre; white-space: pre-wrap;\">Oprava varhan<\/span><span style=\"font-size: 12pt; font-family: 'TimesNewRoman'; color: #000000; background-color: transparent; font-weight: 400; font-style: normal; font-variant: normal; text-decoration: none; vertical-align: baseline; white-space: pre; white-space: pre-wrap;\"> za\u010dne ji\u017e 30.7.. Budeme pot\u0159ebovat skupinu brig\u00e1dn\u00edk\u016f na no\u0161en\u00ed, \u010di\u0161t\u011bn\u00ed a nat\u00edr\u00e1n\u00ed p\u00ed\u0161\u0165al. Byla schv\u00e1lena na\u0161e \u017e\u00e1dost o dotaci na opravu varhan Krajsk\u00fdm \u00fa\u0159adem Pardubice ve v\u00fd\u0161i 50 tis. K\u010d.<\/span><\/p>\n<\/li>\n<li dir=\"ltr\" style=\"list-style-type: disc; font-size: 12pt; font-family: 'NotoSansSymbols'; color: #000000; background-color: transparent; font-weight: 400; font-style: normal; font-variant: normal; text-decoration: none; vertical-align: baseline; white-space: pre; margin-left: 3.3000000000000043pt;\">\n<p dir=\"ltr\" style=\"line-height: 1.3800000000000001; margin-top: 0pt; margin-bottom: 12pt;\"><span style=\"font-size: 12pt; font-family: 'TimesNewRoman'; color: #000000; background-color: transparent; font-weight: 700; font-style: normal; font-variant: normal; text-decoration: none; vertical-align: baseline; white-space: pre; white-space: pre-wrap;\">Letn\u00ed farn\u00ed t\u00e1bor pro d\u011bti bude letos 22. \u2013 28.7. v Havl\u00ed\u010dkov\u011b Borov\u00e9<\/span><span style=\"font-size: 12pt; font-family: 'TimesNewRoman'; color: #000000; background-color: transparent; font-weight: 400; font-style: normal; font-variant: normal; text-decoration: none; vertical-align: baseline; white-space: pre; white-space: pre-wrap;\">. P\u0159ihl\u00e1\u0161ky odevzd\u00e1vejte v kostele nebo na fa\u0159e.<\/span><\/p>\n<\/li>\n<li dir=\"ltr\" style=\"list-style-type: disc; font-size: 12pt; font-family: 'NotoSansSymbols'; color: #000000; background-color: transparent; font-weight: 400; font-style: normal; font-variant: normal; text-decoration: none; vertical-align: baseline; white-space: pre; margin-left: 3.3000000000000043pt;\">\n<p dir=\"ltr\" style=\"line-height: 1.3800000000000001; margin-top: 0pt; margin-bottom: 12pt;\"><span style=\"font-size: 12pt; font-family: 'TimesNewRoman'; color: #000000; background-color: transparent; font-weight: 700; font-style: normal; font-variant: normal; text-decoration: none; vertical-align: baseline; white-space: pre; white-space: pre-wrap;\">Stoln\u00ed diec\u00e9zn\u00ed kalend\u00e1\u0159e<\/span><span style=\"font-size: 12pt; font-family: 'TimesNewRoman'; color: #000000; background-color: transparent; font-weight: 400; font-style: normal; font-variant: normal; text-decoration: none; vertical-align: baseline; white-space: pre; white-space: pre-wrap;\"> v kostele za 70 K\u010d.<\/span><\/p>\n<\/li>\n<li dir=\"ltr\" style=\"list-style-type: disc; font-size: 12pt; font-family: 'NotoSansSymbols'; color: #000000; background-color: transparent; font-weight: 400; font-style: normal; font-variant: normal; text-decoration: none; vertical-align: baseline; white-space: pre; margin-left: 3.3000000000000043pt;\">\n<p dir=\"ltr\" style=\"line-height: 1.3800000000000001; margin-top: 0pt; margin-bottom: 12pt;\"><span style=\"font-size: 12pt; font-family: 'TimesNewRoman'; color: #000000; background-color: transparent; font-weight: 700; font-style: normal; font-variant: normal; text-decoration: none; vertical-align: baseline; white-space: pre; white-space: pre-wrap;\">Po m\u0161i sv. m\u016f\u017eete podepsat petice proti Istanbulsk\u00e9 smlouv\u011b a proti uz\u00e1kon\u011bn\u00ed vztahu dvou osob stejn\u00e9ho pohlav\u00ed jako man\u017eelstv\u00ed.<\/span><\/p>\n<\/li>\n<\/ul>\n<p><span style=\"font-size: 12pt; font-family: 'TimesNewRoman'; color: #000000; background-color: transparent; font-weight: 700; font-style: normal; font-variant: normal; text-decoration: none; vertical-align: baseline; white-space: pre; white-space: pre-wrap;\">O \u010dem p\u00ed\u0161e Katolick\u00fd t\u00fdden\u00edk: <\/span><span style=\"font-size: 12pt; font-family: 'TimesNewRoman'; color: #000000; background-color: transparent; font-weight: 400; font-style: normal; font-variant: normal; text-decoration: none; vertical-align: baseline; white-space: pre; white-space: pre-wrap;\">Letn\u00ed dvoj\u010d\u00edslo: Jazyu l\u00e1sky rozum\u011bj\u00ed v\u0161ichni; Svatba v moravsk\u00e9m kroji;  M\u00edsta inspirace; vzpom\u00ednka na P.Aloise Musila \u2013 profesora a \u0161ejka; Hled\u00e1n\u00ed sv\u011bdectv\u00ed hrdin\u016f.<\/span><\/p>\n","protected":false},"excerpt":{"rendered":"<p>M\u0161e svat\u00e9: ve st\u0159edu z\u00e1du\u0161n\u00ed za Ludmilu Otavovou z Vojt\u011bchova ve 14:30, ve \u010dtvrtek v 8 h ve Skut\u010di a v 9:30 h v Mr\u00e1kot\u00edn\u011b, v p\u00e1tek v 18 h s adorac\u00ed, v ned\u011bli 9:30 h. SB\u00cdRKA NA CHARITU minulou <a class=\"more-link\" href=\"https:\/\/www.farnostrana.cz\/?p=509\">Cel\u00fd \u010dl\u00e1nek  <span class=\"screen-reader-text\">  Ohl\u00e1\u0161ky o 13. ned\u011bli v mezidob\u00ed 1. 7. 2018<\/span><span class=\"meta-nav\">&rarr;<\/span><\/a><\/p>\n","protected":false},"author":1,"featured_media":0,"comment_status":"closed","ping_status":"open","sticky":false,"template":"","format":"standard","meta":{"_monsterinsights_skip_tracking":false,"_monsterinsights_sitenote_active":false,"_monsterinsights_sitenote_note":"","_monsterinsights_sitenote_category":0,"footnotes":""},"categories":[3],"tags":[],"class_list":["post-509","post","type-post","status-publish","format-standard","hentry","category-ohlasky"],"_links":{"self":[{"href":"https:\/\/www.farnostrana.cz\/index.php?rest_route=\/wp\/v2\/posts\/509","targetHints":{"allow":["GET"]}}],"collection":[{"href":"https:\/\/www.farnostrana.cz\/index.php?rest_route=\/wp\/v2\/posts"}],"about":[{"href":"https:\/\/www.farnostrana.cz\/index.php?rest_route=\/wp\/v2\/types\/post"}],"author":[{"embeddable":true,"href":"https:\/\/www.farnostrana.cz\/index.php?rest_route=\/wp\/v2\/users\/1"}],"replies":[{"embeddable":true,"href":"https:\/\/www.farnostrana.cz\/index.php?rest_route=%2Fwp%2Fv2%2Fcomments&post=509"}],"version-history":[{"count":3,"href":"https:\/\/www.farnostrana.cz\/index.php?rest_route=\/wp\/v2\/posts\/509\/revisions"}],"predecessor-version":[{"id":514,"href":"https:\/\/www.farnostrana.cz\/index.php?rest_route=\/wp\/v2\/posts\/509\/revisions\/514"}],"wp:attachment":[{"href":"https:\/\/www.farnostrana.cz\/index.php?rest_route=%2Fwp%2Fv2%2Fmedia&parent=509"}],"wp:term":[{"taxonomy":"category","embeddable":true,"href":"https:\/\/www.farnostrana.cz\/index.php?rest_route=%2Fwp%2Fv2%2Fcategories&post=509"},{"taxonomy":"post_tag","embeddable":true,"href":"https:\/\/www.farnostrana.cz\/index.php?rest_route=%2Fwp%2Fv2%2Ftags&post=509"}],"curies":[{"name":"wp","href":"https:\/\/api.w.org\/{rel}","templated":true}]}}