{"id":507,"date":"2018-06-23T21:40:35","date_gmt":"2018-06-23T19:40:35","guid":{"rendered":"http:\/\/www.farnostrana.cz\/?p=507"},"modified":"2018-06-23T21:40:35","modified_gmt":"2018-06-23T19:40:35","slug":"ohlasky-o-nedeli-narozeni-sv-jana-krtitele-24-6-2018","status":"publish","type":"post","link":"https:\/\/www.farnostrana.cz\/?p=507","title":{"rendered":"Ohl\u00e1\u0161ky o ned\u011bli Narozen\u00ed sv. Jana K\u0159titele 24. 6. 2018"},"content":{"rendered":"<ul>\n<li><strong>M\u0161e svat\u00e9:<\/strong> v\u00a0p\u00e1tek v\u00a018 h, v\u00a0ned\u011bli v\u00a08 h v\u00a0Holet\u00edn\u011b, v\u00a09:30 h v\u00a0Ran\u00e9 bohoslu\u017eba s\u00a0j\u00e1hnem Petrem Vt\u00edpilem.<\/li>\n<li><strong>TICH\u00c1 SB\u00cdRKA<\/strong> minulou ned\u011bli vynesla 17\u00a0193 K\u010d. P\u00e1n B\u016fh zapla\u0165! Dnes sb\u00edrka na Charitu.<\/li>\n<li>Dnes vych\u00e1z\u00ed <strong>Zpravodaj farnosti<\/strong>. K\u00a0dispozici na stole\u010dku za dobrovoln\u00fd p\u0159\u00edsp\u011bvek. D\u011bkuji v\u0161em autor\u016fm a redaktor\u016fm!<\/li>\n<li><strong>Prob\u00edh\u00e1 oprava a n\u00e1t\u011br<\/strong> dve\u0159\u00ed na fa\u0159e a \u017ealuzi\u00ed na kosteln\u00ed v\u011b\u017ei. D\u011bkuji t\u011bm, kdo zdarma pom\u00e1haj\u00ed na\u0161\u00ed farnosti!<\/li>\n<li><strong>Oprava varhan<\/strong> za\u010dne ji\u017e 30.7.. Budeme pot\u0159ebovat skupinu brig\u00e1dn\u00edk\u016f na no\u0161en\u00ed, \u010di\u0161t\u011bn\u00ed a nat\u00edr\u00e1n\u00ed p\u00ed\u0161\u0165al. Byla schv\u00e1lena na\u0161e \u017e\u00e1dost o dotaci na opravu varhan Krajsk\u00fdm \u00fa\u0159adem Pardubice ve v\u00fd\u0161i 50 tis. K\u010d.<\/li>\n<li><strong>Letn\u00ed farn\u00ed t\u00e1bor pro d\u011bti bude letos 22. \u2013 28.7. v\u00a0Havl\u00ed\u010dkov\u011b Borov\u00e9<\/strong>. P\u0159ihl\u00e1\u0161ky odevzd\u00e1vejte v\u00a0kostele nebo na fa\u0159e.<\/li>\n<li><strong>Stoln\u00ed diec\u00e9zn\u00ed kalend\u00e1\u0159e<\/strong> s\u00a0obr\u00e1zky z\u00a0c\u00edrkevn\u00edch les\u016f si m\u016f\u017eete zakoupit v\u00a0kostele za 70 K\u010d.<\/li>\n<li><strong>Po m\u0161i sv. m\u016f\u017eete podepsat petice proti Istanbulsk\u00e9 smlouv\u011b a proti uz\u00e1kon\u011bn\u00ed vztahu dvou osob stejn\u00e9ho pohlav\u00ed jako man\u017eelstv\u00ed.<\/strong><\/li>\n<li><strong>O \u010dem p\u00ed\u0161e Katolick\u00fd t\u00fdden\u00edk: <\/strong>Chudoba hroz\u00ed p\u011btin\u011b mlad\u00fdch; T\u00e9ma: Jazyk modlitby; Perspektivy: st\u00e1t a c\u00edrkev ve Francii dnes; rozhovor s\u00a0kard. Bressanem<\/li>\n<\/ul>\n","protected":false},"excerpt":{"rendered":"<p>M\u0161e svat\u00e9: v\u00a0p\u00e1tek v\u00a018 h, v\u00a0ned\u011bli v\u00a08 h v\u00a0Holet\u00edn\u011b, v\u00a09:30 h v\u00a0Ran\u00e9 bohoslu\u017eba s\u00a0j\u00e1hnem Petrem Vt\u00edpilem. TICH\u00c1 SB\u00cdRKA minulou ned\u011bli vynesla 17\u00a0193 K\u010d. P\u00e1n B\u016fh zapla\u0165! Dnes sb\u00edrka na Charitu. Dnes vych\u00e1z\u00ed Zpravodaj farnosti. K\u00a0dispozici na stole\u010dku za dobrovoln\u00fd p\u0159\u00edsp\u011bvek. <a class=\"more-link\" href=\"https:\/\/www.farnostrana.cz\/?p=507\">Cel\u00fd \u010dl\u00e1nek  <span class=\"screen-reader-text\">  Ohl\u00e1\u0161ky o ned\u011bli Narozen\u00ed sv. Jana K\u0159titele 24. 6. 2018<\/span><span class=\"meta-nav\">&rarr;<\/span><\/a><\/p>\n","protected":false},"author":1,"featured_media":0,"comment_status":"closed","ping_status":"open","sticky":false,"template":"","format":"standard","meta":{"_monsterinsights_skip_tracking":false,"_monsterinsights_sitenote_active":false,"_monsterinsights_sitenote_note":"","_monsterinsights_sitenote_category":0,"footnotes":""},"categories":[3],"tags":[],"class_list":["post-507","post","type-post","status-publish","format-standard","hentry","category-ohlasky"],"_links":{"self":[{"href":"https:\/\/www.farnostrana.cz\/index.php?rest_route=\/wp\/v2\/posts\/507","targetHints":{"allow":["GET"]}}],"collection":[{"href":"https:\/\/www.farnostrana.cz\/index.php?rest_route=\/wp\/v2\/posts"}],"about":[{"href":"https:\/\/www.farnostrana.cz\/index.php?rest_route=\/wp\/v2\/types\/post"}],"author":[{"embeddable":true,"href":"https:\/\/www.farnostrana.cz\/index.php?rest_route=\/wp\/v2\/users\/1"}],"replies":[{"embeddable":true,"href":"https:\/\/www.farnostrana.cz\/index.php?rest_route=%2Fwp%2Fv2%2Fcomments&post=507"}],"version-history":[{"count":1,"href":"https:\/\/www.farnostrana.cz\/index.php?rest_route=\/wp\/v2\/posts\/507\/revisions"}],"predecessor-version":[{"id":508,"href":"https:\/\/www.farnostrana.cz\/index.php?rest_route=\/wp\/v2\/posts\/507\/revisions\/508"}],"wp:attachment":[{"href":"https:\/\/www.farnostrana.cz\/index.php?rest_route=%2Fwp%2Fv2%2Fmedia&parent=507"}],"wp:term":[{"taxonomy":"category","embeddable":true,"href":"https:\/\/www.farnostrana.cz\/index.php?rest_route=%2Fwp%2Fv2%2Fcategories&post=507"},{"taxonomy":"post_tag","embeddable":true,"href":"https:\/\/www.farnostrana.cz\/index.php?rest_route=%2Fwp%2Fv2%2Ftags&post=507"}],"curies":[{"name":"wp","href":"https:\/\/api.w.org\/{rel}","templated":true}]}}