{"id":500,"date":"2018-06-16T21:24:58","date_gmt":"2018-06-16T19:24:58","guid":{"rendered":"http:\/\/www.farnostrana.cz\/?p=500"},"modified":"2018-06-16T21:24:58","modified_gmt":"2018-06-16T19:24:58","slug":"ohlasky-o-11-nedeli-v-mezidobi-17-6-2018","status":"publish","type":"post","link":"https:\/\/www.farnostrana.cz\/?p=500","title":{"rendered":"Ohl\u00e1\u0161ky o 11. ned\u011bli v\u00a0mezidob\u00ed 17. 6. 2018"},"content":{"rendered":"<ul style=\"margin-top: 0pt; margin-bottom: 0pt;\">\n<li dir=\"ltr\" style=\"list-style-type: disc; font-size: 12pt; font-family: 'NotoSansSymbols'; color: #000000; background-color: transparent; font-weight: 400; font-style: normal; font-variant: normal; text-decoration: none; vertical-align: baseline; white-space: pre; margin-left: 3.552713678800501e-15pt;\">\n<p dir=\"ltr\" style=\"line-height: 1.3800000000000001; margin-top: 0pt; margin-bottom: 12pt;\"><span style=\"font-size: 12pt; font-family: 'TimesNewRoman'; color: #000000; background-color: transparent; font-weight: 700; font-style: normal; font-variant: normal; text-decoration: none; vertical-align: baseline; white-space: pre; white-space: pre-wrap;\">M\u0161e svat\u00e9:<\/span><span style=\"font-size: 12pt; font-family: 'TimesNewRoman'; color: #000000; background-color: transparent; font-weight: 400; font-style: normal; font-variant: normal; text-decoration: none; vertical-align: baseline; white-space: pre; white-space: pre-wrap;\"> v p\u00e1tek v 18 h, v ned\u011bli v 8 h poutn\u00ed v Holet\u00edn\u011b a v 9:30 h Ran\u00e1. <\/span><\/p>\n<\/li>\n<li dir=\"ltr\" style=\"list-style-type: disc; font-size: 12pt; font-family: 'NotoSansSymbols'; color: #000000; background-color: transparent; font-weight: 400; font-style: normal; font-variant: normal; text-decoration: none; vertical-align: baseline; white-space: pre; margin-left: 3.3000000000000043pt;\">\n<p dir=\"ltr\" style=\"line-height: 1.3800000000000001; margin-top: 0pt; margin-bottom: 12pt;\"><span style=\"font-size: 12pt; font-family: 'TimesNewRoman'; color: #000000; background-color: transparent; font-weight: 400; font-style: normal; font-variant: normal; text-decoration: none; vertical-align: baseline; white-space: pre; white-space: pre-wrap;\">Dnes <\/span><span style=\"font-size: 12pt; font-family: 'TimesNewRoman'; color: #000000; background-color: transparent; font-weight: 700; font-style: normal; font-variant: normal; text-decoration: none; vertical-align: baseline; white-space: pre; white-space: pre-wrap;\">TICH\u00c1 SB\u00cdRKA<\/span><span style=\"font-size: 12pt; font-family: 'TimesNewRoman'; color: #000000; background-color: transparent; font-weight: 400; font-style: normal; font-variant: normal; text-decoration: none; vertical-align: baseline; white-space: pre; white-space: pre-wrap;\"> na opravu varhan. P\u0159\u00ed\u0161t\u00ed ned\u011bli sb\u00edrka na Charitu.<\/span><\/p>\n<\/li>\n<li dir=\"ltr\" style=\"list-style-type: disc; font-size: 12pt; font-family: 'NotoSansSymbols'; color: #000000; background-color: transparent; font-weight: 400; font-style: normal; font-variant: normal; text-decoration: none; vertical-align: baseline; white-space: pre; margin-left: 3.3000000000000043pt;\">\n<p dir=\"ltr\" style=\"line-height: 1.3800000000000001; margin-top: 0pt; margin-bottom: 12pt;\"><span style=\"font-size: 12pt; font-family: 'TimesNewRoman'; color: #000000; background-color: transparent; font-weight: 700; font-style: normal; font-variant: normal; text-decoration: none; vertical-align: baseline; white-space: pre; white-space: pre-wrap;\">Oprava varhan<\/span><span style=\"font-size: 12pt; font-family: 'TimesNewRoman'; color: #000000; background-color: transparent; font-weight: 400; font-style: normal; font-variant: normal; text-decoration: none; vertical-align: baseline; white-space: pre; white-space: pre-wrap;\"> za\u010dne ji\u017e 30.7.. Budeme pot\u0159ebovat skupinu brig\u00e1dn\u00edk\u016f na no\u0161en\u00ed, \u010di\u0161t\u011bn\u00ed a nat\u00edr\u00e1n\u00ed p\u00ed\u0161\u0165al. Byla schv\u00e1lena na\u0161e \u017e\u00e1dost o dotaci na opravu varhan Krajsk\u00fdm \u00fa\u0159adem Pardubice ve v\u00fd\u0161i 50 tis. K\u010d.<\/span><\/p>\n<\/li>\n<li dir=\"ltr\" style=\"list-style-type: disc; font-size: 12pt; font-family: 'NotoSansSymbols'; color: #000000; background-color: transparent; font-weight: 400; font-style: normal; font-variant: normal; text-decoration: none; vertical-align: baseline; white-space: pre; margin-left: 3.3000000000000043pt;\">\n<p dir=\"ltr\" style=\"line-height: 1.3800000000000001; margin-top: 0pt; margin-bottom: 12pt;\"><span style=\"font-size: 12pt; font-family: 'TimesNewRoman'; color: #000000; background-color: transparent; font-weight: 700; font-style: normal; font-variant: normal; text-decoration: none; vertical-align: baseline; white-space: pre; white-space: pre-wrap;\">Letn\u00ed farn\u00ed t\u00e1bor pro d\u011bti bude letos 22. \u2013 28.7. v Havl\u00ed\u010dkov\u011b Borov\u00e9<\/span><span style=\"font-size: 12pt; font-family: 'TimesNewRoman'; color: #000000; background-color: transparent; font-weight: 400; font-style: normal; font-variant: normal; text-decoration: none; vertical-align: baseline; white-space: pre; white-space: pre-wrap;\">. P\u0159ihl\u00e1\u0161ky odevzd\u00e1vejte v kostele nebo na fa\u0159e.<\/span><\/p>\n<\/li>\n<\/ul>\n<p><span style=\"font-size: 12pt; font-family: 'TimesNewRoman'; color: #000000; background-color: transparent; font-weight: 700; font-style: normal; font-variant: normal; text-decoration: none; vertical-align: baseline; white-space: pre; white-space: pre-wrap;\">O \u010dem p\u00ed\u0161e Katolick\u00fd t\u00fdden\u00edk: <\/span><span style=\"font-size: 12pt; font-family: 'TimesNewRoman'; color: #000000; background-color: transparent; font-weight: 400; font-style: normal; font-variant: normal; text-decoration: none; vertical-align: baseline; white-space: pre; white-space: pre-wrap;\">Poutn\u00ed den na Svat\u00e9 Ho\u0159e; T\u00e9ma: Novokn\u011b\u017e\u00ed; Perspektivy: \u0158\u00edm zastavil debatu o interkomuniu; rozhovor s hercem Miroslavem \u010c\u00e1stkem.<\/span><\/p>\n","protected":false},"excerpt":{"rendered":"<p>M\u0161e svat\u00e9: v p\u00e1tek v 18 h, v ned\u011bli v 8 h poutn\u00ed v Holet\u00edn\u011b a v 9:30 h Ran\u00e1. Dnes TICH\u00c1 SB\u00cdRKA na opravu varhan. P\u0159\u00ed\u0161t\u00ed ned\u011bli sb\u00edrka na Charitu. Oprava varhan za\u010dne ji\u017e 30.7.. Budeme pot\u0159ebovat skupinu brig\u00e1dn\u00edk\u016f <a class=\"more-link\" href=\"https:\/\/www.farnostrana.cz\/?p=500\">Cel\u00fd \u010dl\u00e1nek  <span class=\"screen-reader-text\">  Ohl\u00e1\u0161ky o 11. ned\u011bli v\u00a0mezidob\u00ed 17. 6. 2018<\/span><span class=\"meta-nav\">&rarr;<\/span><\/a><\/p>\n","protected":false},"author":1,"featured_media":0,"comment_status":"closed","ping_status":"open","sticky":false,"template":"","format":"standard","meta":{"_monsterinsights_skip_tracking":false,"_monsterinsights_sitenote_active":false,"_monsterinsights_sitenote_note":"","_monsterinsights_sitenote_category":0,"footnotes":""},"categories":[3],"tags":[],"class_list":["post-500","post","type-post","status-publish","format-standard","hentry","category-ohlasky"],"_links":{"self":[{"href":"https:\/\/www.farnostrana.cz\/index.php?rest_route=\/wp\/v2\/posts\/500","targetHints":{"allow":["GET"]}}],"collection":[{"href":"https:\/\/www.farnostrana.cz\/index.php?rest_route=\/wp\/v2\/posts"}],"about":[{"href":"https:\/\/www.farnostrana.cz\/index.php?rest_route=\/wp\/v2\/types\/post"}],"author":[{"embeddable":true,"href":"https:\/\/www.farnostrana.cz\/index.php?rest_route=\/wp\/v2\/users\/1"}],"replies":[{"embeddable":true,"href":"https:\/\/www.farnostrana.cz\/index.php?rest_route=%2Fwp%2Fv2%2Fcomments&post=500"}],"version-history":[{"count":1,"href":"https:\/\/www.farnostrana.cz\/index.php?rest_route=\/wp\/v2\/posts\/500\/revisions"}],"predecessor-version":[{"id":501,"href":"https:\/\/www.farnostrana.cz\/index.php?rest_route=\/wp\/v2\/posts\/500\/revisions\/501"}],"wp:attachment":[{"href":"https:\/\/www.farnostrana.cz\/index.php?rest_route=%2Fwp%2Fv2%2Fmedia&parent=500"}],"wp:term":[{"taxonomy":"category","embeddable":true,"href":"https:\/\/www.farnostrana.cz\/index.php?rest_route=%2Fwp%2Fv2%2Fcategories&post=500"},{"taxonomy":"post_tag","embeddable":true,"href":"https:\/\/www.farnostrana.cz\/index.php?rest_route=%2Fwp%2Fv2%2Ftags&post=500"}],"curies":[{"name":"wp","href":"https:\/\/api.w.org\/{rel}","templated":true}]}}