{"id":466,"date":"2018-04-07T21:20:36","date_gmt":"2018-04-07T19:20:36","guid":{"rendered":"http:\/\/www.farnostrana.cz\/?p=466"},"modified":"2018-04-07T21:20:36","modified_gmt":"2018-04-07T19:20:36","slug":"ohlasky-o-2-nedeli-velikonocni-8-4-2018","status":"publish","type":"post","link":"https:\/\/www.farnostrana.cz\/?p=466","title":{"rendered":"Ohl\u00e1\u0161ky o 2. ned\u011bli Velikono\u010dn\u00ed 8. 4. 2018"},"content":{"rendered":"<ul style=\"margin-top: 0pt; margin-bottom: 0pt;\">\n<li dir=\"ltr\" style=\"list-style-type: disc; font-size: 12pt; font-family: 'NotoSansSymbols'; color: #000000; background-color: transparent; font-weight: 400; font-style: normal; font-variant: normal; text-decoration: none; vertical-align: baseline; margin-left: 3.552713678800501e-15pt;\">\n<p dir=\"ltr\" style=\"line-height: 1.3800000000000001; margin-top: 0pt; margin-bottom: 12pt;\"><span style=\"font-size: 12pt; font-family: 'TimesNewRoman'; color: #000000; background-color: transparent; font-weight: 700; font-style: normal; font-variant: normal; text-decoration: none; vertical-align: baseline; white-space: pre-wrap;\">M\u0161e svat\u00e9: <\/span><span style=\"font-size: 12pt; font-family: 'TimesNewRoman'; color: #000000; background-color: transparent; font-weight: 400; font-style: normal; font-variant: normal; text-decoration: none; vertical-align: baseline; white-space: pre-wrap;\">v pond\u011bl\u00ed v 9:30 h kn\u011b\u017e\u00ed vikari\u00e1tu, ve 14 h poh\u0159eb pan\u00ed V\u011bry Bou\u0161kov\u00e9. v p\u00e1tek v 18 h , p\u0159\u00ed\u0161t\u00ed ned\u011bli v 9:30 h.<\/span><\/p>\n<\/li>\n<li dir=\"ltr\" style=\"list-style-type: disc; font-size: 12pt; font-family: 'NotoSansSymbols'; color: #000000; background-color: transparent; font-weight: 400; font-style: normal; font-variant: normal; text-decoration: none; vertical-align: baseline; margin-left: 3.3000000000000043pt;\">\n<p dir=\"ltr\" style=\"line-height: 1.3800000000000001; margin-top: 0pt; margin-bottom: 12pt;\"><span style=\"font-size: 12pt; font-family: 'TimesNewRoman'; color: #000000; background-color: transparent; font-weight: 700; font-style: normal; font-variant: normal; text-decoration: none; vertical-align: baseline; white-space: pre-wrap;\">Sb\u00edrka na hospic Duha<\/span><span style=\"font-size: 12pt; font-family: 'TimesNewRoman'; color: #000000; background-color: transparent; font-weight: 400; font-style: normal; font-variant: normal; text-decoration: none; vertical-align: baseline; white-space: pre-wrap;\"> je p\u0159elo\u017eena na z\u00e1\u0159\u00ed. P\u0159\u00ed\u0161t\u00ed ned\u011bli celon\u00e1rodn\u00ed <\/span><span style=\"font-size: 12pt; font-family: 'TimesNewRoman'; color: #000000; background-color: transparent; font-weight: 700; font-style: normal; font-variant: normal; text-decoration: none; vertical-align: baseline; white-space: pre-wrap;\">sb\u00edrka na pomoc migrant\u016fm vracej\u00edc\u00edm se dom\u016f<\/span><span style=\"font-size: 12pt; font-family: 'TimesNewRoman'; color: #000000; background-color: transparent; font-weight: 400; font-style: normal; font-variant: normal; text-decoration: none; vertical-align: baseline; white-space: pre-wrap;\">. <\/span><\/p>\n<\/li>\n<li dir=\"ltr\" style=\"list-style-type: disc; font-size: 12pt; font-family: 'NotoSansSymbols'; color: #000000; background-color: transparent; font-weight: 400; font-style: normal; font-variant: normal; text-decoration: none; vertical-align: baseline; margin-left: 3.3000000000000043pt;\">\n<p dir=\"ltr\" style=\"line-height: 1.3800000000000001; margin-top: 0pt; margin-bottom: 12pt;\"><span style=\"font-size: 12pt; font-family: 'TimesNewRoman'; color: #000000; background-color: transparent; font-weight: 400; font-style: normal; font-variant: normal; text-decoration: none; vertical-align: baseline; white-space: pre-wrap;\">Skupina Loutkohran\u00ed zve v\u0161echny mal\u00e9 i velk\u00e9 na premi\u00e9ru <\/span><span style=\"font-size: 12pt; font-family: 'TimesNewRoman'; color: #000000; background-color: transparent; font-weight: 700; font-style: normal; font-variant: normal; text-decoration: none; vertical-align: baseline; white-space: pre-wrap;\">poh\u00e1dky \u201eL\u00edn\u00fd Honza\u201c v ned\u011bli 8.4. od 15 h v kin\u011b Ran\u00e1.<\/span><span style=\"font-size: 12pt; font-family: 'TimesNewRoman'; color: #000000; background-color: transparent; font-weight: 400; font-style: normal; font-variant: normal; text-decoration: none; vertical-align: baseline; white-space: pre-wrap;\"> Hraj\u00ed d\u011bti ze Z\u0160 \u017d\u010f\u00e1rec.<\/span><\/p>\n<\/li>\n<li dir=\"ltr\" style=\"list-style-type: disc; font-size: 12pt; font-family: 'NotoSansSymbols'; color: #000000; background-color: transparent; font-weight: 400; font-style: normal; font-variant: normal; text-decoration: none; vertical-align: baseline; margin-left: 3.3000000000000043pt;\">\n<p dir=\"ltr\" style=\"line-height: 1.3800000000000001; margin-top: 0pt; margin-bottom: 12pt;\"><span style=\"font-size: 12pt; font-family: 'TimesNewRoman'; color: #000000; background-color: transparent; font-weight: 700; font-style: normal; font-variant: normal; text-decoration: none; vertical-align: baseline; white-space: pre-wrap;\">Pou\u0165 do Kutn\u00e9 Hory<\/span><span style=\"font-size: 12pt; font-family: 'TimesNewRoman'; color: #000000; background-color: transparent; font-weight: 400; font-style: normal; font-variant: normal; text-decoration: none; vertical-align: baseline; white-space: pre-wrap;\"> za nov\u00e1 duchovn\u00ed povol\u00e1n\u00ed p\u0159\u00ed\u0161t\u00ed ned\u011bli 15.4., m\u0161i v 9:30 celebruje biskup Josef Kajnek. Dal\u0161\u00ed program \u2013 workshopy a loutkov\u00e9 divadlo. P.Uhl\u00ed\u0159 pros\u00ed, abychom s sebou vzali n\u011bco upe\u010den\u00e9ho.<\/span><\/p>\n<\/li>\n<li dir=\"ltr\" style=\"list-style-type: disc; font-size: 12pt; font-family: 'NotoSansSymbols'; color: #000000; background-color: transparent; font-weight: 400; font-style: normal; font-variant: normal; text-decoration: none; vertical-align: baseline; margin-left: 3.3000000000000043pt;\">\n<p dir=\"ltr\" style=\"line-height: 1.3800000000000001; margin-top: 0pt; margin-bottom: 12pt;\"><span style=\"font-size: 12pt; font-family: 'TimesNewRoman'; color: #000000; background-color: transparent; font-weight: 700; font-style: normal; font-variant: normal; text-decoration: none; vertical-align: baseline; white-space: pre-wrap;\">M\u0161e sv. pro rodiny s d\u011btmi<\/span><span style=\"font-size: 12pt; font-family: 'TimesNewRoman'; color: #000000; background-color: transparent; font-weight: 400; font-style: normal; font-variant: normal; text-decoration: none; vertical-align: baseline; white-space: pre-wrap;\"> bude posunuta o t\u00fdden na <\/span><span style=\"font-size: 12pt; font-family: 'TimesNewRoman'; color: #000000; background-color: transparent; font-weight: 700; font-style: normal; font-variant: normal; text-decoration: none; vertical-align: baseline; white-space: pre-wrap;\">22.4.<\/span><span style=\"font-size: 12pt; font-family: 'TimesNewRoman'; color: #000000; background-color: transparent; font-weight: 400; font-style: normal; font-variant: normal; text-decoration: none; vertical-align: baseline; white-space: pre-wrap;\"> z d\u016fvodu akce v Kutn\u00e9 Ho\u0159e. <\/span><\/p>\n<\/li>\n<li dir=\"ltr\" style=\"list-style-type: disc; font-size: 12pt; font-family: 'NotoSansSymbols'; color: #000000; background-color: transparent; font-weight: 400; font-style: normal; font-variant: normal; text-decoration: none; vertical-align: baseline; margin-left: 3.3000000000000043pt;\">\n<p dir=\"ltr\" style=\"line-height: 1.3800000000000001; margin-top: 0pt; margin-bottom: 12pt;\"><span style=\"font-size: 12pt; font-family: 'TimesNewRoman'; color: #000000; background-color: transparent; font-weight: 700; font-style: normal; font-variant: normal; text-decoration: none; vertical-align: baseline; white-space: pre-wrap;\">V\u00edkend pro ml\u00e1de\u017e bude 11. \u2013 13.5. na Vesm\u00edru v De\u0161tn\u00e9m.<\/span><\/p>\n<\/li>\n<li dir=\"ltr\" style=\"list-style-type: disc; font-size: 12pt; font-family: 'NotoSansSymbols'; color: #000000; background-color: transparent; font-weight: 400; font-style: normal; font-variant: normal; text-decoration: none; vertical-align: baseline; margin-left: 3.3000000000000043pt;\">\n<p dir=\"ltr\" style=\"line-height: 1.3800000000000001; margin-top: 0pt; margin-bottom: 12pt;\"><span style=\"font-size: 12pt; font-family: 'TimesNewRoman'; color: #000000; background-color: transparent; font-weight: 700; font-style: normal; font-variant: normal; text-decoration: none; vertical-align: baseline; white-space: pre-wrap;\">Farn\u00ed pou\u0165 letos vykon\u00e1me do Neratova v Orlick\u00fdch hor\u00e1ch.<\/span><span style=\"font-size: 12pt; font-family: 'TimesNewRoman'; color: #000000; background-color: transparent; font-weight: 400; font-style: normal; font-variant: normal; text-decoration: none; vertical-align: baseline; white-space: pre-wrap;\"> Pojedeme v sobotu <\/span><span style=\"font-size: 12pt; font-family: 'TimesNewRoman'; color: #000000; background-color: transparent; font-weight: 700; font-style: normal; font-variant: normal; text-decoration: none; vertical-align: baseline; white-space: pre-wrap;\">19.5.<\/span><span style=\"font-size: 12pt; font-family: 'TimesNewRoman'; color: #000000; background-color: transparent; font-weight: 400; font-style: normal; font-variant: normal; text-decoration: none; vertical-align: baseline; white-space: pre-wrap;\"> Na programu bude m\u0161e sv., prohl\u00eddka, n\u00e1v\u0161t\u011bva pivovaru a zahradnictv\u00ed, ob\u011bd (pot\u0159eba objednat), odpoledne z\u00e1mek \u010castolovice (prohl\u00eddka 100K\u010d\/ park zdarma, MiniZOO). Jsou objedn\u00e1ny 2 autobusy. P\u0159ihla\u0161ujte se na stole\u010dku v kostele.<\/span><\/p>\n<\/li>\n<li dir=\"ltr\" style=\"list-style-type: disc; font-size: 12pt; font-family: 'NotoSansSymbols'; color: #000000; background-color: transparent; font-weight: 400; font-style: normal; font-variant: normal; text-decoration: none; vertical-align: baseline; margin-left: 3.3000000000000043pt;\">\n<p dir=\"ltr\" style=\"line-height: 1.3800000000000001; margin-top: 0pt; margin-bottom: 12pt;\"><span style=\"font-size: 12pt; font-family: 'TimesNewRoman'; color: #000000; background-color: transparent; font-weight: 700; font-style: normal; font-variant: normal; text-decoration: none; vertical-align: baseline; white-space: pre-wrap;\">Letn\u00ed farn\u00ed t\u00e1bor pro d\u011bti bude letos 22. \u2013 28.7. v Havl\u00ed\u010dkov\u011b Borov\u00e9<\/span><span style=\"font-size: 12pt; font-family: 'TimesNewRoman'; color: #000000; background-color: transparent; font-weight: 400; font-style: normal; font-variant: normal; text-decoration: none; vertical-align: baseline; white-space: pre-wrap;\">. P\u0159ihl\u00e1\u0161ky budou pozd\u011bji.<\/span><\/p>\n<\/li>\n<\/ul>\n<p><span style=\"font-size: 12pt; font-family: 'TimesNewRoman'; color: #000000; background-color: transparent; font-weight: 700; font-style: normal; font-variant: normal; text-decoration: none; vertical-align: baseline; white-space: pre-wrap;\">O \u010dem p\u00ed\u0161e Katolick\u00fd t\u00fdden\u00edk: <\/span><span style=\"font-size: 12pt; font-family: 'TimesNewRoman'; color: #000000; background-color: transparent; font-weight: 400; font-style: normal; font-variant: normal; text-decoration: none; vertical-align: baseline; white-space: pre-wrap;\">Ohl\u00e9dnut\u00ed za Velikonocemi; T\u00e9ma: T\u0159et\u00ed d\u00edt\u011b; blaho\u0159e\u010den\u00ed biskupa Hloucha; rozhovor s P.Radkem Tich\u00fdm.<\/span><\/p>\n","protected":false},"excerpt":{"rendered":"<p>M\u0161e svat\u00e9: v pond\u011bl\u00ed v 9:30 h kn\u011b\u017e\u00ed vikari\u00e1tu, ve 14 h poh\u0159eb pan\u00ed V\u011bry Bou\u0161kov\u00e9. v p\u00e1tek v 18 h , p\u0159\u00ed\u0161t\u00ed ned\u011bli v 9:30 h. Sb\u00edrka na hospic Duha je p\u0159elo\u017eena na z\u00e1\u0159\u00ed. P\u0159\u00ed\u0161t\u00ed ned\u011bli celon\u00e1rodn\u00ed sb\u00edrka na <a class=\"more-link\" href=\"https:\/\/www.farnostrana.cz\/?p=466\">Cel\u00fd \u010dl\u00e1nek  <span class=\"screen-reader-text\">  Ohl\u00e1\u0161ky o 2. ned\u011bli Velikono\u010dn\u00ed 8. 4. 2018<\/span><span class=\"meta-nav\">&rarr;<\/span><\/a><\/p>\n","protected":false},"author":1,"featured_media":0,"comment_status":"closed","ping_status":"open","sticky":false,"template":"","format":"standard","meta":{"_monsterinsights_skip_tracking":false,"_monsterinsights_sitenote_active":false,"_monsterinsights_sitenote_note":"","_monsterinsights_sitenote_category":0,"footnotes":""},"categories":[3],"tags":[],"class_list":["post-466","post","type-post","status-publish","format-standard","hentry","category-ohlasky"],"_links":{"self":[{"href":"https:\/\/www.farnostrana.cz\/index.php?rest_route=\/wp\/v2\/posts\/466","targetHints":{"allow":["GET"]}}],"collection":[{"href":"https:\/\/www.farnostrana.cz\/index.php?rest_route=\/wp\/v2\/posts"}],"about":[{"href":"https:\/\/www.farnostrana.cz\/index.php?rest_route=\/wp\/v2\/types\/post"}],"author":[{"embeddable":true,"href":"https:\/\/www.farnostrana.cz\/index.php?rest_route=\/wp\/v2\/users\/1"}],"replies":[{"embeddable":true,"href":"https:\/\/www.farnostrana.cz\/index.php?rest_route=%2Fwp%2Fv2%2Fcomments&post=466"}],"version-history":[{"count":1,"href":"https:\/\/www.farnostrana.cz\/index.php?rest_route=\/wp\/v2\/posts\/466\/revisions"}],"predecessor-version":[{"id":467,"href":"https:\/\/www.farnostrana.cz\/index.php?rest_route=\/wp\/v2\/posts\/466\/revisions\/467"}],"wp:attachment":[{"href":"https:\/\/www.farnostrana.cz\/index.php?rest_route=%2Fwp%2Fv2%2Fmedia&parent=466"}],"wp:term":[{"taxonomy":"category","embeddable":true,"href":"https:\/\/www.farnostrana.cz\/index.php?rest_route=%2Fwp%2Fv2%2Fcategories&post=466"},{"taxonomy":"post_tag","embeddable":true,"href":"https:\/\/www.farnostrana.cz\/index.php?rest_route=%2Fwp%2Fv2%2Ftags&post=466"}],"curies":[{"name":"wp","href":"https:\/\/api.w.org\/{rel}","templated":true}]}}