{"id":450,"date":"2018-03-24T23:00:56","date_gmt":"2018-03-24T21:00:56","guid":{"rendered":"http:\/\/www.farnostrana.cz\/?p=450"},"modified":"2018-03-24T23:22:32","modified_gmt":"2018-03-24T21:22:32","slug":"ohlasky-o-kvetne-nedeli-25-3-2018","status":"publish","type":"post","link":"https:\/\/www.farnostrana.cz\/?p=450","title":{"rendered":"Ohl\u00e1\u0161ky o Kv\u011btn\u00e9 ned\u011bli 25. 3. 2018"},"content":{"rendered":"<ul>\n<li><strong>M\u0161e svat\u00e9 ve Svat\u00e9m t\u00fddnu \u2013 viz tabulka dole. <\/strong>Na Velk\u00fd p\u00e1tek a B\u00edlou sobotu se r\u00e1no sejdeme na modlitbu Rann\u00edch chval. Po ob\u0159adech vigilie Vzk\u0159\u00ed\u0161en\u00ed jste zv\u00e1ni na faru na ob\u010derstven\u00ed.<\/li>\n<li><strong>K\u0159\u00ed\u017eov\u00e1 cesta<\/strong> na Velk\u00fd p\u00e1tek \u2013 sraz v\u00a015 h v\u00a0Kameni\u010dk\u00e1ch u kostela, kde je nov\u00e1 venkovn\u00ed K\u0159\u00ed\u017eov\u00e1 cesta. Nab\u00edz\u00edm dopravu ve 14:30 sraz na Ran\u00e9 u kostela.<\/li>\n<li><strong>Celodenn\u00ed adorace na B\u00edlou sobotu od 9 do 15 h. <\/strong>Pros\u00edm, napi\u0161te se do rozpisu!<\/li>\n<li>TICH\u00c1 SB\u00cdRKA na varhany minulou ned\u011bli vynesla 12\u00a0386K\u010d. P\u00e1n B\u016fh zapla\u0165!<\/li>\n<li><strong>Ministranti pojedu ve \u010dtvrtek v\u00a07:30<\/strong> do Hradce na m\u0161i se sv\u011bcen\u00edm olej\u016f.<\/li>\n<li><strong>Zpov\u00edd\u00e1n\u00ed p\u0159ed velikonocemi:<\/strong> v\u00a0ned\u011bli 25.3. ve 14 h v\u00a0Holet\u00edn\u011b a od 15 do 18 h ve Skut\u010di.<\/li>\n<li>Skupina Loutkohran\u00ed zve v\u0161echny mal\u00e9 i velk\u00e9 na premi\u00e9ru <strong>poh\u00e1dky \u201eL\u00edn\u00fd Honza\u201c v\u00a0ned\u011bli 8.4. od 15 h v\u00a0kin\u011b Ran\u00e1.<\/strong> Hraj\u00ed d\u011bti ze Z\u0160 \u017d\u010f\u00e1rec.<\/li>\n<li><strong>Farn\u00ed pou\u0165 letos vykon\u00e1me do Neratova v\u00a0Orlick\u00fdch hor\u00e1ch.<\/strong> Pojedeme v\u00a0sobotu <strong>19. 5.<\/strong> Na programu bude m\u0161e sv., prohl\u00eddka, n\u00e1v\u0161t\u011bva pivovaru a zahradnictv\u00ed, ob\u011bd (pot\u0159eba objednat), odpoledne z\u00e1mek \u010castolovice (prohl\u00eddka 100K\u010d\/ park zdarma). Jsou objedn\u00e1ny 2 autobusy. P\u0159ihla\u0161ujte se na stole\u010dku v\u00a0kostele.<\/li>\n<li><strong>Letn\u00ed farn\u00ed t\u00e1bor pro d\u011bti bude letos 22. \u2013 28.7. v\u00a0Havl\u00ed\u010dkov\u011b Borov\u00e9<\/strong>. P\u0159ihl\u00e1\u0161ky budou pozd\u011bji.<\/li>\n<li><strong>O \u010dem p\u00ed\u0161e Katolick\u00fd t\u00fdden\u00edk: <\/strong>Po stop\u00e1ch Padre Pia; T\u00e9ma: K\u0159es\u0165ansk\u00e1 radost; Perspektivy: Aby Evropsk\u00fd d\u016fm pevn\u011b st\u00e1l; rozhovor s\u00a0houslistou Petrem Havl\u00ednem; Doma: P\u0159\u00edprava na velikonoce.<\/li>\n<\/ul>\n<h3>Velikono\u010dn\u00ed bohoslu\u017eby:<\/h3>\n<table>\n<tbody>\n<tr>\n<td width=\"42\"><strong>Den<\/strong><\/td>\n<td width=\"63\"><strong>Zelen\u00fd \u010dtvrtek 29.3.<\/strong><\/td>\n<td width=\"66\"><strong>Velk\u00fd p\u00e1tek 30.3.<\/strong><\/td>\n<td width=\"69\"><strong>B\u00edl\u00e1 sobota 31.3.<\/strong><\/td>\n<td width=\"77\"><strong>Ned\u011ble vzk\u0159\u00ed\u0161en\u00ed 1.4.<\/strong><\/td>\n<td width=\"96\"><strong>Velikono\u010dn\u00ed pond\u011bl\u00ed 2.4.<\/strong><\/td>\n<\/tr>\n<tr>\n<td width=\"42\"><strong>\u010cas<\/strong><\/td>\n<td width=\"63\"><strong>18:00<\/strong><\/td>\n<td width=\"66\"><strong>15 k\u0159\u00ed\u017eov\u00e1 c.<\/strong><\/p>\n<p><strong>18 ob\u0159ady<\/strong><\/td>\n<td width=\"69\"><strong>9 \u2013 15 adorace<\/strong><\/p>\n<p><strong>20 Vigilie<\/strong><\/td>\n<td width=\"77\"><strong>8 h Holet\u00edn<\/strong><\/p>\n<p><strong>9:30 h Ran\u00e1<\/strong><\/td>\n<td width=\"96\"><strong>8:00 m\u0161e sv.<\/strong><\/td>\n<\/tr>\n<\/tbody>\n<\/table>\n","protected":false},"excerpt":{"rendered":"<p>M\u0161e svat\u00e9 ve Svat\u00e9m t\u00fddnu \u2013 viz tabulka dole. Na Velk\u00fd p\u00e1tek a B\u00edlou sobotu se r\u00e1no sejdeme na modlitbu Rann\u00edch chval. Po ob\u0159adech vigilie Vzk\u0159\u00ed\u0161en\u00ed jste zv\u00e1ni na faru na ob\u010derstven\u00ed. K\u0159\u00ed\u017eov\u00e1 cesta na Velk\u00fd p\u00e1tek \u2013 sraz v\u00a015 <a class=\"more-link\" href=\"https:\/\/www.farnostrana.cz\/?p=450\">Cel\u00fd \u010dl\u00e1nek  <span class=\"screen-reader-text\">  Ohl\u00e1\u0161ky o Kv\u011btn\u00e9 ned\u011bli 25. 3. 2018<\/span><span class=\"meta-nav\">&rarr;<\/span><\/a><\/p>\n","protected":false},"author":1,"featured_media":0,"comment_status":"closed","ping_status":"open","sticky":false,"template":"","format":"standard","meta":{"_monsterinsights_skip_tracking":false,"_monsterinsights_sitenote_active":false,"_monsterinsights_sitenote_note":"","_monsterinsights_sitenote_category":0,"footnotes":""},"categories":[3],"tags":[],"class_list":["post-450","post","type-post","status-publish","format-standard","hentry","category-ohlasky"],"_links":{"self":[{"href":"https:\/\/www.farnostrana.cz\/index.php?rest_route=\/wp\/v2\/posts\/450","targetHints":{"allow":["GET"]}}],"collection":[{"href":"https:\/\/www.farnostrana.cz\/index.php?rest_route=\/wp\/v2\/posts"}],"about":[{"href":"https:\/\/www.farnostrana.cz\/index.php?rest_route=\/wp\/v2\/types\/post"}],"author":[{"embeddable":true,"href":"https:\/\/www.farnostrana.cz\/index.php?rest_route=\/wp\/v2\/users\/1"}],"replies":[{"embeddable":true,"href":"https:\/\/www.farnostrana.cz\/index.php?rest_route=%2Fwp%2Fv2%2Fcomments&post=450"}],"version-history":[{"count":2,"href":"https:\/\/www.farnostrana.cz\/index.php?rest_route=\/wp\/v2\/posts\/450\/revisions"}],"predecessor-version":[{"id":457,"href":"https:\/\/www.farnostrana.cz\/index.php?rest_route=\/wp\/v2\/posts\/450\/revisions\/457"}],"wp:attachment":[{"href":"https:\/\/www.farnostrana.cz\/index.php?rest_route=%2Fwp%2Fv2%2Fmedia&parent=450"}],"wp:term":[{"taxonomy":"category","embeddable":true,"href":"https:\/\/www.farnostrana.cz\/index.php?rest_route=%2Fwp%2Fv2%2Fcategories&post=450"},{"taxonomy":"post_tag","embeddable":true,"href":"https:\/\/www.farnostrana.cz\/index.php?rest_route=%2Fwp%2Fv2%2Ftags&post=450"}],"curies":[{"name":"wp","href":"https:\/\/api.w.org\/{rel}","templated":true}]}}