{"id":443,"date":"2018-03-17T23:22:12","date_gmt":"2018-03-17T21:22:12","guid":{"rendered":"http:\/\/www.farnostrana.cz\/?p=443"},"modified":"2018-03-18T00:12:13","modified_gmt":"2018-03-17T22:12:13","slug":"ohlasky-o-5-nedeli-postni-18-3-2018","status":"publish","type":"post","link":"https:\/\/www.farnostrana.cz\/?p=443","title":{"rendered":"Ohl\u00e1\u0161ky o 5. ned\u011bli postn\u00ed 18. 3. 2018"},"content":{"rendered":"<p>\u2022 M\u0161e svat\u00e9: v pond\u011bl\u00ed o sv\u00e1tku sv. Josefa v 18 h, v p\u00e1tek v 18 h , na Kv\u011btnou ned\u011bli v 9:30 h za\u010dneme venku. K\u0159\u00ed\u017eov\u00e1 cesta v p\u00e1tek p\u0159ede m\u0161\u00ed svatou v 17:30 h.<br \/>\n\u2022 Sb\u00edrka na poji\u0161t\u011bn\u00ed minulou ned\u011bli vynesla 4242K\u010d. Dnes je TICH\u00c1 SB\u00cdRKA na varhany.<br \/>\n\u2022 Misijn\u00ed kol\u00e1\u010d minulou ned\u011bli vynesl 5000K\u010d. D\u011bkuji v\u0161em, kdo n\u011bco napekly nebo nakreslili!<br \/>\n\u2022 Diec\u00e9zn\u00ed setk\u00e1n\u00ed ml\u00e1de\u017ee v Hradci v sobotu 24.3. Pojede op\u011bt autobus, v 6:45 h od kostela, mlad\u00ed poje\u010fte!<br \/>\n\u2022 Zpov\u00edd\u00e1n\u00ed p\u0159ed velikonocemi: p\u00e1tek 23.3. od 15 do 18 h na fa\u0159e a v kostele, v ned\u011bli 25.3. ve 14 h v Holet\u00edn\u011b a od 15 do 18 h ve Skut\u010di.<br \/>\n\u2022 Zm\u011bna \u010dasu na letn\u00ed p\u0159\u00ed\u0161t\u00ed ned\u011bli!<br \/>\n\u2022 Farn\u00ed pou\u0165 letos vykon\u00e1me do Neratova v Orlick\u00fdch hor\u00e1ch. Pojedeme v sobotu 19.5. Na programu bude m\u0161e sv., prohl\u00eddka, n\u00e1v\u0161t\u011bva pivovaru a zahradnictv\u00ed, ob\u011bd (pot\u0159eba objednat), odpoledne z\u00e1mek \u010castolovice (prohl\u00eddka 100K\u010d\/ park zdarma). Jsou objedn\u00e1ny 2 autobusy. P\u0159ihla\u0161ujte se na stole\u010dku v kostele.<br \/>\n\u2022 Letn\u00ed farn\u00ed t\u00e1bor pro d\u011bti bude letos 22. \u2013 28.7. v Havl\u00ed\u010dkov\u011b Borov\u00e9. P\u0159ihl\u00e1\u0161ky budou pozd\u011bji.<br \/>\n\u2022 O \u010dem p\u00ed\u0161e Katolick\u00fd t\u00fdden\u00edk: P\u011bt let pape\u017ee milosrdenstv\u00ed; Program ulo\u017een\u00ed ostatk\u016f kard. Berana; Slovensko bude m\u00edt bl. Anku; T\u00e9ma: Padre Pio; Doma: U\u010dte d\u011bti od\u0159\u00edk\u00e1n\u00ed.<\/p>\n<p>Velikono\u010dn\u00ed bohoslu\u017eby:<\/p>\n<table>\n<tbody>\n<tr>\n<td>Den<\/td>\n<td>Zelen\u00fd \u010dtvrtek<br \/>\n29. 3.<\/td>\n<td>Velk\u00fd p\u00e1tek<br \/>\n30. 3.<\/td>\n<td>B\u00edl\u00e1 sobota<br \/>\n31. 3.<\/td>\n<td>Ned\u011ble vzk\u0159\u00ed\u0161en\u00ed<br \/>\n1. 4.<\/td>\n<td>Velikono\u010dn\u00ed pond\u011bl\u00ed<br \/>\n2. 4.<\/td>\n<\/tr>\n<tr>\n<td>\u010cas<\/td>\n<td>18:00<\/td>\n<td>15:00 k\u0159\u00ed\u017eov\u00e1 c.<br \/>\n18:00 ob\u0159ady<\/td>\n<td>9:00 \u2013 15:00 adorace<br \/>\n20:00 Vigilie<\/td>\n<td>8:00 Holet\u00edn<br \/>\n9:30 Ran\u00e1<\/td>\n<td>8:00 m\u0161e sv.<\/td>\n<\/tr>\n<\/tbody>\n<\/table>\n","protected":false},"excerpt":{"rendered":"<p>\u2022 M\u0161e svat\u00e9: v pond\u011bl\u00ed o sv\u00e1tku sv. Josefa v 18 h, v p\u00e1tek v 18 h , na Kv\u011btnou ned\u011bli v 9:30 h za\u010dneme venku. K\u0159\u00ed\u017eov\u00e1 cesta v p\u00e1tek p\u0159ede m\u0161\u00ed svatou v 17:30 h. \u2022 Sb\u00edrka na poji\u0161t\u011bn\u00ed <a class=\"more-link\" href=\"https:\/\/www.farnostrana.cz\/?p=443\">Cel\u00fd \u010dl\u00e1nek  <span class=\"screen-reader-text\">  Ohl\u00e1\u0161ky o 5. ned\u011bli postn\u00ed 18. 3. 2018<\/span><span class=\"meta-nav\">&rarr;<\/span><\/a><\/p>\n","protected":false},"author":1,"featured_media":0,"comment_status":"closed","ping_status":"open","sticky":false,"template":"","format":"standard","meta":{"_monsterinsights_skip_tracking":false,"_monsterinsights_sitenote_active":false,"_monsterinsights_sitenote_note":"","_monsterinsights_sitenote_category":0,"footnotes":""},"categories":[3],"tags":[],"class_list":["post-443","post","type-post","status-publish","format-standard","hentry","category-ohlasky"],"_links":{"self":[{"href":"https:\/\/www.farnostrana.cz\/index.php?rest_route=\/wp\/v2\/posts\/443","targetHints":{"allow":["GET"]}}],"collection":[{"href":"https:\/\/www.farnostrana.cz\/index.php?rest_route=\/wp\/v2\/posts"}],"about":[{"href":"https:\/\/www.farnostrana.cz\/index.php?rest_route=\/wp\/v2\/types\/post"}],"author":[{"embeddable":true,"href":"https:\/\/www.farnostrana.cz\/index.php?rest_route=\/wp\/v2\/users\/1"}],"replies":[{"embeddable":true,"href":"https:\/\/www.farnostrana.cz\/index.php?rest_route=%2Fwp%2Fv2%2Fcomments&post=443"}],"version-history":[{"count":3,"href":"https:\/\/www.farnostrana.cz\/index.php?rest_route=\/wp\/v2\/posts\/443\/revisions"}],"predecessor-version":[{"id":447,"href":"https:\/\/www.farnostrana.cz\/index.php?rest_route=\/wp\/v2\/posts\/443\/revisions\/447"}],"wp:attachment":[{"href":"https:\/\/www.farnostrana.cz\/index.php?rest_route=%2Fwp%2Fv2%2Fmedia&parent=443"}],"wp:term":[{"taxonomy":"category","embeddable":true,"href":"https:\/\/www.farnostrana.cz\/index.php?rest_route=%2Fwp%2Fv2%2Fcategories&post=443"},{"taxonomy":"post_tag","embeddable":true,"href":"https:\/\/www.farnostrana.cz\/index.php?rest_route=%2Fwp%2Fv2%2Ftags&post=443"}],"curies":[{"name":"wp","href":"https:\/\/api.w.org\/{rel}","templated":true}]}}