{"id":400,"date":"2017-12-30T18:28:42","date_gmt":"2017-12-30T16:28:42","guid":{"rendered":"http:\/\/www.farnostrana.cz\/?p=400"},"modified":"2017-12-30T18:28:42","modified_gmt":"2017-12-30T16:28:42","slug":"ohlasky-o-svatku-svate-rodiny-31-12-2017","status":"publish","type":"post","link":"https:\/\/www.farnostrana.cz\/?p=400","title":{"rendered":"Ohl\u00e1\u0161ky o Sv\u00e1tku Svat\u00e9 Rodiny 31. 12. 2017"},"content":{"rendered":"<p>\u2022<span style=\"white-space: pre;\">\t<\/span>M\u0161e svat\u00e9: pond\u011bl\u00ed v 9:30 h, v p\u00e1tek v 18:00 h s litaniemi k Srdci Je\u017e\u00ed\u0161ovu, v sobotu o Zjeven\u00ed P\u00e1n\u011b v 8 h a v ned\u011bli 7.1. v 8 h Holet\u00edn a v 9:30 h Ran\u00e1.&nbsp;<\/p>\n<p>\u2022<span style=\"white-space:pre\">\t<\/span>T\u0159\u00edkr\u00e1lov\u00e1 sb\u00edrka \u2013 \u017eehn\u00e1n\u00ed koledn\u00edk\u016fm v sobotu po rann\u00ed m\u0161i.&nbsp;<\/p>\n<p>\u2022<span style=\"white-space:pre\">\t<\/span>\u017dehn\u00e1n\u00ed dom\u016f a byt\u016f prob\u011bhne v t\u011bchto dnech: napi\u0161te se v kostele na stole\u010dku.<\/p>\n<p>\u2022<span style=\"white-space:pre\">\t<\/span>P\u0159i sb\u00edrce na azylov\u00fd d\u016fm pro maminky v Hamrech u Hlinska se vybralo 2 325K\u010d.<\/p>\n<p>\u2022<span style=\"white-space:pre\">\t<\/span>Zp\u00edv\u00e1n\u00ed u jesli\u010dek bude dnes ve 14 h v kostele. Po programu jste v\u0161ichni zv\u00e1ni na faru na ob\u010derstven\u00ed a posezen\u00ed. Pros\u00edm, p\u0159ineste n\u011bco s sebou!<\/p>\n<p>\u2022<span style=\"white-space:pre\">\t<\/span>Poh\u0159eb P.Pavla H\u00e1jka bude v Chrudimi v sobotu 6.1. ve 13:30 h.<\/p>\n<p>\u2022<span style=\"white-space:pre\">\t<\/span>Ekumenick\u00e1 bohoslu\u017eba bude v p\u00e1tek 19.1. od 18 h v Evangelick\u00e9m kostele.<\/p>\n<p>\u2022<span style=\"white-space:pre\">\t<\/span>P\u0159edn\u00e1\u0161ka Dr. Pavl\u00edka \u201eHistorie kostel\u016f chrudimska\u201c bude v p\u00e1tek 16.2. od 18 h v kin\u011b.&nbsp;<\/p>\n<p>\u2022<span style=\"white-space:pre\">\t<\/span>Jarn\u00ed pr\u00e1zdniny d\u011bt\u00ed 12. \u2013 16.3.2018: nab\u00edz\u00edm mo\u017enost ly\u017ea\u0159sk\u00fdch v\u00fdlet\u016f v\u010detn\u011b instrukt\u00e1\u017ee. Ptejte se P.Ond\u0159eje.<\/p>\n<p>\u2022<span style=\"white-space:pre\">\t<\/span>O \u010dem p\u00ed\u0161e Katolick\u00fd t\u00fdden\u00edk \u2013 v\u00e1no\u010dn\u00ed dvoj\u010d\u00edslo: T\u011bsn\u00e1 Betl\u00e9msk\u00e1 jeskyn\u011b; T\u00e9ma: Co je to dar; rozhovor se Svatoplukem Kar\u00e1skem; Doma: D\u011btsk\u00e9 v\u00e1noce; Perspektivy: Nad\u011bje v\u00e1no\u010dn\u00ed p\u016flnoci; V\u00e1no\u010dn\u00ed p\u0159\u00edloha: V\u00e1no\u010dn\u00ed pohlednice a dal\u0161\u00ed v\u00e1no\u010dn\u00ed t\u00e9mata.<\/p>\n","protected":false},"excerpt":{"rendered":"<p>\u2022 M\u0161e svat\u00e9: pond\u011bl\u00ed v 9:30 h, v p\u00e1tek v 18:00 h s litaniemi k Srdci Je\u017e\u00ed\u0161ovu, v sobotu o Zjeven\u00ed P\u00e1n\u011b v 8 h a v ned\u011bli 7.1. v 8 h Holet\u00edn a v 9:30 h Ran\u00e1.&nbsp; \u2022 T\u0159\u00edkr\u00e1lov\u00e1 <a class=\"more-link\" href=\"https:\/\/www.farnostrana.cz\/?p=400\">Cel\u00fd \u010dl\u00e1nek  <span class=\"screen-reader-text\">  Ohl\u00e1\u0161ky o Sv\u00e1tku Svat\u00e9 Rodiny 31. 12. 2017<\/span><span class=\"meta-nav\">&rarr;<\/span><\/a><\/p>\n","protected":false},"author":1,"featured_media":0,"comment_status":"closed","ping_status":"open","sticky":false,"template":"","format":"standard","meta":{"_monsterinsights_skip_tracking":false,"_monsterinsights_sitenote_active":false,"_monsterinsights_sitenote_note":"","_monsterinsights_sitenote_category":0,"footnotes":""},"categories":[3],"tags":[],"class_list":["post-400","post","type-post","status-publish","format-standard","hentry","category-ohlasky"],"_links":{"self":[{"href":"https:\/\/www.farnostrana.cz\/index.php?rest_route=\/wp\/v2\/posts\/400","targetHints":{"allow":["GET"]}}],"collection":[{"href":"https:\/\/www.farnostrana.cz\/index.php?rest_route=\/wp\/v2\/posts"}],"about":[{"href":"https:\/\/www.farnostrana.cz\/index.php?rest_route=\/wp\/v2\/types\/post"}],"author":[{"embeddable":true,"href":"https:\/\/www.farnostrana.cz\/index.php?rest_route=\/wp\/v2\/users\/1"}],"replies":[{"embeddable":true,"href":"https:\/\/www.farnostrana.cz\/index.php?rest_route=%2Fwp%2Fv2%2Fcomments&post=400"}],"version-history":[{"count":1,"href":"https:\/\/www.farnostrana.cz\/index.php?rest_route=\/wp\/v2\/posts\/400\/revisions"}],"predecessor-version":[{"id":401,"href":"https:\/\/www.farnostrana.cz\/index.php?rest_route=\/wp\/v2\/posts\/400\/revisions\/401"}],"wp:attachment":[{"href":"https:\/\/www.farnostrana.cz\/index.php?rest_route=%2Fwp%2Fv2%2Fmedia&parent=400"}],"wp:term":[{"taxonomy":"category","embeddable":true,"href":"https:\/\/www.farnostrana.cz\/index.php?rest_route=%2Fwp%2Fv2%2Fcategories&post=400"},{"taxonomy":"post_tag","embeddable":true,"href":"https:\/\/www.farnostrana.cz\/index.php?rest_route=%2Fwp%2Fv2%2Ftags&post=400"}],"curies":[{"name":"wp","href":"https:\/\/api.w.org\/{rel}","templated":true}]}}