{"id":391,"date":"2017-12-23T23:30:31","date_gmt":"2017-12-23T21:30:31","guid":{"rendered":"http:\/\/www.farnostrana.cz\/?p=391"},"modified":"2017-12-23T23:30:31","modified_gmt":"2017-12-23T21:30:31","slug":"ohlasky-o-4-nedeli-adventni-24-12-2017","status":"publish","type":"post","link":"https:\/\/www.farnostrana.cz\/?p=391","title":{"rendered":"\u00a0Ohl\u00e1\u0161ky o 4. ned\u011bli adventn\u00ed 24. 12. 2017"},"content":{"rendered":"<p>\u2022<span style=\"white-space: pre;\">\t<\/span>M\u0161e svat\u00e9: dnes v ned\u011bli ve 22 h, pond\u011bl\u00ed v 8 h Holet\u00edn a 9:30 Ran\u00e1, \u00fater\u00fd v 9:30 Ran\u00e1. V p\u00e1tek v 18:00 h a v ned\u011bli 31.12. v 9:30 h s obnovou man\u017eelsk\u00fdch slib\u016f.&nbsp;<br \/>\n\u2022<span style=\"white-space:pre\">\t<\/span>Lektorsk\u00e1 slu\u017eba: v ned\u011ble a sv\u00e1tky budou \u010d\u00edst lekto\u0159i dle rozpisu. M\u016f\u017eete se i dal\u0161\u00ed hl\u00e1sit v sakristii.&nbsp;<\/p>\n<p>\u2022<span style=\"white-space:pre\">\t<\/span>D\u011bkuji v\u0161em, kdo pomohli s v\u00e1no\u010dn\u00edm \u00faklidem a v\u00fdzdobou!<\/p>\n<p>\u2022<span style=\"white-space:pre\">\t<\/span>Sb\u00edrka p\u0159i \u201ep\u016flno\u010dn\u00ed\u201c m\u0161i bude na azylov\u00fd d\u016fm pro maminky v Hamrech u Hlinska.<\/p>\n<p>\u2022<span style=\"white-space:pre\">\t<\/span>Zpravodaj farnosti je k dispozici na stole\u010dku v kostele. Najdete tam i rozpis v\u00e1no\u010dn\u00edch bohoslu\u017eeb. P\u0159\u00edsp\u011bvek na tisk m\u016f\u017eete d\u00e1t do sb\u00edrky.<\/p>\n<p>\u2022<span style=\"white-space:pre\">\t<\/span>Zp\u00edv\u00e1n\u00ed u jesli\u010dek bude v ned\u011bli 31.12. Pros\u00edm rodi\u010de d\u011bt\u00ed, aby je motivovaly p\u0159ipravit si koledu, b\u00e1sni\u010dku atd. Po programu jste v\u0161ichni zv\u00e1ni na faru na ob\u010derstven\u00ed a posezen\u00ed. Pros\u00edm, p\u0159ineste n\u011bco s sebou!<\/p>\n<p>\u2022<span style=\"white-space:pre\">\t<\/span>Instalovali jsme sv\u011btlo u vchodu na faru.<\/p>\n<p>\u2022<span style=\"white-space:pre\">\t<\/span>Jarn\u00ed pr\u00e1zdniny d\u011bt\u00ed 12. \u2013 16.3.2018: nab\u00edz\u00edm mo\u017enost ly\u017ea\u0159sk\u00fdch v\u00fdlet\u016f v\u010detn\u011b instrukt\u00e1\u017ee. Ptejte se P.Ond\u0159eje.<\/p>\n<p>\u2022<span style=\"white-space:pre\">\t<\/span>O \u010dem p\u00ed\u0161e Katolick\u00fd t\u00fdden\u00edk \u2013 v\u00e1no\u010dn\u00ed dvoj\u010d\u00edslo: T\u011bsn\u00e1 Betl\u00e9msk\u00e1 jeskyn\u011b; T\u00e9ma: Co je to dar; rozhovor se Svatoplukem Kar\u00e1skem; Doma: D\u011btsk\u00e9 v\u00e1noce; Perspektivy: Nad\u011bje v\u00e1no\u010dn\u00ed p\u016flnoci; V\u00e1no\u010dn\u00ed p\u0159\u00edloha: V\u00e1no\u010dn\u00ed pohlednice a dal\u0161\u00ed v\u00e1no\u010dn\u00ed t\u00e9mata.<\/p>\n","protected":false},"excerpt":{"rendered":"<p>\u2022 M\u0161e svat\u00e9: dnes v ned\u011bli ve 22 h, pond\u011bl\u00ed v 8 h Holet\u00edn a 9:30 Ran\u00e1, \u00fater\u00fd v 9:30 Ran\u00e1. V p\u00e1tek v 18:00 h a v ned\u011bli 31.12. v 9:30 h s obnovou man\u017eelsk\u00fdch slib\u016f.&nbsp; \u2022 Lektorsk\u00e1 slu\u017eba: <a class=\"more-link\" href=\"https:\/\/www.farnostrana.cz\/?p=391\">Cel\u00fd \u010dl\u00e1nek  <span class=\"screen-reader-text\">  \u00a0Ohl\u00e1\u0161ky o 4. ned\u011bli adventn\u00ed 24. 12. 2017<\/span><span class=\"meta-nav\">&rarr;<\/span><\/a><\/p>\n","protected":false},"author":1,"featured_media":0,"comment_status":"closed","ping_status":"open","sticky":false,"template":"","format":"standard","meta":{"_monsterinsights_skip_tracking":false,"_monsterinsights_sitenote_active":false,"_monsterinsights_sitenote_note":"","_monsterinsights_sitenote_category":0,"footnotes":""},"categories":[3],"tags":[],"class_list":["post-391","post","type-post","status-publish","format-standard","hentry","category-ohlasky"],"_links":{"self":[{"href":"https:\/\/www.farnostrana.cz\/index.php?rest_route=\/wp\/v2\/posts\/391","targetHints":{"allow":["GET"]}}],"collection":[{"href":"https:\/\/www.farnostrana.cz\/index.php?rest_route=\/wp\/v2\/posts"}],"about":[{"href":"https:\/\/www.farnostrana.cz\/index.php?rest_route=\/wp\/v2\/types\/post"}],"author":[{"embeddable":true,"href":"https:\/\/www.farnostrana.cz\/index.php?rest_route=\/wp\/v2\/users\/1"}],"replies":[{"embeddable":true,"href":"https:\/\/www.farnostrana.cz\/index.php?rest_route=%2Fwp%2Fv2%2Fcomments&post=391"}],"version-history":[{"count":1,"href":"https:\/\/www.farnostrana.cz\/index.php?rest_route=\/wp\/v2\/posts\/391\/revisions"}],"predecessor-version":[{"id":392,"href":"https:\/\/www.farnostrana.cz\/index.php?rest_route=\/wp\/v2\/posts\/391\/revisions\/392"}],"wp:attachment":[{"href":"https:\/\/www.farnostrana.cz\/index.php?rest_route=%2Fwp%2Fv2%2Fmedia&parent=391"}],"wp:term":[{"taxonomy":"category","embeddable":true,"href":"https:\/\/www.farnostrana.cz\/index.php?rest_route=%2Fwp%2Fv2%2Fcategories&post=391"},{"taxonomy":"post_tag","embeddable":true,"href":"https:\/\/www.farnostrana.cz\/index.php?rest_route=%2Fwp%2Fv2%2Ftags&post=391"}],"curies":[{"name":"wp","href":"https:\/\/api.w.org\/{rel}","templated":true}]}}