{"id":381,"date":"2017-12-16T20:25:50","date_gmt":"2017-12-16T18:25:50","guid":{"rendered":"http:\/\/www.farnostrana.cz\/?p=381"},"modified":"2017-12-16T20:25:50","modified_gmt":"2017-12-16T18:25:50","slug":"ohlasky-o-3-nedeli-adventni-17-12-2017","status":"publish","type":"post","link":"https:\/\/www.farnostrana.cz\/?p=381","title":{"rendered":"Ohl\u00e1\u0161ky o 3. ned\u011bli adventn\u00ed 17. 12. 2017"},"content":{"rendered":"<p>\u2022<span style=\"white-space: pre;\">\t<\/span>M\u0161e svat\u00e9: v p\u00e1tek v 18:00 h a v ned\u011bli v 9:30 h adventn\u00ed, ve 22 h vigilie Narozen\u00ed P\u00e1n\u011b.&nbsp;<br \/>\n\u2022<span style=\"white-space:pre\">\t<\/span>Lektorsk\u00e9 dovednosti dnes po m\u0161i naposledy! Pros\u00edm, po\u010dkejte po m\u0161i sv. v kostele. Techniky \u010dten\u00ed, mo\u017enost si vyzkou\u0161et.<\/p>\n<p>\u2022<span style=\"white-space:pre\">\t<\/span>Sb\u00edrka na bohoslovce vynesla 3900 K\u010d. P\u00e1n B\u016fh zapla\u0165! P\u0159\u00ed\u0161t\u00ed ned\u011bli p\u0159i \u201ep\u016flno\u010dn\u00ed\u201c m\u0161i bude sb\u00edrka na azylov\u00fd d\u016fm pro maminky v Hamrech&nbsp; u Hlinska.<\/p>\n<p>\u2022<span style=\"white-space:pre\">\t<\/span>Zpravodaj farnosti je k dispozici na stole\u010dku v kostele. Najdete tam i rozpis v\u00e1no\u010dn\u00edch bohoslu\u017eeb. P\u0159\u00edsp\u011bvek na tisk m\u016f\u017eete d\u00e1t do sb\u00edrky.<\/p>\n<p>\u2022<span style=\"white-space:pre\">\t<\/span>P\u0159edv\u00e1no\u010dn\u00ed zpov\u00edd\u00e1n\u00ed: dnes Holet\u00edn od 14 h v Komunitn\u00edm centru, ve Skut\u010di od 15 do 18 h na fa\u0159e (3 kn\u011b\u017e\u00ed).<\/p>\n<p>\u2022<span style=\"white-space:pre\">\t<\/span>\u017div\u00fd Betl\u00e9m po\u0159\u00e1daj\u00ed skauti ve Skut\u010di v sobotu 23.12., za\u010d\u00e1tky v 15 a 15:30 h pod kostelem.<\/p>\n<p>\u2022<span style=\"white-space:pre\">\t<\/span>Zp\u00edv\u00e1n\u00ed u jesli\u010dek bude v ned\u011bli 31.12. Pros\u00edm rodi\u010de d\u011bt\u00ed, aby je motivovaly p\u0159ipravit si koledu, b\u00e1sni\u010dku atd. Po programu jste v\u0161ichni zv\u00e1ni na faru na ob\u010derstven\u00ed a posezen\u00ed.<\/p>\n<p>\u2022<span style=\"white-space:pre\">\t<\/span>T\u0159\u00edkr\u00e1lov\u00e1 sb\u00edrka 2018: mohou se ji\u017e hl\u00e1sit koledn\u00edci.<\/p>\n<p>\u2022<span style=\"white-space:pre\">\t<\/span>T\u0159\u00edkr\u00e1lov\u00fd ples ve Skut\u010di: l\u00edstky se budou na Ran\u00e9 prod\u00e1vat dnes po m\u0161i.<\/p>\n<p>\u2022<span style=\"white-space:pre\">\t<\/span>O \u010dem p\u00ed\u0161e Katolick\u00fd t\u00fdden\u00edk: putov\u00e1n\u00ed Betl\u00e9msk\u00e9ho sv\u011btla; T\u00e9ma: B\u00e1ze\u0148 p\u0159ed Hospodinem; Perspektivy: Pape\u017e\u016fv nad\u011bjepln\u00fd rok; rozhovor se Sieglinde Kralikovou o odpu\u0161t\u011bn\u00ed; Doma: V\u00e1noce bez d\u00e1rku.<\/p>\n","protected":false},"excerpt":{"rendered":"<p>\u2022 M\u0161e svat\u00e9: v p\u00e1tek v 18:00 h a v ned\u011bli v 9:30 h adventn\u00ed, ve 22 h vigilie Narozen\u00ed P\u00e1n\u011b.&nbsp; \u2022 Lektorsk\u00e9 dovednosti dnes po m\u0161i naposledy! Pros\u00edm, po\u010dkejte po m\u0161i sv. v kostele. Techniky \u010dten\u00ed, mo\u017enost si vyzkou\u0161et. <a class=\"more-link\" href=\"https:\/\/www.farnostrana.cz\/?p=381\">Cel\u00fd \u010dl\u00e1nek  <span class=\"screen-reader-text\">  Ohl\u00e1\u0161ky o 3. ned\u011bli adventn\u00ed 17. 12. 2017<\/span><span class=\"meta-nav\">&rarr;<\/span><\/a><\/p>\n","protected":false},"author":1,"featured_media":0,"comment_status":"closed","ping_status":"open","sticky":false,"template":"","format":"standard","meta":{"_monsterinsights_skip_tracking":false,"_monsterinsights_sitenote_active":false,"_monsterinsights_sitenote_note":"","_monsterinsights_sitenote_category":0,"footnotes":""},"categories":[3],"tags":[],"class_list":["post-381","post","type-post","status-publish","format-standard","hentry","category-ohlasky"],"_links":{"self":[{"href":"https:\/\/www.farnostrana.cz\/index.php?rest_route=\/wp\/v2\/posts\/381","targetHints":{"allow":["GET"]}}],"collection":[{"href":"https:\/\/www.farnostrana.cz\/index.php?rest_route=\/wp\/v2\/posts"}],"about":[{"href":"https:\/\/www.farnostrana.cz\/index.php?rest_route=\/wp\/v2\/types\/post"}],"author":[{"embeddable":true,"href":"https:\/\/www.farnostrana.cz\/index.php?rest_route=\/wp\/v2\/users\/1"}],"replies":[{"embeddable":true,"href":"https:\/\/www.farnostrana.cz\/index.php?rest_route=%2Fwp%2Fv2%2Fcomments&post=381"}],"version-history":[{"count":1,"href":"https:\/\/www.farnostrana.cz\/index.php?rest_route=\/wp\/v2\/posts\/381\/revisions"}],"predecessor-version":[{"id":382,"href":"https:\/\/www.farnostrana.cz\/index.php?rest_route=\/wp\/v2\/posts\/381\/revisions\/382"}],"wp:attachment":[{"href":"https:\/\/www.farnostrana.cz\/index.php?rest_route=%2Fwp%2Fv2%2Fmedia&parent=381"}],"wp:term":[{"taxonomy":"category","embeddable":true,"href":"https:\/\/www.farnostrana.cz\/index.php?rest_route=%2Fwp%2Fv2%2Fcategories&post=381"},{"taxonomy":"post_tag","embeddable":true,"href":"https:\/\/www.farnostrana.cz\/index.php?rest_route=%2Fwp%2Fv2%2Ftags&post=381"}],"curies":[{"name":"wp","href":"https:\/\/api.w.org\/{rel}","templated":true}]}}