{"id":379,"date":"2017-12-09T19:58:30","date_gmt":"2017-12-09T17:58:30","guid":{"rendered":"http:\/\/www.farnostrana.cz\/?p=379"},"modified":"2017-12-09T19:58:30","modified_gmt":"2017-12-09T17:58:30","slug":"ohlasky-o-2-nedeli-adventni-10-12-2017","status":"publish","type":"post","link":"https:\/\/www.farnostrana.cz\/?p=379","title":{"rendered":"Ohl\u00e1\u0161ky o 2. ned\u011bli adventn\u00ed 10. 12. 2017"},"content":{"rendered":"<p>\u2022<span style=\"white-space: pre;\">\t<\/span>M\u0161e svat\u00e9: v p\u00e1tek v 18:00 h a v ned\u011bli v 9:30 h v pro rodiny s d\u011btmi.&nbsp;<br \/>\n\u2022<span style=\"white-space:pre\">\t<\/span>D\u011bkuji v\u0161em, kdo p\u0159inesli ob\u010derstven\u00ed po ror\u00e1tn\u00ed m\u0161i!<\/p>\n<p>\u2022<span style=\"white-space:pre\">\t<\/span>Lektorsk\u00e9 dovednosti si m\u016f\u017eete procvi\u010dit b\u011bhem adventn\u00edch ned\u011bl\u00ed. Pros\u00edm, po\u010dkejte po m\u0161i sv. v kostele. Techniky \u010dten\u00ed, mo\u017enost si vyzkou\u0161et.<\/p>\n<p>\u2022<span style=\"white-space:pre\">\t<\/span>Adoraci na 1. st\u0159edu jsem zapomn\u011bl ohl\u00e1sit. Bude tedy a\u017e tuto st\u0159edu 13.12. od 20 do 21 h.<\/p>\n<p>\u2022<span style=\"white-space:pre\">\t<\/span>Adventn\u00ed duchovn\u00ed obnova ve Skut\u010di bude v sobotu 16.12. Za\u010d\u00e1tek v 9 h, cel\u00fd program bude v Gymn\u00e1ziu. Zapisujte se na stole\u010dku v kostele.<\/p>\n<p>\u2022<span style=\"white-space:pre\">\t<\/span>P\u0159edv\u00e1no\u010dn\u00ed zpov\u00edd\u00e1n\u00ed: zde v p\u00e1tek 15.12. od 15 do 18 h na fa\u0159e (3 kn\u011b\u017e\u00ed), Holet\u00edn v ned\u011bli 17.12. od 14 h v Komunitn\u00edm centru, ve Skut\u010di od 15 do 18 h na fa\u0159e (3 kn\u011b\u017e\u00ed).<\/p>\n<p>\u2022<span style=\"white-space:pre\">\t<\/span>Zp\u00edv\u00e1n\u00ed u jesli\u010dek bude v ned\u011bli 31.12. Pros\u00edm rodi\u010de d\u011bt\u00ed, aby je motivovaly p\u0159ipravit si koledu, b\u00e1sni\u010dku atd. Po programu jste v\u0161ichni zv\u00e1ni na faru na ob\u010derstven\u00ed a posezen\u00ed.<\/p>\n<p>\u2022<span style=\"white-space:pre\">\t<\/span>T\u0159\u00edkr\u00e1lov\u00e1 sb\u00edrka 2018: mohou se ji\u017e hl\u00e1sit koledn\u00edci.<\/p>\n<p>\u2022<span style=\"white-space:pre\">\t<\/span>T\u0159\u00edkr\u00e1lov\u00fd ples ve Skut\u010di: l\u00edstky se budou na Ran\u00e9 prod\u00e1vat p\u0159\u00ed\u0161t\u00ed ned\u011bli po m\u0161i.<\/p>\n<p>\u2022<span style=\"white-space:pre\">\t<\/span>O \u010dem p\u00ed\u0161e Katolick\u00fd t\u00fdden\u00edk: Pape\u017e v Myanmaru; T\u00e9ma: Dluhov\u00e9 pasti; Perspektivy: Nen\u00ed jedna k\u0159es\u0165ansk\u00e1 kultura; rozhovor s J\u00e1nem Ko\u0161turiakem; Doma: Ve\u010dern\u00ed modlitba s d\u011btmi.&nbsp;<\/p>\n","protected":false},"excerpt":{"rendered":"<p>\u2022 M\u0161e svat\u00e9: v p\u00e1tek v 18:00 h a v ned\u011bli v 9:30 h v pro rodiny s d\u011btmi.&nbsp; \u2022 D\u011bkuji v\u0161em, kdo p\u0159inesli ob\u010derstven\u00ed po ror\u00e1tn\u00ed m\u0161i! \u2022 Lektorsk\u00e9 dovednosti si m\u016f\u017eete procvi\u010dit b\u011bhem adventn\u00edch ned\u011bl\u00ed. Pros\u00edm, po\u010dkejte po <a class=\"more-link\" href=\"https:\/\/www.farnostrana.cz\/?p=379\">Cel\u00fd \u010dl\u00e1nek  <span class=\"screen-reader-text\">  Ohl\u00e1\u0161ky o 2. ned\u011bli adventn\u00ed 10. 12. 2017<\/span><span class=\"meta-nav\">&rarr;<\/span><\/a><\/p>\n","protected":false},"author":1,"featured_media":0,"comment_status":"closed","ping_status":"open","sticky":false,"template":"","format":"standard","meta":{"_monsterinsights_skip_tracking":false,"_monsterinsights_sitenote_active":false,"_monsterinsights_sitenote_note":"","_monsterinsights_sitenote_category":0,"footnotes":""},"categories":[3],"tags":[],"class_list":["post-379","post","type-post","status-publish","format-standard","hentry","category-ohlasky"],"_links":{"self":[{"href":"https:\/\/www.farnostrana.cz\/index.php?rest_route=\/wp\/v2\/posts\/379","targetHints":{"allow":["GET"]}}],"collection":[{"href":"https:\/\/www.farnostrana.cz\/index.php?rest_route=\/wp\/v2\/posts"}],"about":[{"href":"https:\/\/www.farnostrana.cz\/index.php?rest_route=\/wp\/v2\/types\/post"}],"author":[{"embeddable":true,"href":"https:\/\/www.farnostrana.cz\/index.php?rest_route=\/wp\/v2\/users\/1"}],"replies":[{"embeddable":true,"href":"https:\/\/www.farnostrana.cz\/index.php?rest_route=%2Fwp%2Fv2%2Fcomments&post=379"}],"version-history":[{"count":1,"href":"https:\/\/www.farnostrana.cz\/index.php?rest_route=\/wp\/v2\/posts\/379\/revisions"}],"predecessor-version":[{"id":380,"href":"https:\/\/www.farnostrana.cz\/index.php?rest_route=\/wp\/v2\/posts\/379\/revisions\/380"}],"wp:attachment":[{"href":"https:\/\/www.farnostrana.cz\/index.php?rest_route=%2Fwp%2Fv2%2Fmedia&parent=379"}],"wp:term":[{"taxonomy":"category","embeddable":true,"href":"https:\/\/www.farnostrana.cz\/index.php?rest_route=%2Fwp%2Fv2%2Fcategories&post=379"},{"taxonomy":"post_tag","embeddable":true,"href":"https:\/\/www.farnostrana.cz\/index.php?rest_route=%2Fwp%2Fv2%2Ftags&post=379"}],"curies":[{"name":"wp","href":"https:\/\/api.w.org\/{rel}","templated":true}]}}