{"id":377,"date":"2017-12-02T19:21:54","date_gmt":"2017-12-02T17:21:54","guid":{"rendered":"http:\/\/www.farnostrana.cz\/?p=377"},"modified":"2017-12-02T19:21:54","modified_gmt":"2017-12-02T17:21:54","slug":"ohlasky-o-1-nedeli-adventni-3-12-2017","status":"publish","type":"post","link":"https:\/\/www.farnostrana.cz\/?p=377","title":{"rendered":"Ohl\u00e1\u0161ky o 1. ned\u011bli adventn\u00ed 3. 12. 2017"},"content":{"rendered":"<p>\u2022<span style=\"white-space: pre;\">\t<\/span>M\u0161e svat\u00e9: v p\u00e1tek v 6:00 h ror\u00e1tn\u00ed k Pann\u011b Marii (ve\u010dern\u00ed nen\u00ed!), v ned\u011bli v 9:30 h v Ran\u00e9.&nbsp;<br \/>\n\u2022<span style=\"white-space:pre\">\t<\/span>Po ror\u00e1tn\u00ed m\u0161i v p\u00e1tek 8.12. jste zv\u00e1ni na faru. N\u011bco pe\u010den\u00e9ho pros\u00edm vezm\u011bte s sebou!<\/p>\n<p>\u2022<span style=\"white-space:pre\">\t<\/span>Lektorsk\u00e9 dovednosti si budete moci procvi\u010dit b\u011bhem adventn\u00edch ned\u011bl\u00ed. Pros\u00edm, od 3.12. po m\u0161i sv. v kostele na 10 minut. Techniky \u010dten\u00ed, mo\u017enost si vyzkou\u0161et.<\/p>\n<p>\u2022<span style=\"white-space:pre\">\t<\/span>Dne\u0161n\u00ed sb\u00edrka je na bohoslovce.&nbsp;<\/p>\n<p>\u2022<span style=\"white-space:pre\">\t<\/span>Adventn\u00ed duchovn\u00ed obnova ve Skut\u010di bude 16.12. zapisujte se na stole\u010dku v kostele.<\/p>\n<p>\u2022<span style=\"white-space:pre\">\t<\/span>M\u016f\u017eete si zakoupit \u010dten\u00ed Advent za 20 K\u010d.<\/p>\n<p>\u2022<span style=\"white-space:pre\">\t<\/span>P\u0159edv\u00e1no\u010dn\u00ed zpov\u00edd\u00e1n\u00ed: zde v p\u00e1tek 15.12. od 15 do 18 h na fa\u0159e (3 kn\u011b\u017e\u00ed), Holet\u00edn v ned\u011bli 17.12. od 14 h v Komunitn\u00edm centru, ve Skut\u010di od 15 do 18 h na fa\u0159e (3 kn\u011b\u017e\u00ed).<\/p>\n<p>\u2022<span style=\"white-space:pre\">\t<\/span>Kosteln\u00ed varhany pot\u0159ebuj\u00ed dle vyj\u00e1d\u0159en\u00ed organologa V\u00e1clava Uhl\u00ed\u0159e opravit 13 z\u00e1vad a nov\u00fd motor. N\u00e1lez k p\u0159e\u010dten\u00ed u pana far\u00e1\u0159e. \u010cek\u00e1me na cenovou nab\u00eddku oprav.<\/p>\n<p>\u2022<span style=\"white-space:pre\">\t<\/span>T\u0159\u00edkr\u00e1lov\u00e1 sb\u00edrka 2018: mohou se ji\u017e hl\u00e1sit koledn\u00edci.<\/p>\n<p>\u2022<span style=\"white-space:pre\">\t<\/span>O \u010dem p\u00ed\u0161e Katolick\u00fd t\u00fdden\u00edk: Za\u010d\u00e1tek adventn\u00ed doby; P\u0159ehled hospoda\u0159en\u00ed c\u00edrkve; T\u00e9ma: Ml\u010den\u00ed; Perspektivy: Advent; Farn\u00ed hospodyn\u011b, ohro\u017een\u00fd druh \u2013 rozhovor s 90 letou hospodyn\u00ed; Doma: Tipy na v\u00e1no\u010dn\u00ed d\u00e1rky.<\/p>\n","protected":false},"excerpt":{"rendered":"<p>\u2022 M\u0161e svat\u00e9: v p\u00e1tek v 6:00 h ror\u00e1tn\u00ed k Pann\u011b Marii (ve\u010dern\u00ed nen\u00ed!), v ned\u011bli v 9:30 h v Ran\u00e9.&nbsp; \u2022 Po ror\u00e1tn\u00ed m\u0161i v p\u00e1tek 8.12. jste zv\u00e1ni na faru. N\u011bco pe\u010den\u00e9ho pros\u00edm vezm\u011bte s sebou! \u2022 Lektorsk\u00e9 <a class=\"more-link\" href=\"https:\/\/www.farnostrana.cz\/?p=377\">Cel\u00fd \u010dl\u00e1nek  <span class=\"screen-reader-text\">  Ohl\u00e1\u0161ky o 1. ned\u011bli adventn\u00ed 3. 12. 2017<\/span><span class=\"meta-nav\">&rarr;<\/span><\/a><\/p>\n","protected":false},"author":1,"featured_media":0,"comment_status":"closed","ping_status":"open","sticky":false,"template":"","format":"standard","meta":{"_monsterinsights_skip_tracking":false,"_monsterinsights_sitenote_active":false,"_monsterinsights_sitenote_note":"","_monsterinsights_sitenote_category":0,"footnotes":""},"categories":[3],"tags":[],"class_list":["post-377","post","type-post","status-publish","format-standard","hentry","category-ohlasky"],"_links":{"self":[{"href":"https:\/\/www.farnostrana.cz\/index.php?rest_route=\/wp\/v2\/posts\/377","targetHints":{"allow":["GET"]}}],"collection":[{"href":"https:\/\/www.farnostrana.cz\/index.php?rest_route=\/wp\/v2\/posts"}],"about":[{"href":"https:\/\/www.farnostrana.cz\/index.php?rest_route=\/wp\/v2\/types\/post"}],"author":[{"embeddable":true,"href":"https:\/\/www.farnostrana.cz\/index.php?rest_route=\/wp\/v2\/users\/1"}],"replies":[{"embeddable":true,"href":"https:\/\/www.farnostrana.cz\/index.php?rest_route=%2Fwp%2Fv2%2Fcomments&post=377"}],"version-history":[{"count":1,"href":"https:\/\/www.farnostrana.cz\/index.php?rest_route=\/wp\/v2\/posts\/377\/revisions"}],"predecessor-version":[{"id":378,"href":"https:\/\/www.farnostrana.cz\/index.php?rest_route=\/wp\/v2\/posts\/377\/revisions\/378"}],"wp:attachment":[{"href":"https:\/\/www.farnostrana.cz\/index.php?rest_route=%2Fwp%2Fv2%2Fmedia&parent=377"}],"wp:term":[{"taxonomy":"category","embeddable":true,"href":"https:\/\/www.farnostrana.cz\/index.php?rest_route=%2Fwp%2Fv2%2Fcategories&post=377"},{"taxonomy":"post_tag","embeddable":true,"href":"https:\/\/www.farnostrana.cz\/index.php?rest_route=%2Fwp%2Fv2%2Ftags&post=377"}],"curies":[{"name":"wp","href":"https:\/\/api.w.org\/{rel}","templated":true}]}}