{"id":353,"date":"2017-10-07T17:57:54","date_gmt":"2017-10-07T15:57:54","guid":{"rendered":"http:\/\/www.farnostrana.cz\/?p=353"},"modified":"2017-10-07T17:57:54","modified_gmt":"2017-10-07T15:57:54","slug":"ohlasky-o-27-nedeli-v-mezidobi-8-10-2017","status":"publish","type":"post","link":"https:\/\/www.farnostrana.cz\/?p=353","title":{"rendered":"Ohl\u00e1\u0161ky o 27. ned\u011bli v mezidob\u00ed 8. 10. 2017"},"content":{"rendered":"<p>\u2022<span style=\"white-space: pre;\">\t<\/span>M\u0161e svat\u00e9: v p\u00e1tek bl. Alexandriny da Costa \u2013 mysti\u010dky &#8211; v 18:00 h, v ned\u011bli v 9:30 h pro rodiny s d\u011btmi.<br \/>\n\u2022<span style=\"white-space:pre\">\t<\/span>D\u011bkuji za modlitby za na\u0161eho pana kosteln\u00edka Ji\u0159\u00edho \u0160t\u011bp\u00e1nka, kter\u00fd je hospitalizov\u00e1n v Pardubick\u00e9 nemocnici. Je po operaci nohou a bude se dol\u00e9\u010dovat v n\u011bkter\u00e9m zdravotnick\u00e9m za\u0159\u00edzen\u00ed.<\/p>\n<p>\u2022<span style=\"white-space:pre\">\t<\/span>D\u011bkuji za v\u00fdrobu a instalaci m\u0159\u00ed\u017ee do sklepn\u00edho ok\u00fdnka na fa\u0159e panu Str\u00e1nsk\u00e9mu.<\/p>\n<p>\u2022<span style=\"white-space:pre\">\t<\/span>V Holet\u00ednsk\u00e9 kapli byla znovu instalov\u00e1na zrestaurovan\u00e1 socha sv. Jana K\u0159titele.<\/p>\n<p>\u2022<span style=\"white-space:pre\">\t<\/span>Zpravodaj farnost\u00ed vy\u0161el ji\u017e 24.9. Je\u0161t\u011b je k dost\u00e1n\u00ed v kostele nebo na webu farnosti.<\/p>\n<p>\u2022<span style=\"white-space:pre\">\t<\/span>List biskup\u016f p\u0159ed volbami si m\u016f\u017eete p\u0159e\u010d\u00edst tak\u00e9 na n\u00e1st\u011bnce.<\/p>\n<p>\u2022<span style=\"white-space:pre\">\t<\/span>O \u010dem p\u00ed\u0161e Katolick\u00fd t\u00fdden\u00edk: Oslavy sv. V\u00e1clava; v\u00fdzva biskup\u016f p\u0159ed volbami; T\u00e9ma: Rodina, spole\u010dnost a c\u00edrkev; Perspektivy: Nebojme se volit Evropu; rozhovor s Helenou Lang\u0161\u00e1dlovou; Doma: Ministrantsk\u00e1 slu\u017eba.<\/p>\n","protected":false},"excerpt":{"rendered":"<p>\u2022 M\u0161e svat\u00e9: v p\u00e1tek bl. Alexandriny da Costa \u2013 mysti\u010dky &#8211; v 18:00 h, v ned\u011bli v 9:30 h pro rodiny s d\u011btmi. \u2022 D\u011bkuji za modlitby za na\u0161eho pana kosteln\u00edka Ji\u0159\u00edho \u0160t\u011bp\u00e1nka, kter\u00fd je hospitalizov\u00e1n v Pardubick\u00e9 nemocnici. <a class=\"more-link\" href=\"https:\/\/www.farnostrana.cz\/?p=353\">Cel\u00fd \u010dl\u00e1nek  <span class=\"screen-reader-text\">  Ohl\u00e1\u0161ky o 27. ned\u011bli v mezidob\u00ed 8. 10. 2017<\/span><span class=\"meta-nav\">&rarr;<\/span><\/a><\/p>\n","protected":false},"author":1,"featured_media":0,"comment_status":"closed","ping_status":"open","sticky":false,"template":"","format":"standard","meta":{"_monsterinsights_skip_tracking":false,"_monsterinsights_sitenote_active":false,"_monsterinsights_sitenote_note":"","_monsterinsights_sitenote_category":0,"footnotes":""},"categories":[3],"tags":[],"class_list":["post-353","post","type-post","status-publish","format-standard","hentry","category-ohlasky"],"_links":{"self":[{"href":"https:\/\/www.farnostrana.cz\/index.php?rest_route=\/wp\/v2\/posts\/353","targetHints":{"allow":["GET"]}}],"collection":[{"href":"https:\/\/www.farnostrana.cz\/index.php?rest_route=\/wp\/v2\/posts"}],"about":[{"href":"https:\/\/www.farnostrana.cz\/index.php?rest_route=\/wp\/v2\/types\/post"}],"author":[{"embeddable":true,"href":"https:\/\/www.farnostrana.cz\/index.php?rest_route=\/wp\/v2\/users\/1"}],"replies":[{"embeddable":true,"href":"https:\/\/www.farnostrana.cz\/index.php?rest_route=%2Fwp%2Fv2%2Fcomments&post=353"}],"version-history":[{"count":1,"href":"https:\/\/www.farnostrana.cz\/index.php?rest_route=\/wp\/v2\/posts\/353\/revisions"}],"predecessor-version":[{"id":354,"href":"https:\/\/www.farnostrana.cz\/index.php?rest_route=\/wp\/v2\/posts\/353\/revisions\/354"}],"wp:attachment":[{"href":"https:\/\/www.farnostrana.cz\/index.php?rest_route=%2Fwp%2Fv2%2Fmedia&parent=353"}],"wp:term":[{"taxonomy":"category","embeddable":true,"href":"https:\/\/www.farnostrana.cz\/index.php?rest_route=%2Fwp%2Fv2%2Fcategories&post=353"},{"taxonomy":"post_tag","embeddable":true,"href":"https:\/\/www.farnostrana.cz\/index.php?rest_route=%2Fwp%2Fv2%2Ftags&post=353"}],"curies":[{"name":"wp","href":"https:\/\/api.w.org\/{rel}","templated":true}]}}