{"id":351,"date":"2017-10-03T21:26:16","date_gmt":"2017-10-03T19:26:16","guid":{"rendered":"http:\/\/www.farnostrana.cz\/?p=351"},"modified":"2017-10-03T21:26:16","modified_gmt":"2017-10-03T19:26:16","slug":"ohlasky-o-26-nedeli-v-mezidobi-1-10-2017","status":"publish","type":"post","link":"https:\/\/www.farnostrana.cz\/?p=351","title":{"rendered":"Ohl\u00e1\u0161ky o 26. ned\u011bli v mezidob\u00ed 1. 10. 2017"},"content":{"rendered":"<p>\u2022<span style=\"white-space: pre;\">\t<\/span>D\u011bkuji v\u0161em farn\u00edk\u016f, kte\u0159\u00ed p\u0159ipravili Svatov\u00e1clavsk\u00fd ples! D\u011bkuji za dary do tomboly!<\/p>\n<p>\u2022<span style=\"white-space:pre\">\t<\/span>M\u0161e svat\u00e9: v p\u00e1tek v 18:00 h s litaniemi k S.J., v ned\u011bli v 8 h Proset\u00edn, 9:30 h Ran\u00e1.<\/p>\n<p>\u2022<span style=\"white-space:pre\">\t<\/span>Ve st\u0159edu adorace od 20 do 21 h.<\/p>\n<p>\u2022<span style=\"white-space:pre\">\t<\/span>Tento t\u00fdden budu nav\u0161t\u011bvovat nemocn\u00e9.<\/p>\n<p>\u2022<span style=\"white-space:pre\">\t<\/span>Pros\u00edm o modlitby za na\u0161eho pana kosteln\u00edka Ji\u0159\u00edho \u0160t\u011bp\u00e1nka, kter\u00fd je hospitalizov\u00e1n v Pardubick\u00e9 nemocnici.&nbsp;<\/p>\n<p>\u2022<span style=\"white-space:pre\">\t<\/span>D\u011bkuji za v\u00fdrobu a instalaci m\u0159\u00ed\u017ee do sklepn\u00edho ok\u00fdnka na fa\u0159e panu Str\u00e1nsk\u00e9mu.<\/p>\n<p>\u2022<span style=\"white-space:pre\">\t<\/span>V Holet\u00ednsk\u00e9 kapli byly do oken instalov\u00e1ny UV folie proti slune\u010dn\u00edmu z\u00e1\u0159en\u00ed. Prob\u00edhaj\u00ed restaur\u00e1torsk\u00e9 pr\u00e1ce na so\u0161e sv. Jana K\u0159titele.<\/p>\n<p>\u2022<span style=\"white-space:pre\">\t<\/span>O \u010dem p\u00ed\u0161e Katolick\u00fd t\u00fdden\u00edk: Putov\u00e1n\u00ed sochy Panny Marie Fatimsk\u00e9; T\u00e9ma: Kurzy Alfa; Perspektivy: Touhy sv. Terezie z Lisieux; rozhovor s Helenou V\u00e1lkovou; Doma: Kdy\u017e odch\u00e1zej\u00ed s\u00edly.<\/p>\n","protected":false},"excerpt":{"rendered":"<p>\u2022 D\u011bkuji v\u0161em farn\u00edk\u016f, kte\u0159\u00ed p\u0159ipravili Svatov\u00e1clavsk\u00fd ples! D\u011bkuji za dary do tomboly! \u2022 M\u0161e svat\u00e9: v p\u00e1tek v 18:00 h s litaniemi k S.J., v ned\u011bli v 8 h Proset\u00edn, 9:30 h Ran\u00e1. \u2022 Ve st\u0159edu adorace od 20 <a class=\"more-link\" href=\"https:\/\/www.farnostrana.cz\/?p=351\">Cel\u00fd \u010dl\u00e1nek  <span class=\"screen-reader-text\">  Ohl\u00e1\u0161ky o 26. ned\u011bli v mezidob\u00ed 1. 10. 2017<\/span><span class=\"meta-nav\">&rarr;<\/span><\/a><\/p>\n","protected":false},"author":1,"featured_media":0,"comment_status":"closed","ping_status":"open","sticky":false,"template":"","format":"standard","meta":{"_monsterinsights_skip_tracking":false,"_monsterinsights_sitenote_active":false,"_monsterinsights_sitenote_note":"","_monsterinsights_sitenote_category":0,"footnotes":""},"categories":[3],"tags":[],"class_list":["post-351","post","type-post","status-publish","format-standard","hentry","category-ohlasky"],"_links":{"self":[{"href":"https:\/\/www.farnostrana.cz\/index.php?rest_route=\/wp\/v2\/posts\/351","targetHints":{"allow":["GET"]}}],"collection":[{"href":"https:\/\/www.farnostrana.cz\/index.php?rest_route=\/wp\/v2\/posts"}],"about":[{"href":"https:\/\/www.farnostrana.cz\/index.php?rest_route=\/wp\/v2\/types\/post"}],"author":[{"embeddable":true,"href":"https:\/\/www.farnostrana.cz\/index.php?rest_route=\/wp\/v2\/users\/1"}],"replies":[{"embeddable":true,"href":"https:\/\/www.farnostrana.cz\/index.php?rest_route=%2Fwp%2Fv2%2Fcomments&post=351"}],"version-history":[{"count":1,"href":"https:\/\/www.farnostrana.cz\/index.php?rest_route=\/wp\/v2\/posts\/351\/revisions"}],"predecessor-version":[{"id":352,"href":"https:\/\/www.farnostrana.cz\/index.php?rest_route=\/wp\/v2\/posts\/351\/revisions\/352"}],"wp:attachment":[{"href":"https:\/\/www.farnostrana.cz\/index.php?rest_route=%2Fwp%2Fv2%2Fmedia&parent=351"}],"wp:term":[{"taxonomy":"category","embeddable":true,"href":"https:\/\/www.farnostrana.cz\/index.php?rest_route=%2Fwp%2Fv2%2Fcategories&post=351"},{"taxonomy":"post_tag","embeddable":true,"href":"https:\/\/www.farnostrana.cz\/index.php?rest_route=%2Fwp%2Fv2%2Ftags&post=351"}],"curies":[{"name":"wp","href":"https:\/\/api.w.org\/{rel}","templated":true}]}}