{"id":349,"date":"2017-09-24T11:46:22","date_gmt":"2017-09-24T09:46:22","guid":{"rendered":"http:\/\/www.farnostrana.cz\/?p=349"},"modified":"2017-09-24T11:46:22","modified_gmt":"2017-09-24T09:46:22","slug":"ohlasky-o-slavnosti-birmovani-24-9-2017","status":"publish","type":"post","link":"https:\/\/www.farnostrana.cz\/?p=349","title":{"rendered":"Ohl\u00e1\u0161ky o slavnosti Bi\u0159mov\u00e1n\u00ed 24. 9. 2017"},"content":{"rendered":"<p>\u2022<span style=\"white-space: pre;\">\t<\/span>D\u011bkuji v\u0161em farn\u00edk\u016f, kte\u0159\u00ed p\u0159ipravili tuto slavnost, od \u00faklidu, ob\u010derstven\u00ed, liturgii i program Farn\u00edho dne! D\u011bkuji tak\u00e9 za modlitebn\u00ed p\u0159\u00edpravu. P\u00e1n B\u016fh zapla\u0165!<\/p>\n<p>\u2022<span style=\"white-space:pre\">\t<\/span>Po skon\u010den\u00ed bohoslu\u017eby jste v\u0161ichni zv\u00e1ni na Farn\u00ed den: ve farn\u00ed stodole si m\u016f\u017eete prohl\u00e9dnout n\u00e1vrh rekonstrukce t\u011bchto prostor, v kin\u011b se m\u016f\u017eete ob\u010derstvit a setkat se v\u0161emi. B\u011bhem odpoledne vystoup\u00ed d\u011bti a ml\u00e1de\u017e s uk\u00e1zkami z pr\u00e1zdnin. P\u0159edem d\u011bkuji z p\u0159\u00edsp\u011bvek na n\u00e1klady, kter\u00fd m\u016f\u017eete zanechat v pokladni\u010dce v kin\u011b.<\/p>\n<p>\u2022<span style=\"white-space:pre\">\t<\/span>M\u0161e svat\u00e9: ve \u010dtvrtek na sv. V\u00e1clava v 8 h, v p\u00e1tek v 18:00 h, v ned\u011bli v 8 h Holet\u00edn, 9:30 h Ran\u00e1 a v 11 h Rad\u010dice.<\/p>\n<p>\u2022<span style=\"white-space:pre\">\t<\/span>Sb\u00edrka na c\u00edrkevn\u00ed \u0161kolstv\u00ed vynesla 5 085K\u010d. P\u00e1n B\u016fh zapla\u0165!<\/p>\n<p>\u2022<span style=\"white-space:pre\">\t<\/span>Ve Skut\u010di maluj\u00ed farn\u00ed kostel; v\u0161echny m\u0161e budou v doln\u00edm kostele. Zpov\u00eddat se tam bude v z\u00e1kristii.<\/p>\n<p>\u2022<span style=\"white-space:pre\">\t<\/span>Setk\u00e1n\u00ed z\u00e1stupc\u016f Ekonomick\u00fdch rad farnosti a z\u00e1jemc\u016f o financov\u00e1n\u00ed c\u00edrkve bude v pond\u011bl\u00ed 25.9. v 16 h v Hradci Kr\u00e1lov\u00e9 v Nov\u00e9m Adalbertinu.<\/p>\n<p>\u2022<span style=\"white-space:pre\">\t<\/span>Svatov\u00e1clavsk\u00fd ples v sobotu 30.9. ve 20 h ve Vojt\u011bchov\u011b. Pozv\u011bte v\u0161echny sv\u00e9 zn\u00e1m\u00e9! Pros\u00edm o dary do tomboly!<\/p>\n<p>\u2022<span style=\"white-space:pre\">\t<\/span>O \u010dem p\u00ed\u0161e Katolick\u00fd t\u00fdden\u00edk: Fatimsk\u00e9 poselstv\u00ed v \u010cesku; P\u0159edvolebn\u00ed seri\u00e1l; T\u00e9ma: Akademick\u00e9 farnosti; Perspektivy: V\u010dela\u0159en\u00ed a duchovn\u00ed \u017eivot; rozhovor s Markem Bendou; Doma: Ob\u011bdy zdarma.<\/p>\n","protected":false},"excerpt":{"rendered":"<p>\u2022 D\u011bkuji v\u0161em farn\u00edk\u016f, kte\u0159\u00ed p\u0159ipravili tuto slavnost, od \u00faklidu, ob\u010derstven\u00ed, liturgii i program Farn\u00edho dne! D\u011bkuji tak\u00e9 za modlitebn\u00ed p\u0159\u00edpravu. P\u00e1n B\u016fh zapla\u0165! \u2022 Po skon\u010den\u00ed bohoslu\u017eby jste v\u0161ichni zv\u00e1ni na Farn\u00ed den: ve farn\u00ed stodole si m\u016f\u017eete prohl\u00e9dnout <a class=\"more-link\" href=\"https:\/\/www.farnostrana.cz\/?p=349\">Cel\u00fd \u010dl\u00e1nek  <span class=\"screen-reader-text\">  Ohl\u00e1\u0161ky o slavnosti Bi\u0159mov\u00e1n\u00ed 24. 9. 2017<\/span><span class=\"meta-nav\">&rarr;<\/span><\/a><\/p>\n","protected":false},"author":1,"featured_media":0,"comment_status":"closed","ping_status":"open","sticky":false,"template":"","format":"standard","meta":{"_monsterinsights_skip_tracking":false,"_monsterinsights_sitenote_active":false,"_monsterinsights_sitenote_note":"","_monsterinsights_sitenote_category":0,"footnotes":""},"categories":[3],"tags":[],"class_list":["post-349","post","type-post","status-publish","format-standard","hentry","category-ohlasky"],"_links":{"self":[{"href":"https:\/\/www.farnostrana.cz\/index.php?rest_route=\/wp\/v2\/posts\/349","targetHints":{"allow":["GET"]}}],"collection":[{"href":"https:\/\/www.farnostrana.cz\/index.php?rest_route=\/wp\/v2\/posts"}],"about":[{"href":"https:\/\/www.farnostrana.cz\/index.php?rest_route=\/wp\/v2\/types\/post"}],"author":[{"embeddable":true,"href":"https:\/\/www.farnostrana.cz\/index.php?rest_route=\/wp\/v2\/users\/1"}],"replies":[{"embeddable":true,"href":"https:\/\/www.farnostrana.cz\/index.php?rest_route=%2Fwp%2Fv2%2Fcomments&post=349"}],"version-history":[{"count":1,"href":"https:\/\/www.farnostrana.cz\/index.php?rest_route=\/wp\/v2\/posts\/349\/revisions"}],"predecessor-version":[{"id":350,"href":"https:\/\/www.farnostrana.cz\/index.php?rest_route=\/wp\/v2\/posts\/349\/revisions\/350"}],"wp:attachment":[{"href":"https:\/\/www.farnostrana.cz\/index.php?rest_route=%2Fwp%2Fv2%2Fmedia&parent=349"}],"wp:term":[{"taxonomy":"category","embeddable":true,"href":"https:\/\/www.farnostrana.cz\/index.php?rest_route=%2Fwp%2Fv2%2Fcategories&post=349"},{"taxonomy":"post_tag","embeddable":true,"href":"https:\/\/www.farnostrana.cz\/index.php?rest_route=%2Fwp%2Fv2%2Ftags&post=349"}],"curies":[{"name":"wp","href":"https:\/\/api.w.org\/{rel}","templated":true}]}}