{"id":344,"date":"2017-09-18T07:15:03","date_gmt":"2017-09-18T05:15:03","guid":{"rendered":"http:\/\/www.farnostrana.cz\/?p=344"},"modified":"2017-09-18T07:15:03","modified_gmt":"2017-09-18T05:15:03","slug":"ohlasky-o-24-nedeli-v-mezidobi-17-9-2017","status":"publish","type":"post","link":"https:\/\/www.farnostrana.cz\/?p=344","title":{"rendered":"Ohl\u00e1\u0161ky o 24. ned\u011bli v mezidob\u00ed 17. 9. 2017"},"content":{"rendered":"<ul>\n<li>M\u0161e svat\u00e9:<strong> v\u00a0p\u00e1tek v\u00a018:00 h, v\u00a0ned\u011bli v 9:30 h.<\/strong><\/li>\n<li>Dnes po m\u0161i ministrantsk\u00e1 sch\u016fzka.<\/li>\n<li><strong>Dne\u0161n\u00ed sb\u00edrka je na c\u00edrkevn\u00ed \u0161kolstv\u00ed.<\/strong><\/li>\n<li><strong>D\u011bkuji Skaut\u016fm za pr\u00e1ci na p\u0159edzahr\u00e1dce fary.<\/strong><\/li>\n<li>Bi\u0159mov\u00e1n\u00ed:<strong> p\u0159\u00edprava prostor v\u00a0sobotu 23.9. od 14 h a v\u00a0ned\u011bli od 8 h. Zpov\u00edd\u00e1n\u00ed <\/strong>pro v\u0161echny v\u00a0p\u00e1tek ve\u010der 22.9., bi\u0159movanci s\u00a0kmotry v\u00a0sobotu ve Skut\u010di.<strong> Slavnost bi\u0159mov\u00e1n\u00ed za\u010dne ve 14 h. P\u0159edn\u00ed 2 lavice budou vyhrazeny pro bi\u0159movance a kmotry. <\/strong>Po liturgii bude na farn\u00ed zahrad\u011b ob\u010derstven\u00ed. D\u011bti a ml\u00e1de\u017e pros\u00edm o program. Prob\u00edh\u00e1 <strong>NOVENA k\u00a0Duchu svat\u00e9mu<\/strong> jako p\u0159\u00edprava na bi\u0159mov\u00e1n\u00ed \u2013 ka\u017ed\u00fd se denn\u011b pomodl\u00ed jednu z\u00a0modliteb k\u00a0D.S.<\/li>\n<li><strong>Koncert Schola Gregoriana Pragensis s\u00a0Davidem Ebenem ve Skut\u010di 19.9.2017 v\u00a019 h v\u00a0kostele Nanebevzet\u00ed Panny Marie. <\/strong>P\u0159edprodej l\u00edstk\u016f <u>zde v\u00a0sakristii<\/u>, nebo ve Skut\u010di v\u00a0kv\u011btin\u00e1\u0159stv\u00ed a na fa\u0159e.<\/li>\n<li><strong>Setk\u00e1n\u00ed z\u00e1stupc\u016f Ekonomick\u00fdch rad farnosti a z\u00e1jemc\u016f o financov\u00e1n\u00ed c\u00edrkve <\/strong>bude v\u00a0pond\u011bl\u00ed 25.9. v\u00a016 h v\u00a0Hradci Kr\u00e1lov\u00e9 v\u00a0Nov\u00e9m Adalbertinu.<\/li>\n<li><strong>Svatov\u00e1clavsk\u00fd ples v\u00a0sobotu 30.9. ve 20 h ve Vojt\u011bchov\u011b. Pozv\u011bte v\u0161echny sv\u00e9 zn\u00e1m\u00e9! Pros\u00edm o dary do tomboly!<\/strong><\/li>\n<li><strong>O \u010dem p\u00ed\u0161e Katolick\u00fd t\u00fdden\u00edk:<\/strong> Pape\u017e Franti\u0161ek v\u00a0Kolumbii; N\u00e1rodn\u00ed pou\u0165 ve Fatim\u011b; T\u00e9ma: Fale\u0161n\u00e9 zpr\u00e1vy; Perspektivy: Evropa pot\u0159ebuje kvas v\u00edry; rozhovor s\u00a0Milanem Hejn\u00fdm; Doma: Z\u00e1zem\u00ed domova<\/li>\n<\/ul>\n","protected":false},"excerpt":{"rendered":"<p>M\u0161e svat\u00e9: v\u00a0p\u00e1tek v\u00a018:00 h, v\u00a0ned\u011bli v 9:30 h. Dnes po m\u0161i ministrantsk\u00e1 sch\u016fzka. Dne\u0161n\u00ed sb\u00edrka je na c\u00edrkevn\u00ed \u0161kolstv\u00ed. D\u011bkuji Skaut\u016fm za pr\u00e1ci na p\u0159edzahr\u00e1dce fary. Bi\u0159mov\u00e1n\u00ed: p\u0159\u00edprava prostor v\u00a0sobotu 23.9. od 14 h a v\u00a0ned\u011bli od 8 h. <a class=\"more-link\" href=\"https:\/\/www.farnostrana.cz\/?p=344\">Cel\u00fd \u010dl\u00e1nek  <span class=\"screen-reader-text\">  Ohl\u00e1\u0161ky o 24. ned\u011bli v mezidob\u00ed 17. 9. 2017<\/span><span class=\"meta-nav\">&rarr;<\/span><\/a><\/p>\n","protected":false},"author":1,"featured_media":0,"comment_status":"closed","ping_status":"open","sticky":false,"template":"","format":"standard","meta":{"_monsterinsights_skip_tracking":false,"_monsterinsights_sitenote_active":false,"_monsterinsights_sitenote_note":"","_monsterinsights_sitenote_category":0,"footnotes":""},"categories":[3],"tags":[],"class_list":["post-344","post","type-post","status-publish","format-standard","hentry","category-ohlasky"],"_links":{"self":[{"href":"https:\/\/www.farnostrana.cz\/index.php?rest_route=\/wp\/v2\/posts\/344","targetHints":{"allow":["GET"]}}],"collection":[{"href":"https:\/\/www.farnostrana.cz\/index.php?rest_route=\/wp\/v2\/posts"}],"about":[{"href":"https:\/\/www.farnostrana.cz\/index.php?rest_route=\/wp\/v2\/types\/post"}],"author":[{"embeddable":true,"href":"https:\/\/www.farnostrana.cz\/index.php?rest_route=\/wp\/v2\/users\/1"}],"replies":[{"embeddable":true,"href":"https:\/\/www.farnostrana.cz\/index.php?rest_route=%2Fwp%2Fv2%2Fcomments&post=344"}],"version-history":[{"count":1,"href":"https:\/\/www.farnostrana.cz\/index.php?rest_route=\/wp\/v2\/posts\/344\/revisions"}],"predecessor-version":[{"id":345,"href":"https:\/\/www.farnostrana.cz\/index.php?rest_route=\/wp\/v2\/posts\/344\/revisions\/345"}],"wp:attachment":[{"href":"https:\/\/www.farnostrana.cz\/index.php?rest_route=%2Fwp%2Fv2%2Fmedia&parent=344"}],"wp:term":[{"taxonomy":"category","embeddable":true,"href":"https:\/\/www.farnostrana.cz\/index.php?rest_route=%2Fwp%2Fv2%2Fcategories&post=344"},{"taxonomy":"post_tag","embeddable":true,"href":"https:\/\/www.farnostrana.cz\/index.php?rest_route=%2Fwp%2Fv2%2Ftags&post=344"}],"curies":[{"name":"wp","href":"https:\/\/api.w.org\/{rel}","templated":true}]}}