{"id":337,"date":"2017-09-09T22:00:59","date_gmt":"2017-09-09T20:00:59","guid":{"rendered":"http:\/\/www.farnostrana.cz\/?p=337"},"modified":"2017-09-09T22:00:59","modified_gmt":"2017-09-09T20:00:59","slug":"ohlasky-o-23-nedeli-v-mezidobi-10-9-2017","status":"publish","type":"post","link":"https:\/\/www.farnostrana.cz\/?p=337","title":{"rendered":"Ohl\u00e1\u0161ky o 23. ned\u011bli v mezidob\u00ed 10. 9. 2017"},"content":{"rendered":"<p>\u2022<span style=\"white-space: pre;\">\t<\/span>Bi\u0159movance pros\u00edm o sch\u016fzku dnes po m\u0161i sv. na fa\u0159e.<br \/>\n\u2022<span style=\"white-space:pre\">\t<\/span>M\u0161e svat\u00e9: v p\u00e1tek v 18:00 h, v ned\u011bli v 9:30 h.<\/p>\n<p>\u2022<span style=\"white-space:pre\">\t<\/span>P\u0159\u00ed\u0161t\u00ed ned\u011bli bude m\u0161e sv. zam\u011b\u0159en\u00e1 pro d\u011bti. Po m\u0161i ministrantsk\u00e1 sch\u016fzka.<\/p>\n<p>\u2022<span style=\"white-space:pre\">\t<\/span>Sb\u00edrka na c\u00edrkevn\u00ed \u0161kolstv\u00ed p\u0159\u00ed\u0161t\u00ed ned\u011bli.<\/p>\n<p>\u2022<span style=\"white-space:pre\">\t<\/span>Chemick\u00fd z\u00e1chod u kostela je ji\u017e v provozu. Bude pravideln\u011b vyv\u00e1\u017een firmou.<\/p>\n<p>\u2022<span style=\"white-space:pre\">\t<\/span>V\u00fduka n\u00e1bo\u017eenstv\u00ed za\u010dne od 14.9. Rozvrh v tabulce. P\u0159ihla\u0161ov\u00e1n\u00ed bu\u010f elektronicky, nebo pap\u00edrov\u00e9 p\u0159ihl\u00e1\u0161ky v kostele.&nbsp;<\/p>\n<p>\u2022<span style=\"white-space:pre\">\t<\/span>Koncert Schola Gregoriana Pragensis s Davidem Ebenem ve Skut\u010di 19.9.2017 v 19 h v kostele Nanebevzet\u00ed Panny Marie. P\u0159edprodej l\u00edstk\u016f zde v sakristii, nebo ve Skut\u010di v kv\u011btin\u00e1\u0159stv\u00ed a na fa\u0159e.<\/p>\n<p>\u2022<span style=\"white-space:pre\">\t<\/span>Bi\u0159mov\u00e1n\u00ed: p\u0159\u00edprava prostor v sobotu 23.9. od 14 h&nbsp; a v ned\u011bli od 8 h. Zpov\u00edd\u00e1n\u00ed pro v\u0161echny v p\u00e1tek ve\u010der 22.9., bi\u0159movanci s kmotry v sobotu ve Skut\u010di. Slavnost bi\u0159mov\u00e1n\u00ed za\u010dne ve 14 h. Po liturgii bude na farn\u00ed zahrad\u011b ob\u010derstven\u00ed. D\u011bti a ml\u00e1de\u017e pros\u00edm o program.<\/p>\n<p>\u2022<span style=\"white-space:pre\">\t<\/span>Setk\u00e1n\u00ed z\u00e1stupc\u016f Ekonomick\u00fdch rad farnosti a z\u00e1jemc\u016f o financov\u00e1n\u00ed c\u00edrkve bude v pond\u011bl\u00ed 25.9. v 16 h v Hradci Kr\u00e1lov\u00e9 v Nov\u00e9m Adalbertinu.<\/p>\n<p>\u2022<span style=\"white-space:pre\">\t<\/span>Svatov\u00e1clavsk\u00fd ples v sobotu 30.9. ve 20 h ve Vojt\u011bchov\u011b. Pozv\u011bte v\u0161echny sv\u00e9 zn\u00e1m\u00e9! Pros\u00edm o dary do tomboly!<\/p>\n<p>\u2022<span style=\"white-space:pre\">\t<\/span>O \u010dem p\u00ed\u0161e Katolick\u00fd t\u00fdden\u00edk: \u010cesk\u00e1 pomoc po hurik\u00e1nu; T\u00e9ma: Za\u010d\u00ednat znova; Perspektivy: V\u00edra ve \u0161kole; rozhovor s P.Benediktem Holotou; Doma: D\u011bt\u0161t\u00ed svat\u00ed.<\/p>\n","protected":false},"excerpt":{"rendered":"<p>\u2022 Bi\u0159movance pros\u00edm o sch\u016fzku dnes po m\u0161i sv. na fa\u0159e. \u2022 M\u0161e svat\u00e9: v p\u00e1tek v 18:00 h, v ned\u011bli v 9:30 h. \u2022 P\u0159\u00ed\u0161t\u00ed ned\u011bli bude m\u0161e sv. zam\u011b\u0159en\u00e1 pro d\u011bti. Po m\u0161i ministrantsk\u00e1 sch\u016fzka. \u2022 Sb\u00edrka na <a class=\"more-link\" href=\"https:\/\/www.farnostrana.cz\/?p=337\">Cel\u00fd \u010dl\u00e1nek  <span class=\"screen-reader-text\">  Ohl\u00e1\u0161ky o 23. ned\u011bli v mezidob\u00ed 10. 9. 2017<\/span><span class=\"meta-nav\">&rarr;<\/span><\/a><\/p>\n","protected":false},"author":1,"featured_media":0,"comment_status":"closed","ping_status":"open","sticky":false,"template":"","format":"standard","meta":{"_monsterinsights_skip_tracking":false,"_monsterinsights_sitenote_active":false,"_monsterinsights_sitenote_note":"","_monsterinsights_sitenote_category":0,"footnotes":""},"categories":[3],"tags":[],"class_list":["post-337","post","type-post","status-publish","format-standard","hentry","category-ohlasky"],"_links":{"self":[{"href":"https:\/\/www.farnostrana.cz\/index.php?rest_route=\/wp\/v2\/posts\/337","targetHints":{"allow":["GET"]}}],"collection":[{"href":"https:\/\/www.farnostrana.cz\/index.php?rest_route=\/wp\/v2\/posts"}],"about":[{"href":"https:\/\/www.farnostrana.cz\/index.php?rest_route=\/wp\/v2\/types\/post"}],"author":[{"embeddable":true,"href":"https:\/\/www.farnostrana.cz\/index.php?rest_route=\/wp\/v2\/users\/1"}],"replies":[{"embeddable":true,"href":"https:\/\/www.farnostrana.cz\/index.php?rest_route=%2Fwp%2Fv2%2Fcomments&post=337"}],"version-history":[{"count":1,"href":"https:\/\/www.farnostrana.cz\/index.php?rest_route=\/wp\/v2\/posts\/337\/revisions"}],"predecessor-version":[{"id":338,"href":"https:\/\/www.farnostrana.cz\/index.php?rest_route=\/wp\/v2\/posts\/337\/revisions\/338"}],"wp:attachment":[{"href":"https:\/\/www.farnostrana.cz\/index.php?rest_route=%2Fwp%2Fv2%2Fmedia&parent=337"}],"wp:term":[{"taxonomy":"category","embeddable":true,"href":"https:\/\/www.farnostrana.cz\/index.php?rest_route=%2Fwp%2Fv2%2Fcategories&post=337"},{"taxonomy":"post_tag","embeddable":true,"href":"https:\/\/www.farnostrana.cz\/index.php?rest_route=%2Fwp%2Fv2%2Ftags&post=337"}],"curies":[{"name":"wp","href":"https:\/\/api.w.org\/{rel}","templated":true}]}}