{"id":304,"date":"2017-07-09T21:58:37","date_gmt":"2017-07-09T19:58:37","guid":{"rendered":"http:\/\/www.farnostrana.cz\/?p=304"},"modified":"2017-07-09T21:58:37","modified_gmt":"2017-07-09T19:58:37","slug":"ohlasky-o-14-nedeli-v-mezidobi-2-7-2017","status":"publish","type":"post","link":"https:\/\/www.farnostrana.cz\/?p=304","title":{"rendered":"Ohl\u00e1\u0161ky o 14. ned\u011bli v mezidob\u00ed 2. 7. 2017"},"content":{"rendered":"<p>\u2022<span style=\"white-space: pre;\">\t<\/span>Od 10. do 21.7. m\u00e1 P. Ond\u0159ej dovolenou. Zastupuje v nal\u00e9hav\u00fdch p\u0159\u00edpadech P. Milan Vrbiak z Hlinska. Po dobu dovolen\u00e9 bude na fa\u0159e n\u00e1v\u0161t\u011bva 13. \u2013 16.7. Matej Novotn\u00fd s rodinou, 16.7. \u2013 21.7. Jitka Smutn\u00e1 s vnou\u010daty.<\/p>\n<p>\u2022<span style=\"white-space:pre\">\t<\/span>M\u0161e svat\u00e9: v p\u00e1tek 14.7. nebude. V ned\u011bli 16.7. v 11 h bude slou\u017eit P.Pavel H\u00e1jek. V p\u00e1tek 21.7. v 18 h ji\u017e pan far\u00e1\u0159.&nbsp;<\/p>\n<p>\u2022<span style=\"white-space:pre\">\t<\/span>K\u0159ty: v ned\u011bli 23.7. Aneta Pavli\u0161ov\u00e1 a Martin \u0160ikl.<\/p>\n<p>\u2022<span style=\"white-space:pre\">\t<\/span>D\u011bkuji skaut\u016fm za dokon\u010den\u00ed plotu farn\u00ed zahrady!<\/p>\n<p>\u2022<span style=\"white-space:pre\">\t<\/span>Farn\u00ed t\u00e1bor od 30.7 do 5.8. \u2013 p\u0159ihl\u00e1\u0161ky na stole\u010dku. Po\u0161lete sv\u00e9 d\u011bti od 1. do 8. t\u0159\u00eddy!<\/p>\n<p>\u2022<span style=\"white-space:pre\">\t<\/span>Setk\u00e1n\u00ed ml\u00e1de\u017ee v Olomouci \u2013 mlad\u00ed p\u0159\u00e1tel\u00e9, je nejvy\u0161\u0161\u00ed \u010das se p\u0159ihl\u00e1sit! Jedu s v\u00e1mi.<\/p>\n<p>\u2022<span style=\"white-space:pre\">\t<\/span>O \u010dem p\u00ed\u0161e Katolick\u00fd t\u00fdden\u00edk: Pozv\u00e1n\u00ed na Velehradskou pou\u0165; Charismatick\u00e1 konference; ohl\u00e9dnut\u00ed za Helmutem Kohlem; Pout\u011b v exilu; p\u0159\u00edloha Perspektivy a L\u00e9to s KT.<\/p>\n<p>P\u0159eji v\u0161em d\u011btem kr\u00e1sn\u00e9 pr\u00e1zdniny, dosp\u011bl\u00fdm hezkou dovolenou, a ochranu Panny Marie a sv. Jakuba na v\u0161ech cest\u00e1ch<\/p>\n","protected":false},"excerpt":{"rendered":"<p>\u2022 Od 10. do 21.7. m\u00e1 P. Ond\u0159ej dovolenou. Zastupuje v nal\u00e9hav\u00fdch p\u0159\u00edpadech P. Milan Vrbiak z Hlinska. Po dobu dovolen\u00e9 bude na fa\u0159e n\u00e1v\u0161t\u011bva 13. \u2013 16.7. Matej Novotn\u00fd s rodinou, 16.7. \u2013 21.7. Jitka Smutn\u00e1 s vnou\u010daty. \u2022 <a class=\"more-link\" href=\"https:\/\/www.farnostrana.cz\/?p=304\">Cel\u00fd \u010dl\u00e1nek  <span class=\"screen-reader-text\">  Ohl\u00e1\u0161ky o 14. ned\u011bli v mezidob\u00ed 2. 7. 2017<\/span><span class=\"meta-nav\">&rarr;<\/span><\/a><\/p>\n","protected":false},"author":1,"featured_media":0,"comment_status":"closed","ping_status":"open","sticky":false,"template":"","format":"standard","meta":{"_monsterinsights_skip_tracking":false,"_monsterinsights_sitenote_active":false,"_monsterinsights_sitenote_note":"","_monsterinsights_sitenote_category":0,"footnotes":""},"categories":[3],"tags":[],"class_list":["post-304","post","type-post","status-publish","format-standard","hentry","category-ohlasky"],"_links":{"self":[{"href":"https:\/\/www.farnostrana.cz\/index.php?rest_route=\/wp\/v2\/posts\/304","targetHints":{"allow":["GET"]}}],"collection":[{"href":"https:\/\/www.farnostrana.cz\/index.php?rest_route=\/wp\/v2\/posts"}],"about":[{"href":"https:\/\/www.farnostrana.cz\/index.php?rest_route=\/wp\/v2\/types\/post"}],"author":[{"embeddable":true,"href":"https:\/\/www.farnostrana.cz\/index.php?rest_route=\/wp\/v2\/users\/1"}],"replies":[{"embeddable":true,"href":"https:\/\/www.farnostrana.cz\/index.php?rest_route=%2Fwp%2Fv2%2Fcomments&post=304"}],"version-history":[{"count":1,"href":"https:\/\/www.farnostrana.cz\/index.php?rest_route=\/wp\/v2\/posts\/304\/revisions"}],"predecessor-version":[{"id":305,"href":"https:\/\/www.farnostrana.cz\/index.php?rest_route=\/wp\/v2\/posts\/304\/revisions\/305"}],"wp:attachment":[{"href":"https:\/\/www.farnostrana.cz\/index.php?rest_route=%2Fwp%2Fv2%2Fmedia&parent=304"}],"wp:term":[{"taxonomy":"category","embeddable":true,"href":"https:\/\/www.farnostrana.cz\/index.php?rest_route=%2Fwp%2Fv2%2Fcategories&post=304"},{"taxonomy":"post_tag","embeddable":true,"href":"https:\/\/www.farnostrana.cz\/index.php?rest_route=%2Fwp%2Fv2%2Ftags&post=304"}],"curies":[{"name":"wp","href":"https:\/\/api.w.org\/{rel}","templated":true}]}}