{"id":300,"date":"2017-06-24T21:12:26","date_gmt":"2017-06-24T19:12:26","guid":{"rendered":"http:\/\/www.farnostrana.cz\/?p=300"},"modified":"2017-06-24T21:13:34","modified_gmt":"2017-06-24T19:13:34","slug":"ohlasky-o-12-nedeli-v-mezidobi-25-6-2017","status":"publish","type":"post","link":"https:\/\/www.farnostrana.cz\/?p=300","title":{"rendered":"Ohl\u00e1\u0161ky o 12. ned\u011bli v mezidob\u00ed 25. 6. 2017"},"content":{"rendered":"<p>\u2022<span class=\"Apple-tab-span\" style=\"white-space: pre;\">\t<\/span>Dnes po m\u0161i sv. bude d\u00e1vat novokn\u011b\u017esk\u00e9 po\u017eehn\u00e1n\u00ed P. Petr Soukal. Sb\u00edrka je na Charitu.<\/p>\n<p>\u2022<span class=\"Apple-tab-span\" style=\"white-space:pre\">\t<\/span>V 11:30 budou k\u0159tiny B\u011bty Barbory Pe\u0161kov\u00e9 a Karol\u00edny Ludmily Cahov\u00e9.<\/p>\n<p>\u2022<span class=\"Apple-tab-span\" style=\"white-space:pre\">\t<\/span>Bo\u017e\u00ed T\u011blo: D\u011bkuji \u0161vem, kdo kr\u00e1sn\u011b p\u0159ipravili olt\u00e1\u0159e a liturgii.&nbsp;<\/p>\n<p>\u2022<span class=\"Apple-tab-span\" style=\"white-space:pre\">\t<\/span>M\u0161e svat\u00e9 v tomto t\u00fddnu: ve \u010dtvrtek na sv\u00e1tek apo\u0161tol\u016f sv. Petra a Pavla v 18 h, v p\u00e1tek nebude. V ned\u011bli v 8 h Holet\u00edn a v 9:30 v Ran\u00e9. V sobotu v 11:30 svatba.&nbsp;<\/p>\n<p>\u2022<span class=\"Apple-tab-span\" style=\"white-space:pre\">\t<\/span>Dnes vych\u00e1z\u00ed nov\u00e9 \u010d\u00edslo Zpravodaje na\u0161ich farnost\u00ed. D\u011bkuji v\u0161em p\u0159isp\u011bvatel\u016fm i redaktor\u016fm!<\/p>\n<p>\u2022<span class=\"Apple-tab-span\" style=\"white-space:pre\">\t<\/span>Stavba plotu farn\u00ed zahrady \u2013 posledn\u00ed brig\u00e1da ve st\u0159edu od 16 h.&nbsp;<\/p>\n<p>\u2022<span class=\"Apple-tab-span\" style=\"white-space:pre\">\t<\/span>Farn\u00ed t\u00e1bor od 30.7 do 5.8. \u2013 p\u0159ihl\u00e1\u0161ky na stole\u010dku. Po\u0161lete sv\u00e9 d\u011bti od 1. do 8. t\u0159\u00eddy!<\/p>\n<p>\u2022<span class=\"Apple-tab-span\" style=\"white-space:pre\">\t<\/span>Setk\u00e1n\u00ed ml\u00e1de\u017ee v Olomouci \u2013 mlad\u00ed p\u0159\u00e1tel\u00e9, je nejvy\u0161\u0161\u00ed \u010das se p\u0159ihl\u00e1sit! Jedu s v\u00e1mi.<\/p>\n<p>\u2022<span class=\"Apple-tab-span\" style=\"white-space:pre\">\t<\/span>O \u010dem p\u00ed\u0161e Katolick\u00fd t\u00fdden\u00edk: Svat\u00fd otec proti korupci; T\u00e9ma: Lidov\u00e1 zbo\u017enost; n\u00e1v\u0161t\u011bva \u010d\u00ednsk\u00e9ho kardin\u00e1la; rozhovor s l\u00e9ka\u0159em Vladim\u00edrem Kr\u010dm\u00e9rym.<\/p>\n","protected":false},"excerpt":{"rendered":"<p>\u2022 Dnes po m\u0161i sv. bude d\u00e1vat novokn\u011b\u017esk\u00e9 po\u017eehn\u00e1n\u00ed P. Petr Soukal. Sb\u00edrka je na Charitu. \u2022 V 11:30 budou k\u0159tiny B\u011bty Barbory Pe\u0161kov\u00e9 a Karol\u00edny Ludmily Cahov\u00e9. \u2022 Bo\u017e\u00ed T\u011blo: D\u011bkuji \u0161vem, kdo kr\u00e1sn\u011b p\u0159ipravili olt\u00e1\u0159e a liturgii.&nbsp; \u2022 <a class=\"more-link\" href=\"https:\/\/www.farnostrana.cz\/?p=300\">Cel\u00fd \u010dl\u00e1nek  <span class=\"screen-reader-text\">  Ohl\u00e1\u0161ky o 12. ned\u011bli v mezidob\u00ed 25. 6. 2017<\/span><span class=\"meta-nav\">&rarr;<\/span><\/a><\/p>\n","protected":false},"author":1,"featured_media":0,"comment_status":"closed","ping_status":"open","sticky":false,"template":"","format":"standard","meta":{"_monsterinsights_skip_tracking":false,"_monsterinsights_sitenote_active":false,"_monsterinsights_sitenote_note":"","_monsterinsights_sitenote_category":0,"footnotes":""},"categories":[3],"tags":[],"class_list":["post-300","post","type-post","status-publish","format-standard","hentry","category-ohlasky"],"_links":{"self":[{"href":"https:\/\/www.farnostrana.cz\/index.php?rest_route=\/wp\/v2\/posts\/300","targetHints":{"allow":["GET"]}}],"collection":[{"href":"https:\/\/www.farnostrana.cz\/index.php?rest_route=\/wp\/v2\/posts"}],"about":[{"href":"https:\/\/www.farnostrana.cz\/index.php?rest_route=\/wp\/v2\/types\/post"}],"author":[{"embeddable":true,"href":"https:\/\/www.farnostrana.cz\/index.php?rest_route=\/wp\/v2\/users\/1"}],"replies":[{"embeddable":true,"href":"https:\/\/www.farnostrana.cz\/index.php?rest_route=%2Fwp%2Fv2%2Fcomments&post=300"}],"version-history":[{"count":1,"href":"https:\/\/www.farnostrana.cz\/index.php?rest_route=\/wp\/v2\/posts\/300\/revisions"}],"predecessor-version":[{"id":301,"href":"https:\/\/www.farnostrana.cz\/index.php?rest_route=\/wp\/v2\/posts\/300\/revisions\/301"}],"wp:attachment":[{"href":"https:\/\/www.farnostrana.cz\/index.php?rest_route=%2Fwp%2Fv2%2Fmedia&parent=300"}],"wp:term":[{"taxonomy":"category","embeddable":true,"href":"https:\/\/www.farnostrana.cz\/index.php?rest_route=%2Fwp%2Fv2%2Fcategories&post=300"},{"taxonomy":"post_tag","embeddable":true,"href":"https:\/\/www.farnostrana.cz\/index.php?rest_route=%2Fwp%2Fv2%2Ftags&post=300"}],"curies":[{"name":"wp","href":"https:\/\/api.w.org\/{rel}","templated":true}]}}