{"id":294,"date":"2017-06-17T21:31:35","date_gmt":"2017-06-17T19:31:35","guid":{"rendered":"http:\/\/www.farnostrana.cz\/?p=294"},"modified":"2017-06-17T21:31:35","modified_gmt":"2017-06-17T19:31:35","slug":"ohlasky-o-slavnosti-tela-a-krve-pane-18-6-2017","status":"publish","type":"post","link":"https:\/\/www.farnostrana.cz\/?p=294","title":{"rendered":"Ohl\u00e1\u0161ky o slavnosti T\u011bla a Krve P\u00e1n\u011b 18. 6. 2017"},"content":{"rendered":"<p>\u2022<span class=\"Apple-tab-span\" style=\"white-space: pre;\">\t<\/span>Bo\u017e\u00ed T\u011blo: na konci m\u0161e svat\u00e9 po modlitb\u011b se vyd\u00e1me v pr\u016fvodu s Nejsv\u011bt\u011bj\u0161\u00ed sv\u00e1tost\u00ed ven z kostela. D\u011bkuji p\u0159edem v\u0161em, kdo olt\u00e1\u0159e a liturgii p\u0159ipravili.&nbsp;<br \/>\n\u2022<span class=\"Apple-tab-span\" style=\"white-space:pre\">\t<\/span>Ve Skut\u010di dnes celodenn\u00ed adorace v doln\u00edm kostele.<\/p>\n<p>\u2022<span class=\"Apple-tab-span\" style=\"white-space:pre\">\t<\/span>Stavba plotu farn\u00ed zahrady \u2013 pros\u00edm o pomoc s nata\u017een\u00edm pletiva a ter\u00e9nn\u00ed \u00fapravy.<\/p>\n<p>\u2022<span class=\"Apple-tab-span\" style=\"white-space:pre\">\t<\/span>V sobotu 24.6. ve 13 h se rozlou\u010d\u00edme zde v kostele s panem Janem Jablonsk\u00fdm z Vojt\u011bchova<\/p>\n<p>\u2022<span class=\"Apple-tab-span\" style=\"white-space:pre\">\t<\/span>P\u0159\u00ed\u0161t\u00ed ned\u011bli 25.6. bude po m\u0161i sv. d\u00e1vat novokn\u011b\u017esk\u00e9 po\u017eehn\u00e1n\u00ed P. Petr Soukal. Sb\u00edrka bude na Charitu.<\/p>\n<p>\u2022<span class=\"Apple-tab-span\" style=\"white-space:pre\">\t<\/span>Farn\u00ed t\u00e1bor od 30.7 do 5.8. \u2013 p\u0159ihl\u00e1\u0161ky na stole\u010dku. Po\u0161lete sv\u00e9 d\u011bti od 1. do 8. t\u0159\u00eddy!<\/p>\n<p>\u2022<span class=\"Apple-tab-span\" style=\"white-space:pre\">\t<\/span>O \u010dem p\u00ed\u0161e Katolick\u00fd t\u00fdden\u00edk: ohl\u00e9dnut\u00ed za Noc\u00ed kostel\u016f; C\u00edrkev za ochranu planety; T\u00e9ma: K\u0159es\u0165an\u00e9 a \u017eid\u00e9; p\u0159\u00edloha Perspektivy; rozhovor s Janem Pe\u010den\u00fdm.<\/p>\n","protected":false},"excerpt":{"rendered":"<p>\u2022 Bo\u017e\u00ed T\u011blo: na konci m\u0161e svat\u00e9 po modlitb\u011b se vyd\u00e1me v pr\u016fvodu s Nejsv\u011bt\u011bj\u0161\u00ed sv\u00e1tost\u00ed ven z kostela. D\u011bkuji p\u0159edem v\u0161em, kdo olt\u00e1\u0159e a liturgii p\u0159ipravili.&nbsp; \u2022 Ve Skut\u010di dnes celodenn\u00ed adorace v doln\u00edm kostele. \u2022 Stavba plotu farn\u00ed <a class=\"more-link\" href=\"https:\/\/www.farnostrana.cz\/?p=294\">Cel\u00fd \u010dl\u00e1nek  <span class=\"screen-reader-text\">  Ohl\u00e1\u0161ky o slavnosti T\u011bla a Krve P\u00e1n\u011b 18. 6. 2017<\/span><span class=\"meta-nav\">&rarr;<\/span><\/a><\/p>\n","protected":false},"author":1,"featured_media":0,"comment_status":"closed","ping_status":"open","sticky":false,"template":"","format":"standard","meta":{"_monsterinsights_skip_tracking":false,"_monsterinsights_sitenote_active":false,"_monsterinsights_sitenote_note":"","_monsterinsights_sitenote_category":0,"footnotes":""},"categories":[3],"tags":[],"class_list":["post-294","post","type-post","status-publish","format-standard","hentry","category-ohlasky"],"_links":{"self":[{"href":"https:\/\/www.farnostrana.cz\/index.php?rest_route=\/wp\/v2\/posts\/294","targetHints":{"allow":["GET"]}}],"collection":[{"href":"https:\/\/www.farnostrana.cz\/index.php?rest_route=\/wp\/v2\/posts"}],"about":[{"href":"https:\/\/www.farnostrana.cz\/index.php?rest_route=\/wp\/v2\/types\/post"}],"author":[{"embeddable":true,"href":"https:\/\/www.farnostrana.cz\/index.php?rest_route=\/wp\/v2\/users\/1"}],"replies":[{"embeddable":true,"href":"https:\/\/www.farnostrana.cz\/index.php?rest_route=%2Fwp%2Fv2%2Fcomments&post=294"}],"version-history":[{"count":1,"href":"https:\/\/www.farnostrana.cz\/index.php?rest_route=\/wp\/v2\/posts\/294\/revisions"}],"predecessor-version":[{"id":295,"href":"https:\/\/www.farnostrana.cz\/index.php?rest_route=\/wp\/v2\/posts\/294\/revisions\/295"}],"wp:attachment":[{"href":"https:\/\/www.farnostrana.cz\/index.php?rest_route=%2Fwp%2Fv2%2Fmedia&parent=294"}],"wp:term":[{"taxonomy":"category","embeddable":true,"href":"https:\/\/www.farnostrana.cz\/index.php?rest_route=%2Fwp%2Fv2%2Fcategories&post=294"},{"taxonomy":"post_tag","embeddable":true,"href":"https:\/\/www.farnostrana.cz\/index.php?rest_route=%2Fwp%2Fv2%2Ftags&post=294"}],"curies":[{"name":"wp","href":"https:\/\/api.w.org\/{rel}","templated":true}]}}