{"id":292,"date":"2017-06-13T09:27:43","date_gmt":"2017-06-13T07:27:43","guid":{"rendered":"http:\/\/www.farnostrana.cz\/?p=292"},"modified":"2017-06-13T09:27:43","modified_gmt":"2017-06-13T07:27:43","slug":"ohlasky-o-slavnosti-nejsvetejsi-trojice-11-6-2017","status":"publish","type":"post","link":"https:\/\/www.farnostrana.cz\/?p=292","title":{"rendered":"Ohl\u00e1\u0161ky o slavnosti Nejsv\u011bt\u011bj\u0161\u00ed Trojice 11. 6. 2017"},"content":{"rendered":"<ul>\n<li>Dnes m\u00e1me <strong>slavnost, kdy 9 d\u011bt\u00ed v\u00a0na\u0161em kostele p\u0159istoupilo k 1. sv. p\u0159ij\u00edm\u00e1n\u00ed<\/strong>. D\u011bkuji rodi\u010d\u016fm za spolupr\u00e1ci p\u0159i p\u0159\u00edprav\u011b a uspo\u0159\u00e1d\u00e1n\u00ed oslavy!<\/li>\n<li><strong> NOC kostel\u016f na Ran\u00e9 <\/strong>prob\u011bhla velmi dob\u0159e. D\u011bkuji v\u0161em pomocn\u00edk\u016fm, \u017een\u00e1m za \u00faklid a ob\u010derstven\u00ed, muzikant\u016fm za hudbu.<\/li>\n<li><strong>Bo\u017e\u00ed T\u011blo oslav\u00edme p\u0159\u00ed\u0161t\u00ed\u00a0ned\u011bli 18. 6. <\/strong>Po m\u0161i sv. p\u016fjdeme pr\u016fvodem ke 4 olt\u00e1\u0159\u016fm na n\u00e1vsi.<\/li>\n<li><strong>Ministranti pojedou na v\u00fdlet do Kutn\u00e9 Hory v\u00a0sobotu 17.<\/strong> Sraz v\u00a08 h, info na l\u00edste\u010dku.<\/li>\n<li><strong>Stavba plotu farn\u00ed zahrady \u2013 D\u011bkuji v\u0161em 11 brig\u00e1dn\u00edk\u016fm, kte\u0159\u00ed p\u0159i\u0161li dal\u0161\u00ed\u00a0sobotu pomoci<\/strong>. \u010cek\u00e1 n\u00e1s je\u0161t\u011b nata\u017een\u00ed pletiva a ter\u00e9nn\u00ed \u00fapravy.<\/li>\n<li><strong>V\u00fduka n\u00e1bo\u017eenstv\u00ed bude kon\u010dit 14. \u2013 16. \u010dervna.<\/strong><\/li>\n<li><strong>Farn\u00ed t\u00e1bor od 30. 7. do 5. 8. \u2013 p\u0159ihl\u00e1\u0161ky na stole\u010dku. <\/strong>Po\u0161lete sv\u00e9 d\u011bti od 1. do 8. t\u0159\u00eddy!<\/li>\n<li><strong>Ve Skut\u010di budou m\u00edt p\u0159\u00ed\u0161t\u00ed ned\u011bli celodenn\u00ed adoraci v\u00a0doln\u00edm kostele.<\/strong><\/li>\n<li><strong>O \u010dem p\u00ed\u0161e Katolick\u00fd t\u00fdden\u00edk:<\/strong> d\u011bti u pape\u017ee Franti\u0161ka; Lidick\u00e1 Madona; \u00favaha P. Benedikta Moheln\u00edka OP; T\u00e9ma: Ve farnosti jako doma.<\/li>\n<\/ul>\n","protected":false},"excerpt":{"rendered":"<p>Dnes m\u00e1me slavnost, kdy 9 d\u011bt\u00ed v\u00a0na\u0161em kostele p\u0159istoupilo k 1. sv. p\u0159ij\u00edm\u00e1n\u00ed. D\u011bkuji rodi\u010d\u016fm za spolupr\u00e1ci p\u0159i p\u0159\u00edprav\u011b a uspo\u0159\u00e1d\u00e1n\u00ed oslavy! NOC kostel\u016f na Ran\u00e9 prob\u011bhla velmi dob\u0159e. D\u011bkuji v\u0161em pomocn\u00edk\u016fm, \u017een\u00e1m za \u00faklid a ob\u010derstven\u00ed, muzikant\u016fm za hudbu. <a class=\"more-link\" href=\"https:\/\/www.farnostrana.cz\/?p=292\">Cel\u00fd \u010dl\u00e1nek  <span class=\"screen-reader-text\">  Ohl\u00e1\u0161ky o slavnosti Nejsv\u011bt\u011bj\u0161\u00ed Trojice 11. 6. 2017<\/span><span class=\"meta-nav\">&rarr;<\/span><\/a><\/p>\n","protected":false},"author":1,"featured_media":0,"comment_status":"closed","ping_status":"open","sticky":false,"template":"","format":"standard","meta":{"_monsterinsights_skip_tracking":false,"_monsterinsights_sitenote_active":false,"_monsterinsights_sitenote_note":"","_monsterinsights_sitenote_category":0,"footnotes":""},"categories":[3],"tags":[],"class_list":["post-292","post","type-post","status-publish","format-standard","hentry","category-ohlasky"],"_links":{"self":[{"href":"https:\/\/www.farnostrana.cz\/index.php?rest_route=\/wp\/v2\/posts\/292","targetHints":{"allow":["GET"]}}],"collection":[{"href":"https:\/\/www.farnostrana.cz\/index.php?rest_route=\/wp\/v2\/posts"}],"about":[{"href":"https:\/\/www.farnostrana.cz\/index.php?rest_route=\/wp\/v2\/types\/post"}],"author":[{"embeddable":true,"href":"https:\/\/www.farnostrana.cz\/index.php?rest_route=\/wp\/v2\/users\/1"}],"replies":[{"embeddable":true,"href":"https:\/\/www.farnostrana.cz\/index.php?rest_route=%2Fwp%2Fv2%2Fcomments&post=292"}],"version-history":[{"count":1,"href":"https:\/\/www.farnostrana.cz\/index.php?rest_route=\/wp\/v2\/posts\/292\/revisions"}],"predecessor-version":[{"id":293,"href":"https:\/\/www.farnostrana.cz\/index.php?rest_route=\/wp\/v2\/posts\/292\/revisions\/293"}],"wp:attachment":[{"href":"https:\/\/www.farnostrana.cz\/index.php?rest_route=%2Fwp%2Fv2%2Fmedia&parent=292"}],"wp:term":[{"taxonomy":"category","embeddable":true,"href":"https:\/\/www.farnostrana.cz\/index.php?rest_route=%2Fwp%2Fv2%2Fcategories&post=292"},{"taxonomy":"post_tag","embeddable":true,"href":"https:\/\/www.farnostrana.cz\/index.php?rest_route=%2Fwp%2Fv2%2Ftags&post=292"}],"curies":[{"name":"wp","href":"https:\/\/api.w.org\/{rel}","templated":true}]}}