{"id":289,"date":"2017-06-04T08:13:54","date_gmt":"2017-06-04T06:13:54","guid":{"rendered":"http:\/\/www.farnostrana.cz\/?p=289"},"modified":"2017-06-04T08:13:54","modified_gmt":"2017-06-04T06:13:54","slug":"ohlasky-o-slavnosti-seslani-ducha-svateho-4-5-2017","status":"publish","type":"post","link":"https:\/\/www.farnostrana.cz\/?p=289","title":{"rendered":"Ohl\u00e1\u0161ky o slavnosti Sesl\u00e1n\u00ed Ducha svat\u00e9ho 4. 5. 2017"},"content":{"rendered":"<p>\u2022<span class=\"Apple-tab-span\" style=\"white-space: pre;\">\t<\/span>P\u0159\u00ed\u0161t\u00ed ned\u011bli m\u00e1me slavnost 1. sv. p\u0159ij\u00edm\u00e1n\u00ed d\u011bt\u00ed. Bude to z\u00e1rove\u0148 posledn\u00ed m\u0161e zam\u011b\u0159en\u00e1 na d\u011bti v tomto \u0161koln\u00edm roce.<br \/>\n\u2022<span class=\"Apple-tab-span\" style=\"white-space:pre\">\t<\/span>Ve st\u0159edu 7.6. ve 14 h se rozlou\u010d\u00edme s pan\u00ed Hanou Novotnou z Mr\u00e1kot\u00edna.<\/p>\n<p>\u2022<span class=\"Apple-tab-span\" style=\"white-space:pre\">\t<\/span>Adorace ve st\u0159edu od 20 do 21 h. P\u0159ij\u010fte se zti\u0161it p\u0159e P\u00e1nem!<\/p>\n<p>\u2022<span class=\"Apple-tab-span\" style=\"white-space:pre\">\t<\/span>Bo\u017e\u00ed T\u011blo oslav\u00edme v ned\u011bli 18.6. Po m\u0161i sv. p\u016fjdeme pr\u016fvodem ke 4 olt\u00e1\u0159\u016fm na n\u00e1vsi.<\/p>\n<p>\u2022<span class=\"Apple-tab-span\" style=\"white-space:pre\">\t<\/span>Dne\u0161n\u00ed sb\u00edrka je na pastoraci diec\u00e9ze.<\/p>\n<p>\u2022<span class=\"Apple-tab-span\" style=\"white-space:pre\">\t<\/span>Stavba plotu farn\u00ed zahrady \u2013 D\u011bkuji v\u0161e 10 brig\u00e1dn\u00edk\u016fm, z toho 5 d\u011bt\u00ed, kte\u0159\u00ed p\u0159i\u0161li v sobotu pomoci. Pokra\u010dov\u00e1n\u00ed p\u0159\u00ed\u0161t\u00ed sobotu 10.6. od 10 h \u2013 pros\u00edm, p\u0159ij\u010fte pomoci stav\u011bt sloupky plotu. D\u011bkuji za poskytnut\u00ed mechanizace p. Mu\u017e\u00edkovi a p. Hanusovi.<\/p>\n<p>\u2022<span class=\"Apple-tab-span\" style=\"white-space:pre\">\t<\/span>NOC Kostel\u016f 9.6. \u2013 poprv\u00e9 i na Ran\u00e9. Krom\u011b m\u0161e sv., prohl\u00eddky kostela a hudby p\u0159isl\u00edbila \u00fa\u010dast here\u010dka M\u011bstsk\u00fdch divadel pra\u017esk\u00fdch Jitka Smutn\u00e1 (zn\u00e1te z mnoha film\u016f a seri\u00e1l\u016f, nap\u0159. Vina\u0159i). Plak\u00e1ty do ruky si m\u016f\u017eete vyzvednout u vchodu. Slu\u017ebu u dve\u0159\u00ed si vzalo spole\u010denstv\u00ed ml\u00e1de\u017ee. Pros\u00edm je\u0161t\u011b, kdo m\u016f\u017eete p\u0159ipravit ob\u010derstven\u00ed na fa\u0159e?<\/p>\n<p>\u2022<span class=\"Apple-tab-span\" style=\"white-space:pre\">\t<\/span>V\u00fduka n\u00e1bo\u017eenstv\u00ed bude kon\u010dit 14. \u2013 16. \u010dervna.<\/p>\n<p>\u2022<span class=\"Apple-tab-span\" style=\"white-space:pre\">\t<\/span>Farn\u00ed t\u00e1bor od 30.7 do 5.8. \u2013 p\u0159ihl\u00e1\u0161ky na stole\u010dku. Po\u0161lete sv\u00e9 d\u011bti od 1. do 8. t\u0159\u00eddy!<\/p>\n<p>\u2022<span class=\"Apple-tab-span\" style=\"white-space:pre\">\t<\/span>O \u010dem p\u00ed\u0161e Katolick\u00fd t\u00fdden\u00edk: Biskupsk\u00e9 sv\u011bcen\u00ed v Ostrav\u011b; Lidice ve Vatik\u00e1nu; T\u00e9ma: K\u0159es\u0165an a ekologie; rozhovor s Charlesem Taylorem; Pedagogick\u00e9 ok\u00e9nko.<\/p>\n","protected":false},"excerpt":{"rendered":"<p>\u2022 P\u0159\u00ed\u0161t\u00ed ned\u011bli m\u00e1me slavnost 1. sv. p\u0159ij\u00edm\u00e1n\u00ed d\u011bt\u00ed. Bude to z\u00e1rove\u0148 posledn\u00ed m\u0161e zam\u011b\u0159en\u00e1 na d\u011bti v tomto \u0161koln\u00edm roce. \u2022 Ve st\u0159edu 7.6. ve 14 h se rozlou\u010d\u00edme s pan\u00ed Hanou Novotnou z Mr\u00e1kot\u00edna. \u2022 Adorace ve st\u0159edu <a class=\"more-link\" href=\"https:\/\/www.farnostrana.cz\/?p=289\">Cel\u00fd \u010dl\u00e1nek  <span class=\"screen-reader-text\">  Ohl\u00e1\u0161ky o slavnosti Sesl\u00e1n\u00ed Ducha svat\u00e9ho 4. 5. 2017<\/span><span class=\"meta-nav\">&rarr;<\/span><\/a><\/p>\n","protected":false},"author":1,"featured_media":0,"comment_status":"closed","ping_status":"open","sticky":false,"template":"","format":"standard","meta":{"_monsterinsights_skip_tracking":false,"_monsterinsights_sitenote_active":false,"_monsterinsights_sitenote_note":"","_monsterinsights_sitenote_category":0,"footnotes":""},"categories":[3],"tags":[],"class_list":["post-289","post","type-post","status-publish","format-standard","hentry","category-ohlasky"],"_links":{"self":[{"href":"https:\/\/www.farnostrana.cz\/index.php?rest_route=\/wp\/v2\/posts\/289","targetHints":{"allow":["GET"]}}],"collection":[{"href":"https:\/\/www.farnostrana.cz\/index.php?rest_route=\/wp\/v2\/posts"}],"about":[{"href":"https:\/\/www.farnostrana.cz\/index.php?rest_route=\/wp\/v2\/types\/post"}],"author":[{"embeddable":true,"href":"https:\/\/www.farnostrana.cz\/index.php?rest_route=\/wp\/v2\/users\/1"}],"replies":[{"embeddable":true,"href":"https:\/\/www.farnostrana.cz\/index.php?rest_route=%2Fwp%2Fv2%2Fcomments&post=289"}],"version-history":[{"count":1,"href":"https:\/\/www.farnostrana.cz\/index.php?rest_route=\/wp\/v2\/posts\/289\/revisions"}],"predecessor-version":[{"id":290,"href":"https:\/\/www.farnostrana.cz\/index.php?rest_route=\/wp\/v2\/posts\/289\/revisions\/290"}],"wp:attachment":[{"href":"https:\/\/www.farnostrana.cz\/index.php?rest_route=%2Fwp%2Fv2%2Fmedia&parent=289"}],"wp:term":[{"taxonomy":"category","embeddable":true,"href":"https:\/\/www.farnostrana.cz\/index.php?rest_route=%2Fwp%2Fv2%2Fcategories&post=289"},{"taxonomy":"post_tag","embeddable":true,"href":"https:\/\/www.farnostrana.cz\/index.php?rest_route=%2Fwp%2Fv2%2Ftags&post=289"}],"curies":[{"name":"wp","href":"https:\/\/api.w.org\/{rel}","templated":true}]}}