{"id":2595,"date":"2026-04-25T21:41:53","date_gmt":"2026-04-25T19:41:53","guid":{"rendered":"https:\/\/www.farnostrana.cz\/?p=2595"},"modified":"2026-04-25T21:42:00","modified_gmt":"2026-04-25T19:42:00","slug":"ohlasky-4-nedele-velikonocni-26-4-2026","status":"publish","type":"post","link":"https:\/\/www.farnostrana.cz\/?p=2595","title":{"rendered":"Ohl\u00e1\u0161ky \u2013 \u00a04. ned\u011ble velikono\u010dn\u00ed 26. 4. 2026"},"content":{"rendered":"\n<p><\/p>\n\n\n\n<ul class=\"wp-block-list\">\n<li><strong>M\u0161e sv.:<\/strong> \n<ul class=\"wp-block-list\">\n<li>v\u00a0p\u00e1tek m\u0161e na Chlumku ve 14 h, ve\u010dern\u00ed nebude. <\/li>\n\n\n\n<li>V\u00a0ned\u011bli v\u00a08 h Holet\u00edn a <\/li>\n\n\n\n<li>v\u00a09:30 h Ran\u00e1.<\/li>\n<\/ul>\n<\/li>\n\n\n\n<li><strong>M\u00e1jov\u00e9 pobo\u017enosti v\u00a0p\u00e1tek po m\u0161i.<\/strong><\/li>\n\n\n\n<li><strong>Sb\u00edrky:<\/strong> dnes na kn\u011b\u017esk\u00fd semin\u00e1\u0159.<\/li>\n\n\n\n<li><strong>Komunitn\u00ed centrum P.F.X.Mimry: <\/strong>p\u0159ipravujeme dal\u0161\u00ed program.<\/li>\n\n\n\n<li><strong>NOC kostel\u016f 29.5.<\/strong> Otev\u0159eme oba na\u0161e kostely: Ran\u00e1 17:30 \u2013 21h, Holet\u00edn 17 \u2013 20 h.<\/li>\n\n\n\n<li><strong>Farn\u00ed v\u00fdlet v\u00a0sobotu 30. 5.<\/strong> <strong>do Jarom\u011b\u0159ic nad Rokytnou<\/strong>. P\u0159ihla\u0161ujte se na stole\u010dku v\u00a0kostele. Bude prohl\u00eddka kostela i z\u00e1mku, ob\u011bd v\u00fdb\u011br ze 4 j\u00eddel.<\/li>\n\n\n\n<li><strong>Farn\u00ed t\u00e1bor bude od 2. do 8. 8. v\u00a0KC Ran\u00e1<\/strong> s\u00a0n\u00e1zvem Olafovy p\u0159\u00edb\u011bhy. P\u0159ihl\u00e1\u0161ky na stole\u010dku nebo na webu. <strong>Ministrantsk\u00fd cyklistick\u00fd<\/strong> S\u00e1zava tour 18. \u2013 21. 8. P\u0159ihl\u00e1\u0161ky u pana far\u00e1\u0159e.<\/li>\n\n\n\n<li><strong>Katolick\u00fd t\u00fdden\u00edk:<\/strong>\u00a0Pape\u017e v\u00a0Africe jako bratr; nov\u00fd pra\u017esk\u00fd arcibiskup Stanislav P\u0159ibyl; T\u00e9ma: Mosty k druh\u00fdm;; rozhovor s\u00a0dirigentem Tom\u00e1\u0161em Hanusem; Doma: P\u0159\u00edprava na v\u00fdlet.<\/li>\n<\/ul>\n\n\n\n<p class=\"MsoListParagraphCxSpLast\">&nbsp;<\/p>\n","protected":false},"excerpt":{"rendered":"<p>&nbsp;<\/p>\n","protected":false},"author":1,"featured_media":0,"comment_status":"closed","ping_status":"open","sticky":false,"template":"","format":"standard","meta":{"_monsterinsights_skip_tracking":false,"_monsterinsights_sitenote_active":false,"_monsterinsights_sitenote_note":"","_monsterinsights_sitenote_category":0,"footnotes":""},"categories":[3],"tags":[],"class_list":["post-2595","post","type-post","status-publish","format-standard","hentry","category-ohlasky"],"_links":{"self":[{"href":"https:\/\/www.farnostrana.cz\/index.php?rest_route=\/wp\/v2\/posts\/2595","targetHints":{"allow":["GET"]}}],"collection":[{"href":"https:\/\/www.farnostrana.cz\/index.php?rest_route=\/wp\/v2\/posts"}],"about":[{"href":"https:\/\/www.farnostrana.cz\/index.php?rest_route=\/wp\/v2\/types\/post"}],"author":[{"embeddable":true,"href":"https:\/\/www.farnostrana.cz\/index.php?rest_route=\/wp\/v2\/users\/1"}],"replies":[{"embeddable":true,"href":"https:\/\/www.farnostrana.cz\/index.php?rest_route=%2Fwp%2Fv2%2Fcomments&post=2595"}],"version-history":[{"count":1,"href":"https:\/\/www.farnostrana.cz\/index.php?rest_route=\/wp\/v2\/posts\/2595\/revisions"}],"predecessor-version":[{"id":2596,"href":"https:\/\/www.farnostrana.cz\/index.php?rest_route=\/wp\/v2\/posts\/2595\/revisions\/2596"}],"wp:attachment":[{"href":"https:\/\/www.farnostrana.cz\/index.php?rest_route=%2Fwp%2Fv2%2Fmedia&parent=2595"}],"wp:term":[{"taxonomy":"category","embeddable":true,"href":"https:\/\/www.farnostrana.cz\/index.php?rest_route=%2Fwp%2Fv2%2Fcategories&post=2595"},{"taxonomy":"post_tag","embeddable":true,"href":"https:\/\/www.farnostrana.cz\/index.php?rest_route=%2Fwp%2Fv2%2Ftags&post=2595"}],"curies":[{"name":"wp","href":"https:\/\/api.w.org\/{rel}","templated":true}]}}