{"id":258,"date":"2017-04-08T08:59:55","date_gmt":"2017-04-08T06:59:55","guid":{"rendered":"http:\/\/www.farnostrana.cz\/?p=258"},"modified":"2017-04-10T09:01:31","modified_gmt":"2017-04-10T07:01:31","slug":"zapis-jednani-ekonomicke-rady-farnosti-rana-2-dubna-2017","status":"publish","type":"post","link":"https:\/\/www.farnostrana.cz\/?p=258","title":{"rendered":"Z\u00e1pis jedn\u00e1n\u00ed Ekonomick\u00e9 rady farnosti Ran\u00e1, 2. dubna 2017"},"content":{"rendered":"<p>P\u0159\u00edtomni: P. Mgr. et Mgr. Ond\u0159ej Matula SDB, Ing. Martin Pavli\u0161, Ing. Zden\u011bk Tal\u00e1cko, Jaroslav Kyncl<\/p>\n<ol>\n<li>Modlitba<\/li>\n<li>Sezn\u00e1men\u00ed s\u00a0minul\u00fdm z\u00e1pisem, informace k\u00a0prob\u011bhl\u00fdm akc\u00edm:<\/li>\n<\/ol>\n<ul>\n<li>K\u00e1cen\u00ed ka\u0161tanu u kosteln\u00edho oplocen\u00ed (zdi), posudek arboristy m\u00e1me, firma pana<\/li>\n<\/ul>\n<p>Svobody ze Studnic provede pok\u00e1cen\u00ed, povolen\u00ed obce m\u00e1me. Bude provedeno co nejd\u0159\u00edve.<\/p>\n<ul>\n<li>Oprava bytu na fa\u0159e je hotova. Far\u00e1\u0159 bydl\u00ed od 24. 12. 2016 a plat\u00ed n\u00e1jem stanoven\u00fd biskupstv\u00edm ve v\u00fd\u0161i 831K\u010d. Zaplatil popelnice a vodn\u00e9.<\/li>\n<li>Sou\u010dasn\u00fd far\u00e1\u0159 je administr\u00e1torem p\u0159es T-Mobile c\u00edrkevn\u00ed s\u00ed\u0165. Skupina m\u00e1 nyn\u00ed 11 SIM karet.<\/li>\n<li>\u00dadr\u017ebu farn\u00ed zahrady prov\u00e1d\u00ed far\u00e1\u0159 s\u00a0hospodyn\u00ed a ob\u010dasnou pomoc\u00ed farn\u00edk\u016f nebo Skaut\u016f.<\/li>\n<li>Rada byla sezn\u00e1mena s\u00a0\u00fa\u010detn\u00ed uz\u00e1v\u011brkou za rok 2016 a v\u00fd\u0161\u00ed p\u0159\u00edsp\u011bvk\u016f do Fondu solidarity biskupstv\u00ed, s\u00a0obratovou p\u0159edvahou.<\/li>\n<\/ul>\n<p>&nbsp;<\/p>\n<ol start=\"3\">\n<li>\u00a0\u00a0 Pl\u00e1n oprav:<\/li>\n<\/ol>\n<p>Kostel<\/p>\n<ul>\n<li>V\u00a0obvodov\u00fdch zdech kostela vym\u011bnit odv\u011btr\u00e1vac\u00ed m\u0159\u00ed\u017eky. Mo\u017enost zjist\u00ed M.P.<\/li>\n<li>Dod\u011blat vnit\u0159ek m\u00e1rnice &#8211; p\u016fdu a reg\u00e1ly. Zbyly prkna ve stodole. Brig\u00e1da po velikonoc\u00edch<\/li>\n<li>Pl\u00e1nujeme opravit obvodovou ze\u010f kolem kostela. Pozvat pam\u00e1tk\u00e1\u0159e a zjistit mo\u017enosti dotace -O.M.<\/li>\n<li>Podlaha v\u00a0kostele je hodn\u011b popraskan\u00e1 a vzl\u00edn\u00e1 vlhkost a objevuj\u00ed se pl\u00edsn\u011b. Budeme konzultovat s\u00a0pam\u00e1tk\u00e1\u0159i.<\/li>\n<\/ul>\n<p>Fara<\/p>\n<ul>\n<li>prob\u011bhlo jedn\u00e1n\u00ed ohledn\u011b p\u016fdn\u00ed vestavby pro ubytov\u00e1n\u00ed n\u00e1v\u0161t\u011bv s\u00a0Ing. Zde\u0148kem Zikmundou. Rada to hodnot\u00ed kladn\u011b. Po p\u0159\u00edprav\u011b projektu bude provedeno z\u0159ejm\u011b sv\u00e9pomoc\u00ed<\/li>\n<\/ul>\n<p>Stodola<\/p>\n<ul>\n<li>Opravit sv\u00e9pomoc\u00ed stodolu nejsme schopni. N\u00e1vrhy \u0159e\u0161en\u00ed vypracoval Ji\u0159\u00ed Svoboda. Rada se shodla na n\u00e1vrhu \u010d.2 s\u00a0\u00fapravou um\u00edst\u011bn\u00ed schodi\u0161t\u011b. Financov\u00e1n\u00ed opravy se pokus\u00edme zajistit z\u00a0dotace.<\/li>\n<li>Br\u00e1na do zahrady u stodoly se vyr\u00e1b\u00ed. Bude pot\u0159eba d\u011blat plot. Nejd\u0159\u00edve odbagrovat ko\u0159eny n\u00e1letov\u00fdch d\u0159eviny. Bagr zjist\u00ed J.K. Na opravu plotu bude svol\u00e1na brig\u00e1da.<\/li>\n<li>Vy\u0159e\u0161it odpadovou j\u00edmku: novou s\u00a0trativodem nebo \u010disti\u010dku. Bude se \u0159e\u0161it v\u00a0souvislosti s\u00a0opravou stodoly.<\/li>\n<\/ul>\n<p>&nbsp;<\/p>\n<ol>\n<li>Investice:<\/li>\n<\/ol>\n<ul>\n<li>obec Ran\u00e1 schv\u00e1lila n\u00e1\u0161 z\u00e1m\u011br koup\u011b pozemku u silnice, biskupstv\u00ed n\u00e1vrh smlouvy upravilo. Je p\u0159ipravena k\u00a0podeps\u00e1n\u00ed. Pan far\u00e1\u0159 zajist\u00ed podpis pana starosty a biskupstv\u00ed. Cena 2010K\u010d.<\/li>\n<li>Uva\u017euji p\u0159\u00ed\u0161t\u00ed rok na DPP vz\u00edt katechetku (Tereza Hladk\u00e1) na n\u011bkolik hodin, aby se pokrylo l\u00e9pe n\u00e1bo\u017eenstv\u00ed a mohla se rozv\u00edjet pastorace v\u016f\u010di t\u011bm, kdo do kostela p\u0159estali chodit. \u2013 Rada souhlas\u00ed. Zjistit mo\u017enost placen\u00ed z\u00a0biskupstv\u00ed, jinak jsme ochotni zaplatit 6 h t\u00fddn\u011b po 70K\u010d za hodinu. N\u00e1pl\u0148 pr\u00e1ce krom\u011b v\u00fduky n\u00e1bo\u017eenstv\u00ed tak\u00e9 akce pro d\u011bti atp.<\/li>\n<\/ul>\n<p>&nbsp;<\/p>\n<ol>\n<li>Neprojednan\u00e9 n\u00e1vrhy a p\u0159ipom\u00ednky:<\/li>\n<\/ol>\n<ul>\n<li>Do farn\u00edho lesa zaj\u00ed\u017ed\u00ed hodn\u011b motorov\u00fdch vozidel, zanech\u00e1vaj\u00ed odpadky. Navrhuji osadit z\u00e1voru a z\u00e1brany k\u00a0vjezdu. Po dohod\u011b s\u00a0lesn\u00edkem.<\/li>\n<li>Fas\u00e1da fary je v\u00a0\u017ealostn\u00e9m stavu.<\/li>\n<li>Uva\u017eovat o vyh\u0159\u00edvan\u00fdch podlo\u017ek\u00e1ch na lavice.<\/li>\n<li>Odkanalizov\u00e1n\u00ed de\u0161\u0165ov\u00e9 vody od fary a ze silnice: voda z\u016fst\u00e1v\u00e1 u budovy a po de\u0161ti se d\u011blaj\u00ed lou\u017ee na tr\u00e1vn\u00edku. Bude pot\u0159eba odv\u00e9st vodu pry\u010d \u2013 t\u0159eba i do n\u00e1dr\u017ee na zal\u00e9v\u00e1n\u00ed nebo jinam.<\/li>\n<li>Plocha p\u0159ed farou se vyu\u017e\u00edv\u00e1 i k\u00a0parkov\u00e1n\u00ed. Po de\u0161ti je probl\u00e9m proj\u00edt bl\u00e1tem k\u00a0fa\u0159e. Navrhuji vydl\u00e1\u017edit zbyl\u00fdmi kostkami alespo\u0148 chodn\u00ed\u010dek.<\/li>\n<\/ul>\n<p>&nbsp;<\/p>\n<p>Zapsal: P.Ond\u0159ej Matula<\/p>\n","protected":false},"excerpt":{"rendered":"<p>P\u0159\u00edtomni: P. Mgr. et Mgr. Ond\u0159ej Matula SDB, Ing. Martin Pavli\u0161, Ing. Zden\u011bk Tal\u00e1cko, Jaroslav Kyncl Modlitba Sezn\u00e1men\u00ed s\u00a0minul\u00fdm z\u00e1pisem, informace k\u00a0prob\u011bhl\u00fdm akc\u00edm: K\u00e1cen\u00ed ka\u0161tanu u kosteln\u00edho oplocen\u00ed (zdi), posudek arboristy m\u00e1me, firma pana Svobody ze Studnic provede pok\u00e1cen\u00ed, povolen\u00ed <a class=\"more-link\" href=\"https:\/\/www.farnostrana.cz\/?p=258\">Cel\u00fd \u010dl\u00e1nek  <span class=\"screen-reader-text\">  Z\u00e1pis jedn\u00e1n\u00ed Ekonomick\u00e9 rady farnosti Ran\u00e1, 2. dubna 2017<\/span><span class=\"meta-nav\">&rarr;<\/span><\/a><\/p>\n","protected":false},"author":1,"featured_media":0,"comment_status":"closed","ping_status":"open","sticky":false,"template":"","format":"standard","meta":{"_monsterinsights_skip_tracking":false,"_monsterinsights_sitenote_active":false,"_monsterinsights_sitenote_note":"","_monsterinsights_sitenote_category":0,"footnotes":""},"categories":[4],"tags":[],"class_list":["post-258","post","type-post","status-publish","format-standard","hentry","category-pastoracni-a-ekonomicka-rada-farnosti"],"_links":{"self":[{"href":"https:\/\/www.farnostrana.cz\/index.php?rest_route=\/wp\/v2\/posts\/258","targetHints":{"allow":["GET"]}}],"collection":[{"href":"https:\/\/www.farnostrana.cz\/index.php?rest_route=\/wp\/v2\/posts"}],"about":[{"href":"https:\/\/www.farnostrana.cz\/index.php?rest_route=\/wp\/v2\/types\/post"}],"author":[{"embeddable":true,"href":"https:\/\/www.farnostrana.cz\/index.php?rest_route=\/wp\/v2\/users\/1"}],"replies":[{"embeddable":true,"href":"https:\/\/www.farnostrana.cz\/index.php?rest_route=%2Fwp%2Fv2%2Fcomments&post=258"}],"version-history":[{"count":3,"href":"https:\/\/www.farnostrana.cz\/index.php?rest_route=\/wp\/v2\/posts\/258\/revisions"}],"predecessor-version":[{"id":261,"href":"https:\/\/www.farnostrana.cz\/index.php?rest_route=\/wp\/v2\/posts\/258\/revisions\/261"}],"wp:attachment":[{"href":"https:\/\/www.farnostrana.cz\/index.php?rest_route=%2Fwp%2Fv2%2Fmedia&parent=258"}],"wp:term":[{"taxonomy":"category","embeddable":true,"href":"https:\/\/www.farnostrana.cz\/index.php?rest_route=%2Fwp%2Fv2%2Fcategories&post=258"},{"taxonomy":"post_tag","embeddable":true,"href":"https:\/\/www.farnostrana.cz\/index.php?rest_route=%2Fwp%2Fv2%2Ftags&post=258"}],"curies":[{"name":"wp","href":"https:\/\/api.w.org\/{rel}","templated":true}]}}