{"id":2552,"date":"2026-03-07T20:11:10","date_gmt":"2026-03-07T18:11:10","guid":{"rendered":"https:\/\/www.farnostrana.cz\/?p=2552"},"modified":"2026-03-07T20:11:14","modified_gmt":"2026-03-07T18:11:14","slug":"ohlasky-3-nedele-postni-8-3-2026","status":"publish","type":"post","link":"https:\/\/www.farnostrana.cz\/?p=2552","title":{"rendered":"Ohl\u00e1\u0161ky \u2013 \u00a03. ned\u011ble postn\u00ed 8. 3. 2026"},"content":{"rendered":"\n<p><\/p>\n\n\n\n<ul class=\"wp-block-list\">\n<li><strong>M\u0161e sv.:<\/strong> \n<ul class=\"wp-block-list\">\n<li>v\u00a0p\u00e1tek v\u00a018 h, <\/li>\n\n\n\n<li>v\u00a0ned\u011bli v\u00a09:30 h.<\/li>\n<\/ul>\n<\/li>\n\n\n\n<li><strong>K\u0159\u00ed\u017eov\u00e9 cesty v\u00a0p\u00e1tek v\u00a017:30 h.<\/strong><\/li>\n\n\n\n<li><a href=\"\"><strong>Zpov\u00edd\u00e1 se: <\/strong><\/a>\n<ul class=\"wp-block-list\">\n<li>v\u017edy p\u016fl hodiny p\u0159ede m\u0161\u00ed svatou, tj. v\u00a0p\u00e1tek od 17:30 h a v\u00a0ned\u011bli od 9 h.<\/li>\n\n\n\n<li> P\u0159ed du\u0161i\u010dkami, v\u00e1nocemi a velikonocemi v\u00a0p\u00e1tek od 15 do 18 h dle ohl\u00e1\u0161en\u00ed.<\/li>\n<\/ul>\n<\/li>\n<\/ul>\n\n\n\n<ul class=\"wp-block-list\">\n<li><strong>D\u011bkuji v\u0161em<\/strong>, kdo p\u0159inesli na faru potraviny pro chud\u00e9! Bylo to 56 kg a je rozd\u00e1no.<\/li>\n\n\n\n<li><strong>Dnes se sejde Pastora\u010dn\u00ed rada farnosti v\u00a019 h na fa\u0159e.<\/strong><\/li>\n\n\n\n<li><strong>Sb\u00edrky:<\/strong> p\u0159\u00ed\u0161t\u00ed ned\u011bli Tich\u00e1 sb\u00edrka na opravy.<\/li>\n\n\n\n<li><strong>V\u00a0p\u00e1tek bude v\u00a0Hlinsku vikari\u00e1tn\u00ed setk\u00e1n\u00ed ml\u00e1de\u017ee. <\/strong>\u00a0Info na plak\u00e1tku.<\/li>\n\n\n\n<li><strong>Komunitn\u00ed centrum P.F.X.Mimry: <\/strong>p\u0159ipravujeme v\u00fdstavu dom\u00e1c\u00edch k\u0159\u00ed\u017e\u016f na b\u0159ezen. <strong>K\u0159\u00ed\u017ee na v\u00fdstavu m\u016f\u017eete nosit<\/strong> po m\u0161i na faru. P\u0159evezme a zap\u00ed\u0161e Lidka Ad\u00e1mkov\u00e1. V\u00fdstava potrv\u00e1 od 21.3. do 29.3.<\/li>\n\n\n\n<li><strong>Duchovn\u00ed obnovy v\u00a0postn\u00ed dob\u011b<\/strong>:\n<ul class=\"wp-block-list\">\n<li>Pro \u017eeny 13. \u2013 15.3. v\u00a0Rokoli.P\u0159ihla\u0161ujte se na stole\u010dku. <\/li>\n\n\n\n<li>Ve Skut\u010di v\u00a0sobotu 21.3. od 9 h v\u00a0kostele.<\/li>\n<\/ul>\n<\/li>\n\n\n\n<li><strong>Farn\u00ed t\u00e1bor bude od 2. do 8.8. v\u00a0KC Ran\u00e1<\/strong> s\u00a0n\u00e1zvem Olafovy p\u0159\u00edb\u011bhy. P\u0159ihl\u00e1\u0161ky budou brzy. <strong>Ministrantsk\u00fd cyklistick\u00fd<\/strong> S\u00e1zava tour 18. \u2013 21.8.<\/li>\n\n\n\n<li><strong>Katolick\u00fd t\u00fdden\u00edk:<\/strong>\u00a0Po \u00fatoc\u00edch na \u00cdr\u00e1n; T\u00e9ma: Katechismus; Perspektivy: Tajn\u00e9 kn\u011b\u017esk\u00e9 sv\u011bcen\u00ed v Dachau; rozhovor s\u00a0P.Janem Loffeldem; Doma: Svat\u00fd Josef.<\/li>\n<\/ul>\n","protected":false},"excerpt":{"rendered":"","protected":false},"author":1,"featured_media":0,"comment_status":"closed","ping_status":"open","sticky":false,"template":"","format":"standard","meta":{"_monsterinsights_skip_tracking":false,"_monsterinsights_sitenote_active":false,"_monsterinsights_sitenote_note":"","_monsterinsights_sitenote_category":0,"footnotes":""},"categories":[3],"tags":[],"class_list":["post-2552","post","type-post","status-publish","format-standard","hentry","category-ohlasky"],"_links":{"self":[{"href":"https:\/\/www.farnostrana.cz\/index.php?rest_route=\/wp\/v2\/posts\/2552","targetHints":{"allow":["GET"]}}],"collection":[{"href":"https:\/\/www.farnostrana.cz\/index.php?rest_route=\/wp\/v2\/posts"}],"about":[{"href":"https:\/\/www.farnostrana.cz\/index.php?rest_route=\/wp\/v2\/types\/post"}],"author":[{"embeddable":true,"href":"https:\/\/www.farnostrana.cz\/index.php?rest_route=\/wp\/v2\/users\/1"}],"replies":[{"embeddable":true,"href":"https:\/\/www.farnostrana.cz\/index.php?rest_route=%2Fwp%2Fv2%2Fcomments&post=2552"}],"version-history":[{"count":1,"href":"https:\/\/www.farnostrana.cz\/index.php?rest_route=\/wp\/v2\/posts\/2552\/revisions"}],"predecessor-version":[{"id":2553,"href":"https:\/\/www.farnostrana.cz\/index.php?rest_route=\/wp\/v2\/posts\/2552\/revisions\/2553"}],"wp:attachment":[{"href":"https:\/\/www.farnostrana.cz\/index.php?rest_route=%2Fwp%2Fv2%2Fmedia&parent=2552"}],"wp:term":[{"taxonomy":"category","embeddable":true,"href":"https:\/\/www.farnostrana.cz\/index.php?rest_route=%2Fwp%2Fv2%2Fcategories&post=2552"},{"taxonomy":"post_tag","embeddable":true,"href":"https:\/\/www.farnostrana.cz\/index.php?rest_route=%2Fwp%2Fv2%2Ftags&post=2552"}],"curies":[{"name":"wp","href":"https:\/\/api.w.org\/{rel}","templated":true}]}}