{"id":2550,"date":"2026-02-28T20:13:48","date_gmt":"2026-02-28T18:13:48","guid":{"rendered":"https:\/\/www.farnostrana.cz\/?p=2550"},"modified":"2026-02-28T20:14:16","modified_gmt":"2026-02-28T18:14:16","slug":"ohlasky-2-nedele-postni-1-3-2026","status":"publish","type":"post","link":"https:\/\/www.farnostrana.cz\/?p=2550","title":{"rendered":"Ohl\u00e1\u0161ky \u2013 \u00a02. ned\u011ble postn\u00ed 1. 3. 2026"},"content":{"rendered":"\n<p><\/p>\n\n\n\n<ul class=\"wp-block-list\">\n<li><strong>M\u0161e sv.:<\/strong> \n<ul class=\"wp-block-list\">\n<li>V\u00a0p\u00e1tek v\u00a018 h s adorac\u00ed,<\/li>\n\n\n\n<li>v\u00a0ned\u011bli v\u00a09:30 h.<\/li>\n<\/ul>\n<\/li>\n\n\n\n<li><strong>D\u011bkuji v\u0161em<\/strong>, kdo se pod\u00edlelina Ekumenick\u00e9 bohoslu\u017eb\u011b, zvl\u00e1\u0161t\u011b za poho\u0161t\u011bn\u00ed potom v\u00a0Komunitn\u00edm centru!<\/li>\n\n\n\n<li><strong>K\u0159\u00ed\u017eov\u00e9 cesty v\u00a0p\u00e1tek v\u00a017:30 h.<\/strong><\/li>\n\n\n\n<li><strong>Foto<\/strong> zakoupen\u00e9 elektrocentr\u00e1ly na Ukrajin\u011b, na kterou jsme vyb\u00edrali, je na v\u00fdv\u011bsce. Ji\u017e je v\u00a0provozu a rodina moc d\u011bkuje!<\/li>\n\n\n\n<li><strong>P\u0159\u00edprava d\u011bt\u00ed na 1. svat\u00e9 p\u0159ij\u00edm\u00e1n\u00ed za\u010dne v\u00a0ned\u011bli 1.3. v\u00a015 h na Ran\u00e9.<\/strong><\/li>\n\n\n\n<li><strong>P\u0159\u00ed\u0161t\u00ed ned\u011bli se sejde Pastora\u010dn\u00ed rada farnosti v\u00a019 h na fa\u0159e. <\/strong>Podn\u011bty m\u016f\u017eete pos\u00edlat do p\u00e1tku.<\/li>\n\n\n\n<li><strong>Postn\u00ed bro\u017eury<\/strong> ke \u010dten\u00ed si m\u016f\u017eete vz\u00edt na stole\u010dku za p\u0159\u00edsp\u011bvek na tisk.<\/li>\n\n\n\n<li><strong>Sb\u00edrky: <\/strong>\n<ul class=\"wp-block-list\">\n<li>na Hal\u00ed\u0159 svat\u00e9ho Petra jsme vybrali 8\u00a0342 K\u010d,<\/li>\n\n\n\n<li> p\u0159i Tich\u00e9 sb\u00edrce na opravy 9\u00a0847 K\u010d. P\u00e1n B\u016fh zapla\u0165!<\/li>\n<\/ul>\n<\/li>\n\n\n\n<li><strong>V\u00a0p\u00e1tek bude ve Skut\u010di spol\u010do ml\u00e1de\u017ee.<\/strong><\/li>\n\n\n\n<li><strong>Komunitn\u00ed centrum P.F.X.Mimry: <\/strong>p\u0159ipravujeme v\u00fdstavu dom\u00e1c\u00edch k\u0159\u00ed\u017e\u016f na b\u0159ezen. <strong>K\u0159\u00ed\u017ee na v\u00fdstavu m\u016f\u017eete nosit<\/strong> po m\u0161i na faru. P\u0159evezme a zap\u00ed\u0161e Lidka Ad\u00e1mkov\u00e1. V\u00fdstava potrv\u00e1 od 21.3. do 29.3.<\/li>\n\n\n\n<li><strong>Duchovn\u00ed obnovy v\u00a0postn\u00ed dob\u011b<\/strong>:Pro \u017eeny 13. \u2013 15.3. v\u00a0Rokoli.P\u0159ihla\u0161ujte se na stole\u010dku.<\/li>\n\n\n\n<li><strong>Farn\u00ed t\u00e1bor bude od 2. do 8.8. v\u00a0KC Ran\u00e1<\/strong> s\u00a0n\u00e1zvem Olafovy p\u0159\u00edb\u011bhy. P\u0159ihl\u00e1\u0161ky budou brzy.<\/li>\n\n\n\n<li><strong>Katolick\u00fd t\u00fdden\u00edk:<\/strong>\u00a0Vykro\u010dme z povrchnosti; T\u00e9ma: P\u016fst a modlitba; Perspektivy: V\u00e1\u017eit slova p\u011bstovat laskavost; rozhovor s\u00a0biskupem Anton\u00ednem Baslerem; Doma: Bezpe\u010d\u00ed d\u011bt\u00ed.<\/li>\n<\/ul>\n","protected":false},"excerpt":{"rendered":"","protected":false},"author":1,"featured_media":0,"comment_status":"closed","ping_status":"open","sticky":false,"template":"","format":"standard","meta":{"_monsterinsights_skip_tracking":false,"_monsterinsights_sitenote_active":false,"_monsterinsights_sitenote_note":"","_monsterinsights_sitenote_category":0,"footnotes":""},"categories":[3],"tags":[],"class_list":["post-2550","post","type-post","status-publish","format-standard","hentry","category-ohlasky"],"_links":{"self":[{"href":"https:\/\/www.farnostrana.cz\/index.php?rest_route=\/wp\/v2\/posts\/2550","targetHints":{"allow":["GET"]}}],"collection":[{"href":"https:\/\/www.farnostrana.cz\/index.php?rest_route=\/wp\/v2\/posts"}],"about":[{"href":"https:\/\/www.farnostrana.cz\/index.php?rest_route=\/wp\/v2\/types\/post"}],"author":[{"embeddable":true,"href":"https:\/\/www.farnostrana.cz\/index.php?rest_route=\/wp\/v2\/users\/1"}],"replies":[{"embeddable":true,"href":"https:\/\/www.farnostrana.cz\/index.php?rest_route=%2Fwp%2Fv2%2Fcomments&post=2550"}],"version-history":[{"count":1,"href":"https:\/\/www.farnostrana.cz\/index.php?rest_route=\/wp\/v2\/posts\/2550\/revisions"}],"predecessor-version":[{"id":2551,"href":"https:\/\/www.farnostrana.cz\/index.php?rest_route=\/wp\/v2\/posts\/2550\/revisions\/2551"}],"wp:attachment":[{"href":"https:\/\/www.farnostrana.cz\/index.php?rest_route=%2Fwp%2Fv2%2Fmedia&parent=2550"}],"wp:term":[{"taxonomy":"category","embeddable":true,"href":"https:\/\/www.farnostrana.cz\/index.php?rest_route=%2Fwp%2Fv2%2Fcategories&post=2550"},{"taxonomy":"post_tag","embeddable":true,"href":"https:\/\/www.farnostrana.cz\/index.php?rest_route=%2Fwp%2Fv2%2Ftags&post=2550"}],"curies":[{"name":"wp","href":"https:\/\/api.w.org\/{rel}","templated":true}]}}